{"id":147138,"date":"2026-05-26T16:00:14","date_gmt":"2026-05-26T23:00:14","guid":{"rendered":"https:\/\/ovelanalista.com\/?p=147138"},"modified":"2026-05-26T12:14:26","modified_gmt":"2026-05-26T19:14:26","slug":"temporaleros-de-sinaloa-advierten-crisis-por-recorte-en-entrega-de-semilla-para-sorgo","status":"publish","type":"post","link":"https:\/\/ovelanalista.com\/?p=147138","title":{"rendered":"Temporaleros de Sinaloa advierten crisis por recorte en entrega de semilla para sorgo"},"content":{"rendered":"<div class=\"Summary_summary__gpJTn\">\n<p class=\"Typography_text-xl__yFuoP Typography_weight-normal__pqUbH\">El dirigente de la COUC, dijo que miles de familias campesinas dependen exclusivamente de las lluvias para producir alimentos y sostener su econom\u00eda.<\/p>\n<p class=\"Typography_text-l__QLRR8 Typography_weight-bold__uT6mq\"><strong>Mario N\u00fa\u00f1ez<\/strong><\/p>\n<p class=\"Typography_text-default__P3otY Typography_weight-normal__pqUbH Typography_text-default__P3otY Typography_weight-normal__pqUbH\">La reducci\u00f3n en los apoyos para productores de temporal encendi\u00f3 las alertas en las zonas rurales de Sinaloa, luego de que organizaciones campesinas advirtieran que el programa de entrega de semilla para sorgo gavatero tendr\u00e1 una cobertura m\u00ednima frente a las necesidades reales del ciclo agr\u00edcola 2026.<\/p>\n<div id=\"evNotifier\"><\/div>\n<p class=\"Typography_text-default__P3otY Typography_weight-normal__pqUbH Typography_text-default__P3otY Typography_weight-normal__pqUbH\">El secretario general de la Coordinaci\u00f3n Organizadora de la Unidad Campesina,\u00a0<b class=\"bold\">Agust\u00edn Espinoza Laguna<\/b>, inform\u00f3 que para este a\u00f1o apenas se contemplan alrededor de\u00a0<b class=\"bold\">17 mil bolsas de semilla<\/b>, cuando en el estado se siembran aproximadamente\u00a0<b class=\"bold\">200 mil hect\u00e1reas<\/b>\u00a0de sorgo gavatero en zonas de temporal.<\/p>\n<p class=\"Typography_text-default__P3otY Typography_weight-normal__pqUbH Typography_text-default__P3otY Typography_weight-normal__pqUbH\">El dirigente se\u00f1al\u00f3 que miles de familias campesinas dependen exclusivamente de las lluvias para producir alimentos y sostener su econom\u00eda, por lo que advirti\u00f3 que la disminuci\u00f3n de apoyos podr\u00eda agravar las condiciones sociales en comunidades serranas y temporaleras.<\/p>\n<p class=\"Typography_text-default__P3otY Typography_weight-normal__pqUbH Typography_text-default__P3otY Typography_weight-normal__pqUbH\"><i class=\"italic\">\u201cMucha gente est\u00e1 enfrentando una situaci\u00f3n mucho m\u00e1s grave y mucho menos visible\u201d<\/i>, expres\u00f3 al referirse a productores que, asegur\u00f3, han quedado fuera de la discusi\u00f3n p\u00fablica mientras la atenci\u00f3n gubernamental se concentra en la comercializaci\u00f3n del ma\u00edz y los productores de riego.<\/p>\n<p class=\"Typography_text-default__P3otY Typography_weight-normal__pqUbH Typography_text-default__P3otY Typography_weight-normal__pqUbH\"><b class=\"bold\">Agust\u00edn Espinoza Laguna<\/b>\u00a0record\u00f3 que el programa de semilla ya ven\u00eda registrando reducciones desde a\u00f1os anteriores.<\/p>\n<p class=\"Typography_text-default__P3otY Typography_weight-normal__pqUbH Typography_text-default__P3otY Typography_weight-normal__pqUbH\">En ese sentido, detall\u00f3 que en 2024 se entregaron alrededor de\u00a0<b class=\"bold\">50 mil bolsas<\/b>; en 2025 la cifra cay\u00f3 a\u00a0<b class=\"bold\">29 mil<\/b>\u00a0y ahora se proyecta una nueva disminuci\u00f3n hasta\u00a0<b class=\"bold\">17 mil bolsas<\/b>\u00a0para el pr\u00f3ximo ciclo agr\u00edcola.<\/p>\n<p class=\"Typography_text-default__P3otY Typography_weight-normal__pqUbH Typography_text-default__P3otY Typography_weight-normal__pqUbH\">El dirigente afirm\u00f3 que esta tendencia representa una ca\u00edda cercana al\u00a0<b class=\"bold\">40 por ciento<\/b>\u00a0por ejercicio fiscal, situaci\u00f3n que, dijo, podr\u00eda generar inconformidad social entre productores de temporal ante el creciente abandono institucional.<\/p>\n<p class=\"Typography_text-default__P3otY Typography_weight-normal__pqUbH Typography_text-default__P3otY Typography_weight-normal__pqUbH\">Asimismo, el l\u00edder campesino sostuvo que muchas comunidades rurales enfrentan actualmente p\u00e9rdidas de cosechas, aumento de deudas y falta de recursos para volver a sembrar. Indic\u00f3 que, sin apoyos suficientes, miles de productores tendr\u00e1n que asumir solos los costos de producci\u00f3n en medio de un escenario econ\u00f3mico cada vez m\u00e1s complicado.<\/p>\n<p class=\"Typography_text-default__P3otY Typography_weight-normal__pqUbH Typography_text-default__P3otY Typography_weight-normal__pqUbH\"><b class=\"bold\">Agust\u00edn Espinoza Laguna<\/b>\u00a0se\u00f1al\u00f3 que el problema ya no solo impacta al sector agr\u00edcola, sino tambi\u00e9n a la estabilidad econ\u00f3mica y social de numerosas comunidades rurales, debido a que la falta de respaldo afecta la alimentaci\u00f3n de las familias, el comercio local y la permanencia de habitantes en sus pueblos.<\/p>\n<p class=\"Typography_text-default__P3otY Typography_weight-normal__pqUbH Typography_text-default__P3otY Typography_weight-normal__pqUbH\"><i class=\"italic\">\u201cQue no hagan ruido no significa que no exista desesperaci\u00f3n\u201d<\/i>, advirti\u00f3.<\/p>\n<p class=\"Typography_text-default__P3otY Typography_weight-normal__pqUbH Typography_text-default__P3otY Typography_weight-normal__pqUbH\">El dirigente de la\u00a0<b class=\"bold\">COUC<\/b>\u00a0aclar\u00f3 que el llamado no pretende confrontar a productores de riego y de temporal, sino exigir pol\u00edticas p\u00fablicas m\u00e1s equilibradas para el campo sinaloense. Reconoci\u00f3 que el sector maicero atraviesa dificultades importantes, aunque insisti\u00f3 en que las condiciones para quienes dependen \u00fanicamente de las lluvias son todav\u00eda m\u00e1s vulnerables.<\/p>\n<p class=\"Typography_text-default__P3otY Typography_weight-normal__pqUbH Typography_text-default__P3otY Typography_weight-normal__pqUbH\">Finalmente, alert\u00f3 que Sinaloa podr\u00eda profundizar el abandono de sus zonas rurales si no se fortalecen los programas dirigidos al temporal.<\/p>\n<p class=\"Typography_text-default__P3otY Typography_weight-normal__pqUbH Typography_text-default__P3otY Typography_weight-normal__pqUbH\"><i class=\"italic\">\u201cMientras una parte del estado discute rentabilidad, en otra parte lo que se est\u00e1 perdiendo es la posibilidad misma de seguir viviendo de la tierra\u201d<\/i>, concluy\u00f3.<\/p>\n<p>Con informaci\u00f3n de El Sol de Sinaloa<\/p>\n<\/div>\n","protected":false},"excerpt":{"rendered":"<p>El dirigente de la COUC, dijo que miles de familias campesinas dependen exclusivamente de las lluvias para producir alimentos y sostener su econom\u00eda. Mario N\u00fa\u00f1ez La reducci\u00f3n en los apoyos para productores de temporal encendi\u00f3 las alertas en las zonas rurales de Sinaloa, luego de que organizaciones campesinas advirtieran que el programa de entrega de semilla para sorgo gavatero tendr\u00e1 una cobertura m\u00ednima frente a las necesidades reales del ciclo agr\u00edcola 2026. El secretario general de la Coordinaci\u00f3n Organizadora de la Unidad Campesina,\u00a0Agust\u00edn Espinoza Laguna, inform\u00f3 que para este a\u00f1o apenas se contemplan alrededor de\u00a017 mil bolsas de semilla, cuando [&hellip;]<\/p>\n","protected":false},"author":3,"featured_media":147145,"comment_status":"open","ping_status":"open","sticky":false,"template":"","format":"standard","meta":{"_jetpack_newsletter_access":"","_jetpack_dont_email_post_to_subs":false,"_jetpack_newsletter_tier_id":0,"_jetpack_memberships_contains_paywalled_content":false,"_jetpack_feature_clip_id":0,"_jetpack_memberships_contains_paid_content":false,"footnotes":"","jetpack_publicize_message":"","jetpack_publicize_feature_enabled":true,"jetpack_social_post_already_shared":true,"jetpack_social_options":{"image_generator_settings":{"template":"highway","default_image_id":0,"font":"","enabled":false},"version":2},"jetpack_post_was_ever_published":false},"categories":[90],"tags":[],"class_list":["post-147138","post","type-post","status-publish","format-standard","has-post-thumbnail","hentry","category-estatal","post--single"],"jetpack_publicize_connections":[],"jetpack_featured_media_url":"https:\/\/ovelanalista.com\/wp-content\/uploads\/2026\/05\/image-1-1.webp","jetpack_sharing_enabled":true,"_links":{"self":[{"href":"https:\/\/ovelanalista.com\/index.php?rest_route=\/wp\/v2\/posts\/147138","targetHints":{"allow":["GET"]}}],"collection":[{"href":"https:\/\/ovelanalista.com\/index.php?rest_route=\/wp\/v2\/posts"}],"about":[{"href":"https:\/\/ovelanalista.com\/index.php?rest_route=\/wp\/v2\/types\/post"}],"author":[{"embeddable":true,"href":"https:\/\/ovelanalista.com\/index.php?rest_route=\/wp\/v2\/users\/3"}],"replies":[{"embeddable":true,"href":"https:\/\/ovelanalista.com\/index.php?rest_route=%2Fwp%2Fv2%2Fcomments&post=147138"}],"version-history":[{"count":1,"href":"https:\/\/ovelanalista.com\/index.php?rest_route=\/wp\/v2\/posts\/147138\/revisions"}],"predecessor-version":[{"id":147146,"href":"https:\/\/ovelanalista.com\/index.php?rest_route=\/wp\/v2\/posts\/147138\/revisions\/147146"}],"wp:featuredmedia":[{"embeddable":true,"href":"https:\/\/ovelanalista.com\/index.php?rest_route=\/wp\/v2\/media\/147145"}],"wp:attachment":[{"href":"https:\/\/ovelanalista.com\/index.php?rest_route=%2Fwp%2Fv2%2Fmedia&parent=147138"}],"wp:term":[{"taxonomy":"category","embeddable":true,"href":"https:\/\/ovelanalista.com\/index.php?rest_route=%2Fwp%2Fv2%2Fcategories&post=147138"},{"taxonomy":"post_tag","embeddable":true,"href":"https:\/\/ovelanalista.com\/index.php?rest_route=%2Fwp%2Fv2%2Ftags&post=147138"}],"curies":[{"name":"wp","href":"https:\/\/api.w.org\/{rel}","templated":true}]}}