{"id":147139,"date":"2026-05-26T17:00:32","date_gmt":"2026-05-27T00:00:32","guid":{"rendered":"https:\/\/ovelanalista.com\/?p=147139"},"modified":"2026-05-26T12:16:21","modified_gmt":"2026-05-26T19:16:21","slug":"sheinbaum-ve-muy-interesante-la-reflexion-humanista-de-leon-xiv-sobre-ia","status":"publish","type":"post","link":"https:\/\/ovelanalista.com\/?p=147139","title":{"rendered":"Sheinbaum ve \u201cmuy interesante\u201d la reflexi\u00f3n \u201chumanista\u201d de Le\u00f3n XIV sobre IA"},"content":{"rendered":"<p>La presidenta Sheinbaum dijo que vale \u201cmucho la pena\u201d leer la primera enc\u00edclica de Le\u00f3n XIV \u201csea uno cat\u00f3lico o no\u201d.<\/p>\n<p class=\"p1\">La presidenta\u00a0<a href=\"https:\/\/x.com\/Claudiashein\" target=\"_blank\" rel=\"noreferrer noopener\"><span class=\"s1\"><b>Claudia<\/b><\/span><\/a><b>\u00a0Sheinbaum Pardo\u00a0<\/b>afirm\u00f3 que es \u201cmuy interesante\u201d la\u00a0<strong>reflexi\u00f3n \u201chumanista\u201d<\/strong>\u00a0sobre la\u00a0<strong>inteligencia artificial<\/strong>\u00a0que hace\u00a0<strong>Le\u00f3n XIV<\/strong>\u00a0en su<a href=\"https:\/\/www.vatican.va\/content\/leo-xiv\/es\/encyclicals\/documents\/20260515-magnifica-humanitas.html\" target=\"_blank\" rel=\"noopener noreferrer\"><strong>\u00a0primera enc\u00edclica<\/strong><\/a>, donde el papa sostiene que tiene \u201cque ser desarmada\u201d de las \u201cl\u00f3gicas que la transforman en dominio, exclusi\u00f3n y muerte\u201d.<\/p>\n<p>\u201cMuy interesante y adem\u00e1s su reflexi\u00f3n humanista al final. De que no nos dejemos llevar solamente por el uso de la tecnolog\u00eda, sino nos cuestionemos, regulemos y pensemos en el futuro de la humanidad\u201d, declar\u00f3 la mandataria en su conferencia de prensa diaria al ser cuestionada por la enc\u00edclica papal \u2018Magnifica Humanitas\u2019.<\/p>\n<p>Sheinbaum Pardo dijo que vale \u201cmucho la pena\u201d leer el documento \u201csea uno cat\u00f3lico o no\u201d y destac\u00f3 la visi\u00f3n de Le\u00f3n XIV de \u201ccercan\u00eda con los m\u00e1s pobres\u201d.<\/p>\n<p>A\u00f1adi\u00f3, asimismo, que el papa presenta cuestiones como qui\u00e9n detenta las redes sociales o qui\u00e9n genera el algoritmo, al tiempo que calific\u00f3 de \u201cexcepcional\u201d el t\u00edtulo de la primera enc\u00edclica (Grandiosa Humanidad) \u201cpara nosotros que somos humanistas\u201d.<\/p>\n<p>\u201cEs muy interesante porque no solo habla de la importancia de la regulaci\u00f3n de la inteligencia artificial, sino que dice por qui\u00e9n est\u00e1 controlada\u201d, subray\u00f3.<\/p>\n<p>La mandataria ley\u00f3 algunos p\u00e1rrafos del documento y a\u00f1adi\u00f3 que son cuestiones que se tienen que tratar para debatir \u201cqu\u00e9 tenemos que hacer desde M\u00e9xico\u201d.<\/p>\n<p>En su enc\u00edclica, Le\u00f3n XIV explic\u00f3 que la inteligencia artificial \u201cest\u00e1 cambiando muchos aspectos de nuestra vida\u201d y est\u00e1 \u201cfuertemente tambi\u00e9n cambiando el modo en el que se est\u00e1n llevando a cabo los conflictos\u201d, por lo que explic\u00f3 que se sent\u00eda \u201cresponsable\u201d de dar la visi\u00f3n de la Iglesia sobre ese tema.<\/p>\n<div id=\"ros-inread-multiple-iyhp5e\" class=\"ad-container dfp-ad-unit ad-inread ad-slot\" data-ad-type=\"inreadbox\" data-slot=\"inread-multiple\" data-ad-loaded=\"1\" data-ad-setup=\"{&quot;postID&quot;:1787860,&quot;canRefresh&quot;:false,&quot;infinitescroll&quot;:false}\" data-google-query-id=\"COXigo_V15QDFQZGCAQdzkklSA\"><\/div>\n<div data-ad-type=\"inreadbox\" data-slot=\"inread-multiple\" data-ad-loaded=\"1\" data-ad-setup=\"{&quot;postID&quot;:1787860,&quot;canRefresh&quot;:false,&quot;infinitescroll&quot;:false}\" data-google-query-id=\"COXigo_V15QDFQZGCAQdzkklSA\">\n<p>La mandataria mexicana ha invitado al papa Le\u00f3n XIV a visitar M\u00e9xico en 2026.<\/p>\n<p>Con informaci\u00f3n de EFE<\/p>\n<\/div>\n","protected":false},"excerpt":{"rendered":"<p>La presidenta Sheinbaum dijo que vale \u201cmucho la pena\u201d leer la primera enc\u00edclica de Le\u00f3n XIV \u201csea uno cat\u00f3lico o no\u201d. La presidenta\u00a0Claudia\u00a0Sheinbaum Pardo\u00a0afirm\u00f3 que es \u201cmuy interesante\u201d la\u00a0reflexi\u00f3n \u201chumanista\u201d\u00a0sobre la\u00a0inteligencia artificial\u00a0que hace\u00a0Le\u00f3n XIV\u00a0en su\u00a0primera enc\u00edclica, donde el papa sostiene que tiene \u201cque ser desarmada\u201d de las \u201cl\u00f3gicas que la transforman en dominio, exclusi\u00f3n y muerte\u201d. \u201cMuy interesante y adem\u00e1s su reflexi\u00f3n humanista al final. De que no nos dejemos llevar solamente por el uso de la tecnolog\u00eda, sino nos cuestionemos, regulemos y pensemos en el futuro de la humanidad\u201d, declar\u00f3 la mandataria en su conferencia de prensa diaria al [&hellip;]<\/p>\n","protected":false},"author":3,"featured_media":147147,"comment_status":"open","ping_status":"open","sticky":false,"template":"","format":"standard","meta":{"_jetpack_newsletter_access":"","_jetpack_dont_email_post_to_subs":false,"_jetpack_newsletter_tier_id":0,"_jetpack_memberships_contains_paywalled_content":false,"_jetpack_feature_clip_id":0,"_jetpack_memberships_contains_paid_content":false,"footnotes":"","jetpack_publicize_message":"","jetpack_publicize_feature_enabled":true,"jetpack_social_post_already_shared":true,"jetpack_social_options":{"image_generator_settings":{"template":"highway","default_image_id":0,"font":"","enabled":false},"version":2},"jetpack_post_was_ever_published":false},"categories":[75],"tags":[],"class_list":["post-147139","post","type-post","status-publish","format-standard","has-post-thumbnail","hentry","category-nacional","post--single"],"jetpack_publicize_connections":[],"jetpack_featured_media_url":"https:\/\/ovelanalista.com\/wp-content\/uploads\/2026\/05\/sheinbaum-primera-enciclica-leon-xiv.jpg","jetpack_sharing_enabled":true,"_links":{"self":[{"href":"https:\/\/ovelanalista.com\/index.php?rest_route=\/wp\/v2\/posts\/147139","targetHints":{"allow":["GET"]}}],"collection":[{"href":"https:\/\/ovelanalista.com\/index.php?rest_route=\/wp\/v2\/posts"}],"about":[{"href":"https:\/\/ovelanalista.com\/index.php?rest_route=\/wp\/v2\/types\/post"}],"author":[{"embeddable":true,"href":"https:\/\/ovelanalista.com\/index.php?rest_route=\/wp\/v2\/users\/3"}],"replies":[{"embeddable":true,"href":"https:\/\/ovelanalista.com\/index.php?rest_route=%2Fwp%2Fv2%2Fcomments&post=147139"}],"version-history":[{"count":1,"href":"https:\/\/ovelanalista.com\/index.php?rest_route=\/wp\/v2\/posts\/147139\/revisions"}],"predecessor-version":[{"id":147148,"href":"https:\/\/ovelanalista.com\/index.php?rest_route=\/wp\/v2\/posts\/147139\/revisions\/147148"}],"wp:featuredmedia":[{"embeddable":true,"href":"https:\/\/ovelanalista.com\/index.php?rest_route=\/wp\/v2\/media\/147147"}],"wp:attachment":[{"href":"https:\/\/ovelanalista.com\/index.php?rest_route=%2Fwp%2Fv2%2Fmedia&parent=147139"}],"wp:term":[{"taxonomy":"category","embeddable":true,"href":"https:\/\/ovelanalista.com\/index.php?rest_route=%2Fwp%2Fv2%2Fcategories&post=147139"},{"taxonomy":"post_tag","embeddable":true,"href":"https:\/\/ovelanalista.com\/index.php?rest_route=%2Fwp%2Fv2%2Ftags&post=147139"}],"curies":[{"name":"wp","href":"https:\/\/api.w.org\/{rel}","templated":true}]}}