{"id":147152,"date":"2026-05-26T15:28:49","date_gmt":"2026-05-26T22:28:49","guid":{"rendered":"https:\/\/ovelanalista.com\/?p=147152"},"modified":"2026-05-26T15:28:49","modified_gmt":"2026-05-26T22:28:49","slug":"rocha-moya-la-verdad-prevalecera-tras-declarar-ante-la-fgr-en-culiacan","status":"publish","type":"post","link":"https:\/\/ovelanalista.com\/?p=147152","title":{"rendered":"Rocha Moya: \u201cLa verdad prevalecer\u00e1\u201d, tras declarar ante la FGR en Culiac\u00e1n"},"content":{"rendered":"\n<p class=\"wp-block-paragraph\"><\/p>\n\n\n\n<p class=\"wp-block-paragraph\">El gobernador de Sinaloa, Rub\u00e9n Rocha Moya, inform\u00f3 este d\u00eda que compareci\u00f3 ante la Fiscal\u00eda General de la Rep\u00fablica (FGR) en su sede de Culiac\u00e1n, donde respondi\u00f3 a los cuestionamientos realizados por una agente del Ministerio P\u00fablico Federal.<\/p>\n\n\n\n<p class=\"wp-block-paragraph\">A trav\u00e9s de un mensaje p\u00fablico difundido en redes sociales, el mandatario estatal afirm\u00f3 que mantendr\u00e1 disposici\u00f3n total para acudir a cualquier llamado de la autoridad investigadora cuando as\u00ed se le requiera.<\/p>\n\n\n\n<p class=\"wp-block-paragraph\">Rocha Moya se\u00f1al\u00f3 que conf\u00eda en el sistema judicial mexicano y en las instituciones encargadas de impartir justicia, destacando que continuar\u00e1 colaborando con las autoridades para el esclarecimiento de los hechos relacionados con las investigaciones en curso.<\/p>\n\n\n\n<p class=\"wp-block-paragraph\">Asimismo, expres\u00f3 que seguir\u00e1 defendiendo su postura \u201ccon la frente en alto\u201d y reiter\u00f3 su respaldo al proyecto de la Cuarta Transformaci\u00f3n y al liderazgo de la presidenta de M\u00e9xico.<\/p>\n","protected":false},"excerpt":{"rendered":"<p>El gobernador de Sinaloa, Rub\u00e9n Rocha Moya, inform\u00f3 este d\u00eda que compareci\u00f3 ante la Fiscal\u00eda General de la Rep\u00fablica (FGR) en su sede de Culiac\u00e1n, donde respondi\u00f3 a los cuestionamientos realizados por una agente del Ministerio P\u00fablico Federal. A trav\u00e9s de un mensaje p\u00fablico difundido en redes sociales, el mandatario estatal afirm\u00f3 que mantendr\u00e1 disposici\u00f3n total para acudir a cualquier llamado de la autoridad investigadora cuando as\u00ed se le requiera. Rocha Moya se\u00f1al\u00f3 que conf\u00eda en el sistema judicial mexicano y en las instituciones encargadas de impartir justicia, destacando que continuar\u00e1 colaborando con las autoridades para el esclarecimiento de los [&hellip;]<\/p>\n","protected":false},"author":3,"featured_media":147151,"comment_status":"closed","ping_status":"open","sticky":false,"template":"","format":"standard","meta":{"_jetpack_newsletter_access":"","_jetpack_dont_email_post_to_subs":false,"_jetpack_newsletter_tier_id":0,"_jetpack_memberships_contains_paywalled_content":false,"_jetpack_feature_clip_id":0,"_jetpack_memberships_contains_paid_content":false,"footnotes":"","jetpack_publicize_message":"Rocha Moya: \u201cLa verdad prevalecer\u00e1\u201d, tras declarar ante la FGR en Culiac\u00e1n","jetpack_publicize_feature_enabled":true,"jetpack_social_post_already_shared":true,"jetpack_social_options":{"image_generator_settings":{"template":"highway","default_image_id":0,"font":"","enabled":false},"version":2},"jetpack_post_was_ever_published":false},"categories":[90,75,72],"tags":[],"class_list":["post-147152","post","type-post","status-publish","format-standard","has-post-thumbnail","hentry","category-estatal","category-nacional","category-portada","post--single"],"jetpack_publicize_connections":[],"jetpack_featured_media_url":"https:\/\/ovelanalista.com\/wp-content\/uploads\/2026\/05\/a82ad4d7-55e9-457f-ad3d-eac4b7ba4ee2.jpg","jetpack_sharing_enabled":true,"_links":{"self":[{"href":"https:\/\/ovelanalista.com\/index.php?rest_route=\/wp\/v2\/posts\/147152","targetHints":{"allow":["GET"]}}],"collection":[{"href":"https:\/\/ovelanalista.com\/index.php?rest_route=\/wp\/v2\/posts"}],"about":[{"href":"https:\/\/ovelanalista.com\/index.php?rest_route=\/wp\/v2\/types\/post"}],"author":[{"embeddable":true,"href":"https:\/\/ovelanalista.com\/index.php?rest_route=\/wp\/v2\/users\/3"}],"replies":[{"embeddable":true,"href":"https:\/\/ovelanalista.com\/index.php?rest_route=%2Fwp%2Fv2%2Fcomments&post=147152"}],"version-history":[{"count":1,"href":"https:\/\/ovelanalista.com\/index.php?rest_route=\/wp\/v2\/posts\/147152\/revisions"}],"predecessor-version":[{"id":147153,"href":"https:\/\/ovelanalista.com\/index.php?rest_route=\/wp\/v2\/posts\/147152\/revisions\/147153"}],"wp:featuredmedia":[{"embeddable":true,"href":"https:\/\/ovelanalista.com\/index.php?rest_route=\/wp\/v2\/media\/147151"}],"wp:attachment":[{"href":"https:\/\/ovelanalista.com\/index.php?rest_route=%2Fwp%2Fv2%2Fmedia&parent=147152"}],"wp:term":[{"taxonomy":"category","embeddable":true,"href":"https:\/\/ovelanalista.com\/index.php?rest_route=%2Fwp%2Fv2%2Fcategories&post=147152"},{"taxonomy":"post_tag","embeddable":true,"href":"https:\/\/ovelanalista.com\/index.php?rest_route=%2Fwp%2Fv2%2Ftags&post=147152"}],"curies":[{"name":"wp","href":"https:\/\/api.w.org\/{rel}","templated":true}]}}