{"id":147154,"date":"2026-05-26T21:14:04","date_gmt":"2026-05-27T04:14:04","guid":{"rendered":"https:\/\/ovelanalista.com\/?p=147154"},"modified":"2026-05-26T21:14:04","modified_gmt":"2026-05-27T04:14:04","slug":"el-fuero-al-junior-y-la-advertencia-del-pan","status":"publish","type":"post","link":"https:\/\/ovelanalista.com\/?p=147154","title":{"rendered":"El fuero al junior y la advertencia del PAN"},"content":{"rendered":"<p class=\"x_ydpf79b28c5MsoNormal\"><strong>Francisco Garfias.<\/strong><\/p>\n<p class=\"x_ydpf79b28c5MsoNormal\">La decisi\u00f3n de darle fuero a Andy\u00a0\u00a0L\u00f3pez Beltr\u00e1n no es improvisada. Se tom\u00f3 hace meses. El \u201cjunior baquet\u00f3n\u201d -como lo llam\u00f3 ayer el diputado del PRI, Rub\u00e9n Moreira\u2014 fue la nota pol\u00edtica de ayer.<\/p>\n<p class=\"x_ydpf79b28c5MsoNormal\">En este espacio escribimos, el 3 de febrero pasado, que el hijo de AMLO dejar\u00eda la secretar\u00eda\u00a0\u00a0de organizaci\u00f3n de Morena para buscar una diputaci\u00f3n federal por Tabasco. (<a title=\"https:\/\/share.google\/tBP8pZiyGYBefuJXa\" href=\"https:\/\/share.google\/tBP8pZiyGYBefuJXa\" target=\"_blank\" rel=\"nofollow noopener noreferrer\" data-auth=\"NotApplicable\" data-linkindex=\"0\">https:\/\/share.google\/tBP8pZiyGYBefuJXa<\/a>)<\/p>\n<p class=\"x_ydpf79b28c5MsoNormal\">Se hablaba entonces de ajustes internos rumbo a las elecciones del 2027, broncas con Luisa Mar\u00eda Alcalde, ex dirigente de Morena, y de roces por el control del\u00a0\u00a0partido y las candidaturas.<\/p>\n<p class=\"x_ydpf79b28c5MsoNormal\">Escribimos tambi\u00e9n que Citlalli Hern\u00e1ndez llegar\u00eda en su lugar. La ex secretaria de la mujer es hoy la Presidenta Nacional\u00a0\u00a0de Elecciones de Morena y desempe\u00f1a funciones que le corresponden a la secretar\u00eda de organizaci\u00f3n del partido.<\/p>\n<p class=\"x_ydpf79b28c5MsoNormal\">La informaci\u00f3n nos fue proporcionada entonces por fuentes bien informadas de Morena.<\/p>\n<p class=\"x_ydpf79b28c5MsoNormal\">La salida de L\u00f3pez Beltr\u00e1n se produce en medio de especulaciones fuertes sobre posibles investigaciones de Estados Unidos contra pol\u00edticos mexicanos, por presuntos nexos con el narco.<\/p>\n<p class=\"x_ydpf79b28c5MsoNormal\">***<\/p>\n<div>En su carta de renuncia, Andy presume haber incrementado en 10 millones de afiliados el padr\u00f3n de\u00a0\u00a0militantes y credencializado a cerca de 7 millones de ellos.<\/div>\n<p class=\"x_ydpf79b28c5mb-3\">Pero tambi\u00e9n haber establecido Comit\u00e9s Seccionales de su partido en 69,396 secciones electorales. \u201cEsto corresponde al 97 % de las secciones electorales existentes en el pa\u00eds\u201d, presumi\u00f3.<\/p>\n<p class=\"x_ydpf79b28c5mb-3\">\u201cGracias a estas acciones, hoy podemos afirmar con orgullo que nuestro partido es la organizaci\u00f3n pol\u00edtica m\u00e1s grande en la historia de M\u00e9xico y una de las m\u00e1s grandes del mundo. Pero, sobre todo, una de las m\u00e1s organizadas\u201d, a\u00f1adi\u00f3.<\/p>\n<p class=\"x_ydpf79b28c5mb-3\">De lo que nada dijo el junior fue de su fracaso en Durango como estratega electoral; tampoco de sus viajes sin transparencia (Jap\u00f3n); ni de su tr\u00e1fico de infuencias y los contratos a sus amigos.<\/p>\n<p class=\"x_ydpf79b28c5MsoNormal\">***<\/p>\n<p class=\"x_ydpf79b28c5MsoNormal\">Su salida y el anuncio de que buscar\u00e1 una diputaci\u00f3n federal produjo una cascada de reacciones.<\/p>\n<p class=\"x_ydpf79b28c5MsoNormal\">El senador Ad\u00e1n Augusto L\u00f3pez lo apapach\u00f3. Pronostic\u00f3 que el junior va a ganar \u201ccaminando\u201d la elecci\u00f3n de diputados y hasta se ofreci\u00f3 para coordinar su campa\u00f1a. \u201cSi me invita, con mucho gusto\u201d, dijo.<\/p>\n<p class=\"x_ydpf79b28c5MsoNormal\">Tambi\u00e9n la dirigente nacional de Morena, Ariadna Montiel, le ech\u00f3 porras en un mensaje en redes sociales, en el que destac\u00f3 su trabajo, esfuerzo y dedicaci\u00f3n para fortalecer la base militante de Morena.<\/p>\n<p class=\"x_ydpf79b28c5MsoNormal\">\u201cEstoy segura de que vienen nuevos retos y grandes logros para ti. M\u00e1s all\u00e1 de las responsabilidades, me quedo siempre con tu<span class=\"x_ydpf79b28c5apple-converted-space\">\u00a0<\/span>amistad, la confianza y el compa\u00f1erismo construidos a lo largo del camino\u201d,\u00a0subray\u00f3.<\/p>\n<p class=\"x_ydpf79b28c5MsoNormal\">El tono fue de iron\u00eda en las filas de la oposici\u00f3n.<\/p>\n<p class=\"x_ydpf79b28c5MsoNormal\">\u201cHasta nos da un poquito de pena que se vaya. Nos encantar\u00edan m\u00e1s de esas palizas (electorales)\u00a0\u00a0en donde Morena queda en cuarto lugar\u201d, dijo mordaz, Jorge Romero, jefe nacional del PAN.<\/p>\n<p class=\"x_ydpf79b28c5MsoListBulletCxSpLast\">Y m\u00e1s adelante: \u201ces una muestra m\u00e1s del derrumbe de esa cosa, de ese castillo vac\u00edo llamado Morena\u2026\u201d<\/p>\n<p class=\"x_ydpf79b28c5MsoNormal\">Rub\u00e9n Moreira, coordinador de la bancada del PRI en S\u00e1n L\u00e1zaro, no se qued\u00f3 atr\u00e1s en el sarcasmo.<\/p>\n<p class=\"x_ydpf79b28c5MsoNormal\">\u201cSuena como una patada all\u00ed donde usted est\u00e1 pensando. Le dijeron \u00b4ya no estorbes\u2019. Creo que se ha convertido en un personaje inc\u00f3modo para\u00a0\u00a0Morena.<\/p>\n<p class=\"x_ydpf79b28c5MsoNormal\">\u201c\u00c9l y otros personajes del pasado deber\u00edan ya dejar gobernar a la presidenta. La estorban\u2026 adem\u00e1s tiene que soportar a esos juniors baquetones, que son los hijos del hechicero de Macuspana\u201d, puntualiz\u00f3.<\/p>\n<p class=\"x_ydpf79b28c5MsoNormal\">La renuncia llega justo antes de las elecciones en Coahuila, donde tambi\u00e9n operaba el junior, lo que PRI y PAN interpretaron como una forma de evitar \u201cotra derrota.\u201d<\/p>\n<p class=\"x_ydpf79b28c5MsoNormal\">El CEN del PRI subi\u00f3 un comunicado en ese sentido:<\/p>\n<p class=\"x_ydpf79b28c5MsoNormal\">\u201cEs curioso que Andy L\u00f3pez Beltr\u00e1n renunciara d\u00edas antes de la elecci\u00f3n en Coahuila. Al parecer no quiere \u201cmanchar\u201d su trayectoria pol\u00edtica con otra derrota como la de Durango.\u201d<\/p>\n<p class=\"x_ydpf79b28c5MsoNormal\">En las elecciones del 2025 en Durango, Morena perdi\u00f3 la capital y la coalici\u00f3n opositora gan\u00f3 20 de los 39 municipios.<\/p>\n<p class=\"x_ydpf79b28c5MsoNormal\">Andy era el principal operador y estratega del guinda en esos comicios.<\/p>\n<p class=\"x_ydpf79b28c5MsoNormal\">***<\/p>\n<p class=\"x_ydpf79b28c5MsoNormal\">La plana mayor del azul convoc\u00f3 ayer a conferencia de prensa para advertir que si se meten con Maru Campos, se meten con todo el Partido Acci\u00f3n Nacional.<\/p>\n<p class=\"x_ydpf79b28c5MsoNormal\">La gobernadora de Chihuahua fue citada a comparecer por la FGR el mi\u00e9rcoles, en sus instalaciones de Ciudad Ju\u00e1rez. Va en calidad de testigo por el caso de los agentes de la CIA que participaron en el desmantelamiento de un narcolaboratorio en la Sierra Tarahumara.<\/p>\n<p class=\"x_ydpf79b28c5MsoNormal\">\u201cSi tocan a Maru nos vamos a volver locos\u201d, advirti\u00f3 el ya citado Jorge Romero.<\/p>\n<p class=\"x_ydpf79b28c5MsoNormal\">Interrogado sobre el significado de \u201cvolverse locos\u201d, respondi\u00f3:<\/p>\n<p class=\"x_ydpf79b28c5MsoNormal\">\u201cSignifica que no la vamos a dejar pasar. Tenemos que volcarnos a las calles; tenemos que hacer huelgas; tenemos que ir a clausurar simb\u00f3licamente; tenemos que sacar todo el manual de resistencia c\u00edvica\u201d, puntualiz\u00f3.<\/p>\n<div class=\"scriptlesssocialsharing\"><\/div>\n","protected":false},"excerpt":{"rendered":"<p>Francisco Garfias. La decisi\u00f3n de darle fuero a Andy\u00a0\u00a0L\u00f3pez Beltr\u00e1n no es improvisada. Se tom\u00f3 hace meses. El \u201cjunior baquet\u00f3n\u201d -como lo llam\u00f3 ayer el diputado del PRI, Rub\u00e9n Moreira\u2014 fue la nota pol\u00edtica de ayer. En este espacio escribimos, el 3 de febrero pasado, que el hijo de AMLO dejar\u00eda la secretar\u00eda\u00a0\u00a0de organizaci\u00f3n de Morena para buscar una diputaci\u00f3n federal por Tabasco. (https:\/\/share.google\/tBP8pZiyGYBefuJXa) Se hablaba entonces de ajustes internos rumbo a las elecciones del 2027, broncas con Luisa Mar\u00eda Alcalde, ex dirigente de Morena, y de roces por el control del\u00a0\u00a0partido y las candidaturas. Escribimos tambi\u00e9n que Citlalli Hern\u00e1ndez [&hellip;]<\/p>\n","protected":false},"author":3,"featured_media":104284,"comment_status":"open","ping_status":"open","sticky":false,"template":"","format":"standard","meta":{"_jetpack_newsletter_access":"","_jetpack_dont_email_post_to_subs":false,"_jetpack_newsletter_tier_id":0,"_jetpack_memberships_contains_paywalled_content":false,"_jetpack_feature_clip_id":0,"_jetpack_memberships_contains_paid_content":false,"footnotes":"","jetpack_publicize_message":"","jetpack_publicize_feature_enabled":true,"jetpack_social_post_already_shared":true,"jetpack_social_options":{"image_generator_settings":{"template":"highway","default_image_id":0,"font":"","enabled":false},"version":2},"jetpack_post_was_ever_published":false},"categories":[79],"tags":[],"class_list":["post-147154","post","type-post","status-publish","format-standard","has-post-thumbnail","hentry","category-columnistas-nacionales","post--single"],"jetpack_publicize_connections":[],"jetpack_featured_media_url":"https:\/\/ovelanalista.com\/wp-content\/uploads\/2024\/09\/Garfias-5-2.jpg","jetpack_sharing_enabled":true,"_links":{"self":[{"href":"https:\/\/ovelanalista.com\/index.php?rest_route=\/wp\/v2\/posts\/147154","targetHints":{"allow":["GET"]}}],"collection":[{"href":"https:\/\/ovelanalista.com\/index.php?rest_route=\/wp\/v2\/posts"}],"about":[{"href":"https:\/\/ovelanalista.com\/index.php?rest_route=\/wp\/v2\/types\/post"}],"author":[{"embeddable":true,"href":"https:\/\/ovelanalista.com\/index.php?rest_route=\/wp\/v2\/users\/3"}],"replies":[{"embeddable":true,"href":"https:\/\/ovelanalista.com\/index.php?rest_route=%2Fwp%2Fv2%2Fcomments&post=147154"}],"version-history":[{"count":1,"href":"https:\/\/ovelanalista.com\/index.php?rest_route=\/wp\/v2\/posts\/147154\/revisions"}],"predecessor-version":[{"id":147156,"href":"https:\/\/ovelanalista.com\/index.php?rest_route=\/wp\/v2\/posts\/147154\/revisions\/147156"}],"wp:featuredmedia":[{"embeddable":true,"href":"https:\/\/ovelanalista.com\/index.php?rest_route=\/wp\/v2\/media\/104284"}],"wp:attachment":[{"href":"https:\/\/ovelanalista.com\/index.php?rest_route=%2Fwp%2Fv2%2Fmedia&parent=147154"}],"wp:term":[{"taxonomy":"category","embeddable":true,"href":"https:\/\/ovelanalista.com\/index.php?rest_route=%2Fwp%2Fv2%2Fcategories&post=147154"},{"taxonomy":"post_tag","embeddable":true,"href":"https:\/\/ovelanalista.com\/index.php?rest_route=%2Fwp%2Fv2%2Ftags&post=147154"}],"curies":[{"name":"wp","href":"https:\/\/api.w.org\/{rel}","templated":true}]}}