{"id":147158,"date":"2026-05-27T10:30:19","date_gmt":"2026-05-27T17:30:19","guid":{"rendered":"https:\/\/ovelanalista.com\/?p=147158"},"modified":"2026-05-27T09:24:28","modified_gmt":"2026-05-27T16:24:28","slug":"caso-sinaloa-comparecen-en-fgr-rocha-moya-inzunza-y-otros-6-acusados-por-eu","status":"publish","type":"post","link":"https:\/\/ovelanalista.com\/?p=147158","title":{"rendered":"Caso Sinaloa: Comparecen en FGR Rocha Moya, Inzunza y otros 6 acusados por EU"},"content":{"rendered":"<h2 class=\"c-heading b-subheadline\">Rocha Moya, Inzunza y los dem\u00e1s funcionarios negaron nexos con el C\u00e1rtel de Sinaloa y el gobernador con licencia destac\u00f3 la lucha de Claudia Sheinbaum por el respeto a la soberan\u00eda.<\/h2>\n<p><strong><span class=\"b-byline__by\">Por<\/span>\u00a0<span class=\"b-byline__names\">David Sa\u00fal Vela<\/span><\/strong><\/p>\n<p class=\"c-paragraph\">Ocho de 10 pol\u00edticos y mandos de polic\u00eda en Sinaloa, requeridos en extradici\u00f3n por Estados Unidos, incluidos\u00a0<a title=\"https:\/\/www.elfinanciero.com.mx\/estados\/2026\/05\/26\/ruben-rocha-moya-declara-ante-la-fgr-por-acusacion-de-eu-no-dejare-de-luchar-porque-la-verdad-prevalezca\/\" href=\"https:\/\/www.elfinanciero.com.mx\/estados\/2026\/05\/26\/ruben-rocha-moya-declara-ante-la-fgr-por-acusacion-de-eu-no-dejare-de-luchar-porque-la-verdad-prevalezca\/\" target=\"_blank\" rel=\"noopener\">Rub\u00e9n Rocha Moya, gobernador con licencia<\/a>\u00a0y\u00a0<a title=\"https:\/\/www.elfinanciero.com.mx\/nacional\/2026\/05\/26\/reaparece-enrique-inzunza-senador-de-morena-comparece-como-su-propio-abogado-ante-la-fgr\/\" href=\"https:\/\/www.elfinanciero.com.mx\/nacional\/2026\/05\/26\/reaparece-enrique-inzunza-senador-de-morena-comparece-como-su-propio-abogado-ante-la-fgr\/\" target=\"_blank\" rel=\"noopener\">Enrique Inzunza, senador de Morena<\/a>, declararon este martes 26 de mayo como testigos, por no m\u00e1s de media hora cada uno, en la Fiscal\u00eda General de la Rep\u00fablica (FGR).<\/p>\n<div id=\"FIOnDemandWrapper_fiInstance_116232_0_4265079764080889\" class=\"FIOnDemandWrapper\"><\/div>\n<div>\n<p class=\"c-paragraph\"><b>La dependencia que encabeza Ernestina Godoy<\/b>\u00a0investiga si contra estas personas, y dos m\u00e1s que ya se entregaron a la justicia de Estados Unidos, hay pruebas \u201cclaras, contundentes e irrefutables\u201d que los vinculen al\u00a0<a title=\"https:\/\/www.elfinanciero.com.mx\/nacional\/2026\/05\/25\/cartel-de-sinaloa-toma-el-poder-en-los-municipios-de-mexico-son-el-primer-contacto-con-la-ciudadania\/\" href=\"https:\/\/www.elfinanciero.com.mx\/nacional\/2026\/05\/25\/cartel-de-sinaloa-toma-el-poder-en-los-municipios-de-mexico-son-el-primer-contacto-con-la-ciudadania\/\" target=\"_blank\" rel=\"noopener\">C\u00e1rtel de Sinaloa<\/a>\u00a0y sus actividades del narcotr\u00e1fico.<\/p>\n<div id=\"arcad-feature-f0ffmTzFzpuU8mf-1c37fd8071191a\" class=\"c-stack b-ads-block \" data-style-direction=\"vertical\" data-style-justification=\"start\" data-style-alignment=\"center\" data-style-inline=\"false\" data-style-wrap=\"nowrap\">\n<div class=\"ad_1x1\" data-testid=\"ad-block-unit-wrapper\">\n<div id=\"arcad_f0ffmTzFzpuU8mf-1c37fd8071191a\" data-google-query-id=\"CJC-25vw2ZQDFd1SCAQdsNkKSQ\">\n<div id=\"google_ads_iframe_\/77835600\/ElFinanciero__internas\/inread_oop_0__container__\"><\/div>\n<\/div>\n<\/div>\n<\/div>\n<p class=\"c-paragraph\">La indagatoria inici\u00f3 a partir de la solicitud del gobierno estadounidense para detener \u201curgentemente\u201d,<b>\u00a0con fines de extradici\u00f3n<\/b>, a las citadas personas, y la posterior negativa del gobierno mexicano de capturarlos.<\/p>\n<p class=\"c-paragraph\">Ante los se\u00f1alamientos desde la Uni\u00f3n Americana,\u00a0<a title=\"https:\/\/www.elfinanciero.com.mx\/nacional\/2026\/04\/30\/sheinbaum-critica-pruebas-de-eu-de-presuntos-sobornos-a-ruben-rocha-llama-la-atencion-es-una-hoja\/\" href=\"https:\/\/www.elfinanciero.com.mx\/nacional\/2026\/04\/30\/sheinbaum-critica-pruebas-de-eu-de-presuntos-sobornos-a-ruben-rocha-llama-la-atencion-es-una-hoja\/\" target=\"_blank\" rel=\"noopener\">la presidenta Claudia Sheinbaum acus\u00f3 que Estados Unidos no present\u00f3 pruebas<\/a>\u00a0y pidi\u00f3 a la FGR abrir una investigaci\u00f3n propia para determinar, con base en ello, si se accede o no a la detenci\u00f3n.<\/p>\n<h2 class=\"b-article-body__h2\">\u00bfQui\u00e9nes son los 10 requeridos por la justicia de EU?<\/h2>\n<p class=\"c-paragraph\">Los 10 requeridos en extradici\u00f3n por Estados Unidos, por delitos asociados al narcotr\u00e1fico son, adem\u00e1s de Rocha Moya e Inzunza C\u00e1zarez,\u00a0<a title=\"https:\/\/www.elfinanciero.com.mx\/nacional\/2026\/04\/29\/acusaciones-contra-juan-de-dios-gamez-como-llego-a-la-presidencia-municipal-de-culiacan\/\" href=\"https:\/\/www.elfinanciero.com.mx\/nacional\/2026\/04\/29\/acusaciones-contra-juan-de-dios-gamez-como-llego-a-la-presidencia-municipal-de-culiacan\/\" target=\"_blank\" rel=\"noopener\">Juan de Dios G\u00e1mez Mend\u00edvil, alcalde con licencia de Culiac\u00e1n<\/a>.<\/p>\n<p class=\"c-paragraph\"><b>D\u00e1maso Castro, fiscal adjunto con licencia<\/b>, as\u00ed como Marco Antonio Almanza Avil\u00e9s, Alberto Jorge Contreras N\u00fa\u00f1ez, Jos\u00e9 Antonio Dionisio Hip\u00f3lito, y Juan Valenzuela Mill\u00e1n, estos cuatro \u00faltimos exmandos de las polic\u00edas ministerial, estatal y municipal.<\/p>\n<p class=\"c-paragraph\">En la lista tambi\u00e9n est\u00e1n\u00a0<a title=\"https:\/\/www.elfinanciero.com.mx\/nacional\/2026\/05\/18\/audiencia-contra-gerardo-merida-sanchez-exsecretario-de-seguridad-de-sinaloa-sera-el-1-de-junio-en-nueva-york\/\" href=\"https:\/\/www.elfinanciero.com.mx\/nacional\/2026\/05\/18\/audiencia-contra-gerardo-merida-sanchez-exsecretario-de-seguridad-de-sinaloa-sera-el-1-de-junio-en-nueva-york\/\" target=\"_blank\" rel=\"noopener\">Gerardo M\u00e9rida S\u00e1nchez, general del Ej\u00e9rcito mexicano<\/a>\u00a0y exsecretario de Seguridad P\u00fablica de Sinaloa, y Enrique D\u00edaz Vega, exsecretario de Finanzas del Gobierno de Sinaloa, quienes en d\u00edas pasados se entregaron voluntariamente a la justicia estadounidense.<\/p>\n<p class=\"c-paragraph\">Sobre las comparecencias, fueron los propios declarantes quienes confirmaron su asistencia a instalaciones de la Fiscal\u00eda General, en Culiac\u00e1n, Sinaloa. Algunos, como\u00a0<b>Rocha Moya y G\u00e1mez Mend\u00edvil<\/b>, llegaron en camionetas blindadas y con escoltas.<\/p>\n<h2 class=\"b-article-body__h2\">Rocha Moya e Inzunza prometen acudir a todas las llamadas de la FGR<\/h2>\n<p class=\"c-paragraph\">Rocha Moya e Inzunza C\u00e1zares no dieron la cara a la prensa, pero en sus cuentas de X dijeron que acudir\u00e1n a todo llamado que les haga la FGR. Externaron su confianza en las instituciones de justicia.\u00a0<a title=\"https:\/\/www.elfinanciero.com.mx\/nacional\/2026\/05\/17\/soy-abogado-de-mi-mismo-senador-enrique-inzunza-niega-estar-en-contacto-con-eu\/\" href=\"https:\/\/www.elfinanciero.com.mx\/nacional\/2026\/05\/17\/soy-abogado-de-mi-mismo-senador-enrique-inzunza-niega-estar-en-contacto-con-eu\/\" target=\"_blank\" rel=\"noopener\">Inzunza C\u00e1zarez insisti\u00f3 que se defender\u00e1 solo<\/a>\u00a0y no apelar\u00e1 al fuero constitucional, al cual no quiere renunciar.<\/p>\n<p class=\"c-paragraph\"><a title=\"https:\/\/www.elfinanciero.com.mx\/nacional\/2026\/04\/30\/sheinbaum-mananera-en-vivo-hablara-de-rocha-moya-temas-minuto-a-minuto\/\" href=\"https:\/\/www.elfinanciero.com.mx\/nacional\/2026\/04\/30\/sheinbaum-mananera-en-vivo-hablara-de-rocha-moya-temas-minuto-a-minuto\/\" target=\"_blank\" rel=\"noopener\">Rocha Moya dijo que lo inspira la presidenta Sheinbaum<\/a>, que \u201clucha con inteligencia y profundo patriotismo por el absoluto respeto a nuestra soberan\u00eda nacional, frente a cualquier intento de mancillarla\u201d.<\/p>\n<p class=\"c-paragraph\">\u201cCreo en el sistema judicial mexicano, conf\u00edo en nuestro Estado de derecho y respeto a nuestras instituciones de justicia, que el movimiento de la cuarta transformaci\u00f3n, ha venido saneando y legitimando\u201d, destac\u00f3 el gobernador con licencia de Sinaloa.<\/p>\n<p class=\"c-paragraph\">El resto de los comparecientes neg\u00f3\u00a0<b>v\u00ednculos con el C\u00e1rtel de Sinaloa<\/b>\u00a0y pidi\u00f3 esperar a la conclusi\u00f3n de la indagatoria.<\/p>\n<p>Con informaci\u00f3n de El Financiero<\/p>\n<\/div>\n","protected":false},"excerpt":{"rendered":"<p>Rocha Moya, Inzunza y los dem\u00e1s funcionarios negaron nexos con el C\u00e1rtel de Sinaloa y el gobernador con licencia destac\u00f3 la lucha de Claudia Sheinbaum por el respeto a la soberan\u00eda. Por\u00a0David Sa\u00fal Vela Ocho de 10 pol\u00edticos y mandos de polic\u00eda en Sinaloa, requeridos en extradici\u00f3n por Estados Unidos, incluidos\u00a0Rub\u00e9n Rocha Moya, gobernador con licencia\u00a0y\u00a0Enrique Inzunza, senador de Morena, declararon este martes 26 de mayo como testigos, por no m\u00e1s de media hora cada uno, en la Fiscal\u00eda General de la Rep\u00fablica (FGR). La dependencia que encabeza Ernestina Godoy\u00a0investiga si contra estas personas, y dos m\u00e1s que ya se [&hellip;]<\/p>\n","protected":false},"author":3,"featured_media":147174,"comment_status":"open","ping_status":"open","sticky":false,"template":"","format":"standard","meta":{"_jetpack_newsletter_access":"","_jetpack_dont_email_post_to_subs":false,"_jetpack_newsletter_tier_id":0,"_jetpack_memberships_contains_paywalled_content":false,"_jetpack_feature_clip_id":0,"_jetpack_memberships_contains_paid_content":false,"footnotes":"","jetpack_publicize_message":"","jetpack_publicize_feature_enabled":true,"jetpack_social_post_already_shared":true,"jetpack_social_options":{"image_generator_settings":{"template":"highway","default_image_id":0,"font":"","enabled":false},"version":2},"jetpack_post_was_ever_published":false},"categories":[90],"tags":[],"class_list":["post-147158","post","type-post","status-publish","format-standard","has-post-thumbnail","hentry","category-estatal","post--single"],"jetpack_publicize_connections":[],"jetpack_featured_media_url":"https:\/\/ovelanalista.com\/wp-content\/uploads\/2026\/05\/Captura-de-pantalla-2026-05-27-a-las-9.23.19-a.m.png","jetpack_sharing_enabled":true,"_links":{"self":[{"href":"https:\/\/ovelanalista.com\/index.php?rest_route=\/wp\/v2\/posts\/147158","targetHints":{"allow":["GET"]}}],"collection":[{"href":"https:\/\/ovelanalista.com\/index.php?rest_route=\/wp\/v2\/posts"}],"about":[{"href":"https:\/\/ovelanalista.com\/index.php?rest_route=\/wp\/v2\/types\/post"}],"author":[{"embeddable":true,"href":"https:\/\/ovelanalista.com\/index.php?rest_route=\/wp\/v2\/users\/3"}],"replies":[{"embeddable":true,"href":"https:\/\/ovelanalista.com\/index.php?rest_route=%2Fwp%2Fv2%2Fcomments&post=147158"}],"version-history":[{"count":1,"href":"https:\/\/ovelanalista.com\/index.php?rest_route=\/wp\/v2\/posts\/147158\/revisions"}],"predecessor-version":[{"id":147175,"href":"https:\/\/ovelanalista.com\/index.php?rest_route=\/wp\/v2\/posts\/147158\/revisions\/147175"}],"wp:featuredmedia":[{"embeddable":true,"href":"https:\/\/ovelanalista.com\/index.php?rest_route=\/wp\/v2\/media\/147174"}],"wp:attachment":[{"href":"https:\/\/ovelanalista.com\/index.php?rest_route=%2Fwp%2Fv2%2Fmedia&parent=147158"}],"wp:term":[{"taxonomy":"category","embeddable":true,"href":"https:\/\/ovelanalista.com\/index.php?rest_route=%2Fwp%2Fv2%2Fcategories&post=147158"},{"taxonomy":"post_tag","embeddable":true,"href":"https:\/\/ovelanalista.com\/index.php?rest_route=%2Fwp%2Fv2%2Ftags&post=147158"}],"curies":[{"name":"wp","href":"https:\/\/api.w.org\/{rel}","templated":true}]}}