{"id":147159,"date":"2026-05-27T10:00:38","date_gmt":"2026-05-27T17:00:38","guid":{"rendered":"https:\/\/ovelanalista.com\/?p=147159"},"modified":"2026-05-27T09:21:55","modified_gmt":"2026-05-27T16:21:55","slug":"ruben-rocha-acude-a-declarar-ante-la-fiscalia-en-sinaloa","status":"publish","type":"post","link":"https:\/\/ovelanalista.com\/?p=147159","title":{"rendered":"Rub\u00e9n Rocha acude a declarar ante la Fiscal\u00eda en Sinaloa"},"content":{"rendered":"<div class=\"a_e_txt _df\">\n<p class=\"a_st\">El alcalde de Culiac\u00e1n, Juan de Dios G\u00e1mez Mend\u00edvil, y el vicefiscal general de Sinaloa, D\u00e1maso Castro Zaavedra, tambi\u00e9n comparecieron ante las autoridades en Culiac\u00e1n.<\/p>\n<p><strong>Marcos Vizcarra<\/strong><\/p>\n<p class=\"\">Despu\u00e9s de varios d\u00edas sin ser visto, el gobernador de Sinaloa,\u00a0<a title=\"https:\/\/elpais.com\/mexico\/2026-05-06\/la-investigacion-de-estados-unidos-a-rocha-moya-se-desprende-directamente-del-caso-de-los-chapitos.html\" href=\"https:\/\/elpais.com\/mexico\/2026-05-06\/la-investigacion-de-estados-unidos-a-rocha-moya-se-desprende-directamente-del-caso-de-los-chapitos.html\" target=\"_self\" rel=\"\" data-link-track-dtm=\"\" data-mrf-link=\"https:\/\/elpais.com\/mexico\/2026-05-06\/la-investigacion-de-estados-unidos-a-rocha-moya-se-desprende-directamente-del-caso-de-los-chapitos.html\">Rub\u00e9n Rocha Moya<\/a>, acudi\u00f3 a la Fiscal\u00eda para su comparecencia como parte de la investigaci\u00f3n abierta en M\u00e9xico tras las acusaciones de Estados Unidos por supuestos v\u00ednculos del pol\u00edtico y parte de su equipo con el narcotr\u00e1fico. El morenista, sumido en el ojo del hurac\u00e1n desde el se\u00f1alamiento del Departamento de Estado, pidi\u00f3 licencia de su cargo y ha mantenido un perfil bajo, pero se ha presentado este martes a su cita con la Fiscal\u00eda General de la Rep\u00fablica (FGR). El alcalde de Culiac\u00e1n, Juan de Dios G\u00e1mez Mend\u00edvil, y el vicefiscal general de Sinaloa, D\u00e1maso Castro Zaavedra, tambi\u00e9n comparecieron como testigos ante la delegaci\u00f3n de la FGR en Culiac\u00e1n. Los cargos que pesan sobre ellos en Estados Unidos son por asociaci\u00f3n delictuosa para importar narc\u00f3ticos, as\u00ed como posesi\u00f3n de ametralladoras y dispositivos destructivos y conspiraci\u00f3n para poseer ese tipo de armamento.<\/p>\n<p class=\"\">A su salida de la sede de la delegaci\u00f3n de la FGR,\u00a0<a title=\"https:\/\/elpais.com\/mexico\/2026-05-05\/la-fiscal-de-sinaloa-estudia-apartar-a-damaso-castro-su-segundo-al-mando-tras-la-acusacion-de-estados-unidos.html\" href=\"https:\/\/elpais.com\/mexico\/2026-05-05\/la-fiscal-de-sinaloa-estudia-apartar-a-damaso-castro-su-segundo-al-mando-tras-la-acusacion-de-estados-unidos.html\" target=\"_blank\" rel=\"noopener noreferrer\" data-link-track-dtm=\"\" data-mrf-link=\"https:\/\/elpais.com\/mexico\/2026-05-05\/la-fiscal-de-sinaloa-estudia-apartar-a-damaso-castro-su-segundo-al-mando-tras-la-acusacion-de-estados-unidos.html\">Castro Saavedra<\/a>\u00a0ha asegurado a los reporteros que rechaza todas las acusaciones de vinculaci\u00f3n con Los Chapitos y ha se\u00f1alado que est\u00e1 cumpliendo con la citaci\u00f3n que le enviaron. \u201cConfiamos en las instituciones, en el trabajo de las investigaciones y en el esclarecimiento\u201d, ha indicado. Sobre su retorno a su puesto como vicefiscal general de Sinaloa, del que pidi\u00f3 licencia a principios de mayo, el funcionario ha asegurado que de momento esperar\u00e1 a que se integre todo el proceso y la carpeta de investigaci\u00f3n.<\/p>\n<p class=\"\">Castro Saavedra no ha confirmado si Rocha Moya o alguno de los otros ocho funcionarios se\u00f1alados por el Departamento de Justicia de Estados Unidos han acudido a la sede para hacer sus correspondientes declaraciones. Sin embargo, el gobernador de Sinaloa apareci\u00f3 a bordo de un veh\u00edculo antes de ingresar en el edificio. Momentos despu\u00e9s, ha publicado en su cuenta de X que ya hab\u00eda comparecido y que acudir\u00e1 a todo llamado que le hagan las autoridades. \u201cLo har\u00e9 porque creo en el sistema judicial mexicano, conf\u00edo en nuestro Estado de Derecho y respeto a nuestras instituciones de justicia, que el movimiento de la Cuarta Transformaci\u00f3n ha venido saneando y legitimando a trav\u00e9s de m\u00faltiples acciones reformadoras que profundizan la vida democr\u00e1tica y de justicia de las y los mexicanos\u201d, ha expresado el mandatario.<\/p>\n<p class=\"\">Rocha, junto a G\u00e1mez Mendivil y Castro Saavedra est\u00e1n en la mira de las autoridades estadounidenses junto al senador morenista, Enrique Inzunza; el exsecretario de Administraci\u00f3n y Finanzas del Estado, Enrique D\u00edaz Vega; los exjefes de la polic\u00eda de investigaci\u00f3n Marco Antonio Almanza Avil\u00e9s y Alberto Jorge Contreras N\u00fa\u00f1ez; el exsecretario de Seguridad P\u00fablica de Sinaloa, Gerardo M\u00e9rida S\u00e1nchez; el exsubdirector de la polic\u00eda del Estado, Jos\u00e9 Antonio Dionisio Hip\u00f3lito; y el comandante de la polic\u00eda municipal de la capital del Estado, Juan Valenzuela Mil\u00e1n. El fiscal federal para el Distrito Sur de Nueva York, Jay Clayton,\u00a0<a title=\"https:\/\/elpais.com\/mexico\/2026-04-29\/estados-unidos-acusa-al-gobernador-ruben-rocha-moya-y-a-otros-nueve-funcionarios-de-sinaloa-por-vinculos-con-el-narcotrafico.html\" href=\"https:\/\/elpais.com\/mexico\/2026-04-29\/estados-unidos-acusa-al-gobernador-ruben-rocha-moya-y-a-otros-nueve-funcionarios-de-sinaloa-por-vinculos-con-el-narcotrafico.html\" target=\"_blank\" rel=\"noopener noreferrer\" data-link-track-dtm=\"\" data-mrf-link=\"https:\/\/elpais.com\/mexico\/2026-04-29\/estados-unidos-acusa-al-gobernador-ruben-rocha-moya-y-a-otros-nueve-funcionarios-de-sinaloa-por-vinculos-con-el-narcotrafico.html\">los acusa de conspirar con l\u00edderes del Cartel de Sinaloa<\/a>\u00a0con protecci\u00f3n e informaci\u00f3n a cambio de apoyo pol\u00edtico y sobornos. Por el momento, solo D\u00edaz y M\u00e9rida S\u00e1nchez se han entregado a los agentes de Estados Unidos.<\/p>\n<p class=\"\">La presidenta de M\u00e9xico, Claudia Sheinbaum, ha asegurado este lunes que Rocha no tiene ninguna imputaci\u00f3n formal en M\u00e9xico todav\u00eda y que su citaci\u00f3n es parte de las investigaciones que ha abierto la FGR tras la acusaci\u00f3n de Estados Unidos. La presentaci\u00f3n de funcionarios ante FGR forma parte de uno de los momentos hist\u00f3ricos de la pol\u00edtica local y nacional, pues los se\u00f1alamientos incluyen presuntos sobornos y favores pol\u00edticos para fortalecer a Los Chapitos, quienes han podido ampliar sus rutas, operativos, instalar personas clave en puestos gubernamentales y permanecer en libertad mientras hicieron actos criminales por la ayuda de los funcionarios.<\/p>\n<p class=\"\">Rocha Moya, el alcalde de Culiac\u00e1n, el senador Inzunza y ahora el vicefiscal general han negado todos los se\u00f1alamientos. Sin embargo,\u00a0<a title=\"https:\/\/elpais.com\/mexico\/economia\/2026-05-18\/la-banca-mexicana-congelo-de-manera-preventiva-las-cuentas-de-rocha-moya-y-los-nueve-acusados-de-sinaloa.html\" href=\"https:\/\/elpais.com\/mexico\/economia\/2026-05-18\/la-banca-mexicana-congelo-de-manera-preventiva-las-cuentas-de-rocha-moya-y-los-nueve-acusados-de-sinaloa.html\" target=\"_blank\" rel=\"noopener noreferrer\" data-link-track-dtm=\"\" data-mrf-link=\"https:\/\/elpais.com\/mexico\/economia\/2026-05-18\/la-banca-mexicana-congelo-de-manera-preventiva-las-cuentas-de-rocha-moya-y-los-nueve-acusados-de-sinaloa.html\">la banca mexicana ya ha congelado las cuentas del gobernador<\/a>\u00a0y de los otros nueve acusados en sus redes de servicio con el objetivo de evitar sanciones financieras desde Washington y cuentan con fichas rojas por \u00f3rdenes de aprehensi\u00f3n desde Estados Unidos.<\/p>\n<p>Con informaci\u00f3n de El Pa\u00eds<\/p>\n<\/div>\n","protected":false},"excerpt":{"rendered":"<p>El alcalde de Culiac\u00e1n, Juan de Dios G\u00e1mez Mend\u00edvil, y el vicefiscal general de Sinaloa, D\u00e1maso Castro Zaavedra, tambi\u00e9n comparecieron ante las autoridades en Culiac\u00e1n. Marcos Vizcarra Despu\u00e9s de varios d\u00edas sin ser visto, el gobernador de Sinaloa,\u00a0Rub\u00e9n Rocha Moya, acudi\u00f3 a la Fiscal\u00eda para su comparecencia como parte de la investigaci\u00f3n abierta en M\u00e9xico tras las acusaciones de Estados Unidos por supuestos v\u00ednculos del pol\u00edtico y parte de su equipo con el narcotr\u00e1fico. El morenista, sumido en el ojo del hurac\u00e1n desde el se\u00f1alamiento del Departamento de Estado, pidi\u00f3 licencia de su cargo y ha mantenido un perfil bajo, [&hellip;]<\/p>\n","protected":false},"author":3,"featured_media":147172,"comment_status":"open","ping_status":"open","sticky":false,"template":"","format":"standard","meta":{"_jetpack_newsletter_access":"","_jetpack_dont_email_post_to_subs":false,"_jetpack_newsletter_tier_id":0,"_jetpack_memberships_contains_paywalled_content":false,"_jetpack_feature_clip_id":0,"_jetpack_memberships_contains_paid_content":false,"footnotes":"","jetpack_publicize_message":"","jetpack_publicize_feature_enabled":true,"jetpack_social_post_already_shared":true,"jetpack_social_options":{"image_generator_settings":{"template":"highway","default_image_id":0,"font":"","enabled":false},"version":2},"jetpack_post_was_ever_published":false},"categories":[90],"tags":[],"class_list":["post-147159","post","type-post","status-publish","format-standard","has-post-thumbnail","hentry","category-estatal","post--single"],"jetpack_publicize_connections":[],"jetpack_featured_media_url":"https:\/\/ovelanalista.com\/wp-content\/uploads\/2026\/05\/Captura-de-pantalla-2026-05-27-a-las-9.20.07-a.m.png","jetpack_sharing_enabled":true,"_links":{"self":[{"href":"https:\/\/ovelanalista.com\/index.php?rest_route=\/wp\/v2\/posts\/147159","targetHints":{"allow":["GET"]}}],"collection":[{"href":"https:\/\/ovelanalista.com\/index.php?rest_route=\/wp\/v2\/posts"}],"about":[{"href":"https:\/\/ovelanalista.com\/index.php?rest_route=\/wp\/v2\/types\/post"}],"author":[{"embeddable":true,"href":"https:\/\/ovelanalista.com\/index.php?rest_route=\/wp\/v2\/users\/3"}],"replies":[{"embeddable":true,"href":"https:\/\/ovelanalista.com\/index.php?rest_route=%2Fwp%2Fv2%2Fcomments&post=147159"}],"version-history":[{"count":1,"href":"https:\/\/ovelanalista.com\/index.php?rest_route=\/wp\/v2\/posts\/147159\/revisions"}],"predecessor-version":[{"id":147173,"href":"https:\/\/ovelanalista.com\/index.php?rest_route=\/wp\/v2\/posts\/147159\/revisions\/147173"}],"wp:featuredmedia":[{"embeddable":true,"href":"https:\/\/ovelanalista.com\/index.php?rest_route=\/wp\/v2\/media\/147172"}],"wp:attachment":[{"href":"https:\/\/ovelanalista.com\/index.php?rest_route=%2Fwp%2Fv2%2Fmedia&parent=147159"}],"wp:term":[{"taxonomy":"category","embeddable":true,"href":"https:\/\/ovelanalista.com\/index.php?rest_route=%2Fwp%2Fv2%2Fcategories&post=147159"},{"taxonomy":"post_tag","embeddable":true,"href":"https:\/\/ovelanalista.com\/index.php?rest_route=%2Fwp%2Fv2%2Ftags&post=147159"}],"curies":[{"name":"wp","href":"https:\/\/api.w.org\/{rel}","templated":true}]}}