{"id":147176,"date":"2026-05-27T11:00:57","date_gmt":"2026-05-27T18:00:57","guid":{"rendered":"https:\/\/ovelanalista.com\/?p=147176"},"modified":"2026-05-27T09:27:34","modified_gmt":"2026-05-27T16:27:34","slug":"comparece-inzunza-ante-fgr-en-sinaloa","status":"publish","type":"post","link":"https:\/\/ovelanalista.com\/?p=147176","title":{"rendered":"Comparece Inzunza ante FGR en Sinaloa"},"content":{"rendered":"<p>Adem\u00e1s del Gobernador con licencia\u00a0<strong>Rub\u00e9n Rocha Moya<\/strong>\u00a0y el Vicefiscal con licencia, D\u00e1maso Castro, a la\u00a0<strong>delegaci\u00f3n de la FGR en Sinaloa<\/strong>\u00a0tambi\u00e9n acudieron por las acusaciones de\u00a0<strong>narconexos<\/strong>\u00a0el\u00a0<strong>senador morenista Enrique Inzunza<\/strong>, as\u00ed como otros ex funcionarios se\u00f1alados por\u00a0<strong>Estados Unidos.<\/strong><\/p>\n<div id=\"Bloque_IN_SegundoTexto\">\n<div class=\"gr_texto_articulo\"><strong>Inzunza<\/strong>, quien no se ha presentado en la C\u00e1mara alta, pero s\u00ed ha sido visto platicando en un Club privado con su colega Javier Corral en Culiac\u00e1n, dijo que acudi\u00f3 al\u00a0<strong>requerimiento sin acompa\u00f1amiento jur\u00eddico<\/strong>\u00a0en medio de se\u00f1alamientos por presuntos v\u00ednculos con\u00a0<strong>&#8220;Los Chapitos&#8221;, del C\u00e1rtel de Sinaloa.<\/strong><\/p>\n<p>&#8220;<strong>Acud\u00ed sin acompa\u00f1amiento jur\u00eddico y como abogado de m\u00ed mismo<\/strong>&#8220;, expres\u00f3 en sus redes sociales tras ser visto ingresando en una camioneta de lujo a las instalaciones federales.<\/p>\n<p>&#8220;Ratifico que es mi disposici\u00f3n indeclinable atender este y todo requerimiento, sin ampararme en la excepci\u00f3n que en raz\u00f3n de mi cargo de legislador establece el art\u00edculo 90 del C\u00f3digo Nacional de Procedimientos Penales&#8221;.<\/p><\/div>\n<\/div>\n<div id=\"Bloque_IN_TercerTexto\">\n<div class=\"gr_texto_articulo\">Horas antes, el mismo<strong>\u00a0Inzunza<\/strong>\u00a0lanz\u00f3 otro mensaje en donde p\u00fablico las palabras &#8220;La verdad. La justicia. La soberan\u00eda nacional&#8221;, acompa\u00f1adas del poema &#8220;Term\u00f3pilas&#8221;, escrito en 1903 por el autor griego Constantino Cavafis.<\/p>\n<p>Otros que acudieron a este llamado federal fueron el\u00a0<strong>Alcalde con licencia de Culiac\u00e1n, Juan de Dios G\u00e1mez,<\/strong>\u00a0y\u00a0<strong>Marco Antonio Almanza Avil\u00e9s<\/strong>, ex jefe de la Polic\u00eda de Investigaci\u00f3n de la Fiscal\u00eda de Sinaloa.<\/p>\n<p>A su salida de la sede de la FGR,\u00a0<strong>Almanza Avil\u00e9s<\/strong>\u00a0mostr\u00f3 una postura defensiva y rechaz\u00f3 cualquier posibilidad de negociar con la justicia estadounidense bajo las figuras de colaboraci\u00f3n reguladas, al exponer desconfianza.<\/p>\n<p>&#8220;Una cosa:\u00a0<strong>yo no servir\u00eda ni de testigo protegido ni de testigo colaborador,<\/strong>\u00a0porque yo nunca pertenec\u00ed a un grupo delictivo&#8221;, sentenci\u00f3 visiblemente ante los medios.<\/p>\n<p>&#8220;Toda mi vida, 31 a\u00f1os, seis meses y cinco d\u00edas fui polic\u00eda investigador y me prepar\u00e9 para eso; hice las cosas con bien todo el tiempo&#8221;.<\/p>\n<p>El ex jefe policial asegur\u00f3 estar dispuesto a sostener su inocencia en cualquier tribunal, incluso en el extranjero, pero descart\u00f3 seguir los pasos de los ex secretarios que pactaron su entrega.<\/p>\n<p>&#8220;Yo le doy la cara al que sea y en donde sea, y si hay que ir a Estados Unidos a declarar, vamos y aclaramos. Yo no tengo por qu\u00e9 ocultar algo. Si nos llevan para all\u00e1, vamos, pero yo no tengo por qu\u00e9 irme a entregar; all\u00e1 me van a aislar y van a decir &#8216;hasta que te quiebres, Almanza&#8217;, me van a poner un gui\u00f3n y me van a decir &#8216;esto&#8217;. No, yo los invito a que investiguen bien&#8221;, remat\u00f3.<\/p>\n<p>&#8220;Pertenec\u00ed a una instituci\u00f3n y todo el tiempo ped\u00ed confianza en mi trabajo; lo hice con rectitud, todo el tiempo apegado a la legalidad (&#8230;) e hice hablar a mi trabajo. Y aqu\u00ed, a declarar a lo que gusten&#8221;.<\/p>\n<p>Hace dos semanas y contrario a otros se\u00f1alados, el\u00a0<strong>General en retiro Gerardo M\u00e9rida S\u00e1nchez, ex Secretario de Seguridad P\u00fablica estatal, y Enrique D\u00edaz Vega, ex Secretario de Administraci\u00f3n y Finanzas<\/strong>,<strong>\u00a0Enrique D\u00edaz<\/strong>, ambos del c\u00edrculo cercano del Gobernador con licencia Rub\u00e9n Rocha, decidieron entregarse voluntariamente a las autoridades de Estados Unidos.<\/p>\n<p>El desfile de figuras p\u00fablicas ante el Ministerio P\u00fablico Federal ocurre a escasas horas de que el Gobierno de la Rep\u00fablica informe sobre un reporte sobre la narcopol\u00edtica en el pa\u00eds.<\/p>\n<p>La<strong>\u00a0Presidenta Claudia Sheinbaum<\/strong>\u00a0anunci\u00f3 que este mi\u00e9rcoles el Gabinete de Seguridad presentar\u00e1 un informe especial detallado sobre los funcionarios p\u00fablicos que han sido detenidos o que se encuentran bajo investigaci\u00f3n por presuntos nexos con organizaciones delictivas.<\/div>\n<\/div>\n<div><\/div>\n<div><\/div>\n<div>Con informaci\u00f3n de Reforma<\/div>\n","protected":false},"excerpt":{"rendered":"<p>Adem\u00e1s del Gobernador con licencia\u00a0Rub\u00e9n Rocha Moya\u00a0y el Vicefiscal con licencia, D\u00e1maso Castro, a la\u00a0delegaci\u00f3n de la FGR en Sinaloa\u00a0tambi\u00e9n acudieron por las acusaciones de\u00a0narconexos\u00a0el\u00a0senador morenista Enrique Inzunza, as\u00ed como otros ex funcionarios se\u00f1alados por\u00a0Estados Unidos. Inzunza, quien no se ha presentado en la C\u00e1mara alta, pero s\u00ed ha sido visto platicando en un Club privado con su colega Javier Corral en Culiac\u00e1n, dijo que acudi\u00f3 al\u00a0requerimiento sin acompa\u00f1amiento jur\u00eddico\u00a0en medio de se\u00f1alamientos por presuntos v\u00ednculos con\u00a0&#8220;Los Chapitos&#8221;, del C\u00e1rtel de Sinaloa. &#8220;Acud\u00ed sin acompa\u00f1amiento jur\u00eddico y como abogado de m\u00ed mismo&#8220;, expres\u00f3 en sus redes sociales tras ser visto [&hellip;]<\/p>\n","protected":false},"author":3,"featured_media":147180,"comment_status":"open","ping_status":"open","sticky":false,"template":"","format":"standard","meta":{"_jetpack_newsletter_access":"","_jetpack_dont_email_post_to_subs":false,"_jetpack_newsletter_tier_id":0,"_jetpack_memberships_contains_paywalled_content":false,"_jetpack_feature_clip_id":0,"_jetpack_memberships_contains_paid_content":false,"footnotes":"","jetpack_publicize_message":"","jetpack_publicize_feature_enabled":true,"jetpack_social_post_already_shared":true,"jetpack_social_options":{"image_generator_settings":{"template":"highway","default_image_id":0,"font":"","enabled":false},"version":2},"jetpack_post_was_ever_published":false},"categories":[90],"tags":[],"class_list":["post-147176","post","type-post","status-publish","format-standard","has-post-thumbnail","hentry","category-estatal","post--single"],"jetpack_publicize_connections":[],"jetpack_featured_media_url":"https:\/\/ovelanalista.com\/wp-content\/uploads\/2026\/05\/Captura-de-pantalla-2026-05-27-a-las-9.26.47-a.m.png","jetpack_sharing_enabled":true,"_links":{"self":[{"href":"https:\/\/ovelanalista.com\/index.php?rest_route=\/wp\/v2\/posts\/147176","targetHints":{"allow":["GET"]}}],"collection":[{"href":"https:\/\/ovelanalista.com\/index.php?rest_route=\/wp\/v2\/posts"}],"about":[{"href":"https:\/\/ovelanalista.com\/index.php?rest_route=\/wp\/v2\/types\/post"}],"author":[{"embeddable":true,"href":"https:\/\/ovelanalista.com\/index.php?rest_route=\/wp\/v2\/users\/3"}],"replies":[{"embeddable":true,"href":"https:\/\/ovelanalista.com\/index.php?rest_route=%2Fwp%2Fv2%2Fcomments&post=147176"}],"version-history":[{"count":1,"href":"https:\/\/ovelanalista.com\/index.php?rest_route=\/wp\/v2\/posts\/147176\/revisions"}],"predecessor-version":[{"id":147181,"href":"https:\/\/ovelanalista.com\/index.php?rest_route=\/wp\/v2\/posts\/147176\/revisions\/147181"}],"wp:featuredmedia":[{"embeddable":true,"href":"https:\/\/ovelanalista.com\/index.php?rest_route=\/wp\/v2\/media\/147180"}],"wp:attachment":[{"href":"https:\/\/ovelanalista.com\/index.php?rest_route=%2Fwp%2Fv2%2Fmedia&parent=147176"}],"wp:term":[{"taxonomy":"category","embeddable":true,"href":"https:\/\/ovelanalista.com\/index.php?rest_route=%2Fwp%2Fv2%2Fcategories&post=147176"},{"taxonomy":"post_tag","embeddable":true,"href":"https:\/\/ovelanalista.com\/index.php?rest_route=%2Fwp%2Fv2%2Ftags&post=147176"}],"curies":[{"name":"wp","href":"https:\/\/api.w.org\/{rel}","templated":true}]}}