{"id":147177,"date":"2026-05-27T11:30:15","date_gmt":"2026-05-27T18:30:15","guid":{"rendered":"https:\/\/ovelanalista.com\/?p=147177"},"modified":"2026-05-27T09:29:31","modified_gmt":"2026-05-27T16:29:31","slug":"javier-corral-descarta-reunion-secreta-con-enrique-inzunza-en-sinaloa-llego-solo-en-su-camioneta","status":"publish","type":"post","link":"https:\/\/ovelanalista.com\/?p=147177","title":{"rendered":"Javier Corral descarta reuni\u00f3n \u2018secreta\u2019 con Enrique Inzunza en Sinaloa: \u2018Lleg\u00f3 solo en su camioneta\u2019"},"content":{"rendered":"<h2 class=\"c-heading b-subheadline\">Ante los rumores que se\u00f1alan que Enrique Inzunza fue acompa\u00f1ado por un convoy armado, Javier Corral neg\u00f3 cualquier dispositivo de seguridad para su encuentro.<\/h2>\n<div class=\"c-stack b-share-bar\" data-style-direction=\"vertical\" data-style-justification=\"center\" data-style-alignment=\"center\" data-style-inline=\"false\" data-style-wrap=\"nowrap\"><\/div>\n<div data-style-direction=\"vertical\" data-style-justification=\"center\" data-style-alignment=\"center\" data-style-inline=\"false\" data-style-wrap=\"nowrap\">Tras la pol\u00e9mica\u00a0<a title=\"https:\/\/www.elfinanciero.com.mx\/nacional\/2026\/05\/22\/javier-corral-confirma-encuentro-con-enrique-inzunza-en-mazatlan-tampoco-se-anda-escondiendo\/\" href=\"https:\/\/www.elfinanciero.com.mx\/nacional\/2026\/05\/22\/javier-corral-confirma-encuentro-con-enrique-inzunza-en-mazatlan-tampoco-se-anda-escondiendo\/\" target=\"_blank\" rel=\"noopener noreferrer\">reuni\u00f3n con Enrique Inzunza, Javier Corral<\/a>\u00a0neg\u00f3 que se tratara de un asunto \u2018secreto\u2019 mientras contin\u00faan las acusaciones contra funcionarios de Sinaloa por presuntos nexos con la facci\u00f3n de Los Chapitos del C\u00e1rtel de Sinaloa.<\/div>\n<div data-style-direction=\"vertical\" data-style-justification=\"center\" data-style-alignment=\"center\" data-style-inline=\"false\" data-style-wrap=\"nowrap\">\n<p class=\"c-paragraph\">El\u00a0<b>senador de Morena<\/b>\u00a0admiti\u00f3 que la reuni\u00f3n con Inzunza fue en un club privado; sin embargo, el restaurante era p\u00fablico, de 40 mesas, y estaba a la mitad.<\/p>\n<div id=\"arcad-feature-f0ffmTzFzpuU8mf-b6e243b37721c\" class=\"c-stack b-ads-block \" data-style-direction=\"vertical\" data-style-justification=\"start\" data-style-alignment=\"center\" data-style-inline=\"false\" data-style-wrap=\"nowrap\">\n<div class=\"ad_1x1\" data-testid=\"ad-block-unit-wrapper\">\n<div id=\"arcad_f0ffmTzFzpuU8mf-b6e243b37721c\" data-google-query-id=\"CPOdsrvx2ZQDFWpYCAQdjWU7_w\">\n<div id=\"google_ads_iframe_\/77835600\/ElFinanciero__internas\/inread_oop_0__container__\"><\/div>\n<\/div>\n<\/div>\n<\/div>\n<p class=\"c-paragraph\">Con ello, descart\u00f3 que el car\u00e1cter del encuentro con\u00a0<a title=\"https:\/\/www.elfinanciero.com.mx\/nacional\/2026\/05\/26\/reaparece-enrique-inzunza-senador-de-morena-comparece-como-su-propio-abogado-ante-la-fgr\/\" href=\"https:\/\/www.elfinanciero.com.mx\/nacional\/2026\/05\/26\/reaparece-enrique-inzunza-senador-de-morena-comparece-como-su-propio-abogado-ante-la-fgr\/\" target=\"_blank\" rel=\"noopener noreferrer\">Enrique Inzunza<\/a>\u00a0fuera confidencial, adem\u00e1s de que neg\u00f3 los rumores de que un convoy lleg\u00f3 a recogerlo al aeropuerto.<\/p>\n<p class=\"c-paragraph\">\u201cHay muchas versiones mentirosas e interesadas sobre c\u00f3mo se dio el encuentro. Hay quien ha dicho que \u2018un convoy de no s\u00e9 cu\u00e1ntas camionetas, fuertemente armados\u2019, fueron a recogerme al\u00a0<b>aeropuerto de Culiac\u00e1n<\/b>. Les puedo decir con absoluta certeza que el \u00fanico que estaba era Inzunza, \u00e9l lleg\u00f3 solo a recogerme en su camioneta\u201d, explic\u00f3 Corral a medios de comunicaci\u00f3n.<\/p>\n<div class=\"teads-inread sm-screen\">\n<div class=\"teads-ui-components-adchoices\">\n<p class=\"c-paragraph\">Asegur\u00f3 que desconoce c\u00f3mo es el equipo de seguridad que acompa\u00f1a al senador\u00a0<a title=\"https:\/\/www.elfinanciero.com.mx\/nacional\/2026\/05\/23\/que-papel-tuvo-enrique-inzunza-en-las-reuniones-con-los-chapitos-segun-la-acusacion-de-eu\/\" href=\"https:\/\/www.elfinanciero.com.mx\/nacional\/2026\/05\/23\/que-papel-tuvo-enrique-inzunza-en-las-reuniones-con-los-chapitos-segun-la-acusacion-de-eu\/\" target=\"_blank\" rel=\"noopener noreferrer\">Inzunza, luego de que EU acusara un presunto v\u00ednculo con el C\u00e1rtel de Sinaloa<\/a>, pero reiter\u00f3 que iba solo a la reuni\u00f3n que sostuvieron.<\/p>\n<h2 class=\"b-article-body__h2\">Enrique Inzunza no volvi\u00f3 al Senado: Corral aclara por qu\u00e9<\/h2>\n<p class=\"c-paragraph\"><a title=\"https:\/\/www.elfinanciero.com.mx\/opinion\/salvador-camarena\/2026\/05\/25\/preguntas-no-condenas-para-javier-corral\/\" href=\"https:\/\/www.elfinanciero.com.mx\/opinion\/salvador-camarena\/2026\/05\/25\/preguntas-no-condenas-para-javier-corral\/\" target=\"_blank\" rel=\"noopener noreferrer\">Javier Corral<\/a>\u00a0declar\u00f3 que el senador de Sinaloa quer\u00eda acudir a la Comisi\u00f3n Permanente del Congreso de la Uni\u00f3n pese a las acusaciones en su contra; sin embargo, consideraron que \u201cno se deb\u00eda prestar a un golpeteo que distrajera los asuntos del Congreso con su sola presencia\u201d.<\/p>\n<p class=\"c-paragraph\">A pesar de los se\u00f1alamientos que hizo el Departamento de Justicia de EU en su contra,\u00a0<a title=\"https:\/\/www.elfinanciero.com.mx\/opinion\/confidencial\/2026\/05\/22\/inzunza-donde-le-depositamos-su-sueldo\/\" href=\"https:\/\/www.elfinanciero.com.mx\/opinion\/confidencial\/2026\/05\/22\/inzunza-donde-le-depositamos-su-sueldo\/\" target=\"_blank\" rel=\"noopener noreferrer\">Enrique Inzunza<\/a>\u00a0considera la opci\u00f3n de acudir al Senado para votar en el\u00a0<a title=\"https:\/\/www.elfinanciero.com.mx\/opinion\/confidencial\/2026\/05\/21\/alcanzan-los-votos-sin-inzunza\/\" href=\"https:\/\/www.elfinanciero.com.mx\/opinion\/confidencial\/2026\/05\/21\/alcanzan-los-votos-sin-inzunza\/\" target=\"_blank\" rel=\"noopener noreferrer\">periodo extraordinario de sesiones<\/a>, ya que \u201ctiene un deber\u201d, de acuerdo con lo que le dijo a Corral.<\/p>\n<p class=\"c-paragraph\">El senador morenista Enrique Inzunza se ha mantenido alejado de la escena p\u00fablica tras las acusaciones que hizo EU sobre funcionarios de Sinaloa. No obstante, este martes compareci\u00f3 en la Fiscal\u00eda General de la Rep\u00fablica (FGR) por el caso y asumi\u00f3 su propia defensa legal.<\/p>\n<div id=\"FIOnDemandWrapper_fiInstance_116232_3_3419808796964624\" class=\"FIOnDemandWrapper\">\n<div class=\"apd_static_banner \"><\/div>\n<\/div>\n<p class=\"c-paragraph\"><a title=\"https:\/\/www.elfinanciero.com.mx\/nacional\/2026\/05\/10\/vandalizan-casa-del-morenista-javier-corral-en-ciudad-juarez-dejan-una-corona-funebre\/\" href=\"https:\/\/www.elfinanciero.com.mx\/nacional\/2026\/05\/10\/vandalizan-casa-del-morenista-javier-corral-en-ciudad-juarez-dejan-una-corona-funebre\/\" target=\"_blank\" rel=\"noopener noreferrer\">Javier Corral, senador de Morena<\/a>\u00a0y presidente de la Comisi\u00f3n de Justicia en la C\u00e1mara Alta, pidi\u00f3 que la\u00a0<b>Fiscal\u00eda General de la Rep\u00fablica<\/b>\u00a0act\u00fae con imparcialidad ante las\u00a0<a title=\"https:\/\/www.elfinanciero.com.mx\/nacional\/2026\/05\/22\/donde-esta-enrique-inzunza-esto-se-sabe-del-paradero-del-senador-senalado-de-narcotrafico-en-eu\/\" href=\"https:\/\/www.elfinanciero.com.mx\/nacional\/2026\/05\/22\/donde-esta-enrique-inzunza-esto-se-sabe-del-paradero-del-senador-senalado-de-narcotrafico-en-eu\/\" target=\"_blank\" rel=\"noopener noreferrer\">acusaciones de Estados Unidos contra Enrique Inzunza<\/a>\u00a0y otros funcionarios presuntamente ligados al C\u00e1rtel de Sinaloa, entre ellos el gobernador de dicho estado,\u00a0<a title=\"https:\/\/www.elfinanciero.com.mx\/estados\/2026\/05\/26\/ruben-rocha-moya-declara-ante-la-fgr-por-acusacion-de-eu-no-dejare-de-luchar-porque-la-verdad-prevalezca\/\" href=\"https:\/\/www.elfinanciero.com.mx\/estados\/2026\/05\/26\/ruben-rocha-moya-declara-ante-la-fgr-por-acusacion-de-eu-no-dejare-de-luchar-porque-la-verdad-prevalezca\/\" target=\"_blank\" rel=\"noopener noreferrer\">Rub\u00e9n Rocha Moya<\/a>, y el alcalde de Culiac\u00e1n,\u00a0<a title=\"https:\/\/www.elfinanciero.com.mx\/nacional\/2026\/04\/29\/acusaciones-contra-juan-de-dios-gamez-como-llego-a-la-presidencia-municipal-de-culiacan\/\" href=\"https:\/\/www.elfinanciero.com.mx\/nacional\/2026\/04\/29\/acusaciones-contra-juan-de-dios-gamez-como-llego-a-la-presidencia-municipal-de-culiacan\/\" target=\"_blank\" rel=\"noopener noreferrer\">Juan de Dios G\u00e1mez<\/a>.<\/p>\n<p>Con informaci\u00f3n de El Financiero<\/p>\n<\/div>\n<\/div>\n<\/div>\n","protected":false},"excerpt":{"rendered":"<p>Ante los rumores que se\u00f1alan que Enrique Inzunza fue acompa\u00f1ado por un convoy armado, Javier Corral neg\u00f3 cualquier dispositivo de seguridad para su encuentro. Tras la pol\u00e9mica\u00a0reuni\u00f3n con Enrique Inzunza, Javier Corral\u00a0neg\u00f3 que se tratara de un asunto \u2018secreto\u2019 mientras contin\u00faan las acusaciones contra funcionarios de Sinaloa por presuntos nexos con la facci\u00f3n de Los Chapitos del C\u00e1rtel de Sinaloa. El\u00a0senador de Morena\u00a0admiti\u00f3 que la reuni\u00f3n con Inzunza fue en un club privado; sin embargo, el restaurante era p\u00fablico, de 40 mesas, y estaba a la mitad. Con ello, descart\u00f3 que el car\u00e1cter del encuentro con\u00a0Enrique Inzunza\u00a0fuera confidencial, adem\u00e1s de [&hellip;]<\/p>\n","protected":false},"author":3,"featured_media":147182,"comment_status":"open","ping_status":"open","sticky":false,"template":"","format":"standard","meta":{"_jetpack_newsletter_access":"","_jetpack_dont_email_post_to_subs":false,"_jetpack_newsletter_tier_id":0,"_jetpack_memberships_contains_paywalled_content":false,"_jetpack_feature_clip_id":0,"_jetpack_memberships_contains_paid_content":false,"footnotes":"","jetpack_publicize_message":"","jetpack_publicize_feature_enabled":true,"jetpack_social_post_already_shared":true,"jetpack_social_options":{"image_generator_settings":{"template":"highway","default_image_id":0,"font":"","enabled":false},"version":2},"jetpack_post_was_ever_published":false},"categories":[90],"tags":[],"class_list":["post-147177","post","type-post","status-publish","format-standard","has-post-thumbnail","hentry","category-estatal","post--single"],"jetpack_publicize_connections":[],"jetpack_featured_media_url":"https:\/\/ovelanalista.com\/wp-content\/uploads\/2026\/05\/Captura-de-pantalla-2026-05-27-a-las-9.28.32-a.m.png","jetpack_sharing_enabled":true,"_links":{"self":[{"href":"https:\/\/ovelanalista.com\/index.php?rest_route=\/wp\/v2\/posts\/147177","targetHints":{"allow":["GET"]}}],"collection":[{"href":"https:\/\/ovelanalista.com\/index.php?rest_route=\/wp\/v2\/posts"}],"about":[{"href":"https:\/\/ovelanalista.com\/index.php?rest_route=\/wp\/v2\/types\/post"}],"author":[{"embeddable":true,"href":"https:\/\/ovelanalista.com\/index.php?rest_route=\/wp\/v2\/users\/3"}],"replies":[{"embeddable":true,"href":"https:\/\/ovelanalista.com\/index.php?rest_route=%2Fwp%2Fv2%2Fcomments&post=147177"}],"version-history":[{"count":1,"href":"https:\/\/ovelanalista.com\/index.php?rest_route=\/wp\/v2\/posts\/147177\/revisions"}],"predecessor-version":[{"id":147183,"href":"https:\/\/ovelanalista.com\/index.php?rest_route=\/wp\/v2\/posts\/147177\/revisions\/147183"}],"wp:featuredmedia":[{"embeddable":true,"href":"https:\/\/ovelanalista.com\/index.php?rest_route=\/wp\/v2\/media\/147182"}],"wp:attachment":[{"href":"https:\/\/ovelanalista.com\/index.php?rest_route=%2Fwp%2Fv2%2Fmedia&parent=147177"}],"wp:term":[{"taxonomy":"category","embeddable":true,"href":"https:\/\/ovelanalista.com\/index.php?rest_route=%2Fwp%2Fv2%2Fcategories&post=147177"},{"taxonomy":"post_tag","embeddable":true,"href":"https:\/\/ovelanalista.com\/index.php?rest_route=%2Fwp%2Fv2%2Ftags&post=147177"}],"curies":[{"name":"wp","href":"https:\/\/api.w.org\/{rel}","templated":true}]}}