{"id":147251,"date":"2026-05-29T13:00:05","date_gmt":"2026-05-29T20:00:05","guid":{"rendered":"https:\/\/ovelanalista.com\/?p=147251"},"modified":"2026-05-29T07:29:16","modified_gmt":"2026-05-29T14:29:16","slug":"vinculan-a-proceso-a-lider-transportista-de-cuautla-por-nexos-con-el-cartel-de-sinaloa","status":"publish","type":"post","link":"https:\/\/ovelanalista.com\/?p=147251","title":{"rendered":"Vinculan a proceso a l\u00edder transportista de Cuautla por nexos con el C\u00e1rtel de Sinaloa"},"content":{"rendered":"<p><strong><a href=\"https:\/\/www.jornada.com.mx\/autores\/Gustavo%20Castillo%20Garc%C3%ADa.\">Gustavo Castillo Garc\u00eda.<\/a><\/strong><\/p>\n<p class=\"nota-justify\"><i>Ciudad de M\u00e9xico.\u00a0<\/i>La Fiscal\u00eda Especializada en Materia de Delincuencia Organizada (FEMDO) ejercit\u00f3 acci\u00f3n penal en contra de Mauro Rivera Cruz, l\u00edder transportista en el municipio de Cuautla, por estar relacionado con el grupo de ex funcionarios de esa entidad y con miembros del C\u00e1rtel de Sinaloa.<\/p>\n<p class=\"nota-justify\">Rivera Cruz fue puesto a disposici\u00f3n de un juez federal para que enfrente proceso penal por haber obtenido indicios de su presunto involucramiento con el grupo encabezado por J\u00fapiter Araujo Bernard, El Barbas, quien seg\u00fan las investigaciones de la Fiscal\u00eda General de la Rep\u00fablica (FGR) coopt\u00f3 a alcaldes y funcionarios municipales para con operar con impunidad.<\/p>\n<p class=\"nota-justify\">La FGR inform\u00f3 que al continuar con labores de inteligencia obtuvo elementos de prueba para obtener la vinculaci\u00f3n a proceso en contra del l\u00edder transportista por la probable comisi\u00f3n del il\u00edcito de delincuencia organizada con la finalidad de cometer delitos contra la salud.<\/p>\n<p class=\"nota-justify\">Esta persona fue detenida en d\u00edas pasados en el Aeropuerto Internacional Felipe \u00c1ngeles (AIFA), por elementos de la Secretar\u00eda de Seguridad y Protecci\u00f3n Ciudadana (SSPC), Guardia Nacional, Centro Nacional de Inteligencia (CNI), y la Agencia de Investigaci\u00f3n Criminal (AIC) de la FGR.<\/p>\n<p class=\"nota-justify\">De acuerdo con las investigaciones el Ministerio P\u00fablico &#8220;logr\u00f3 identificar la presencia del crimen organizado en por lo menos ocho municipios de Morelos, entre los que se encuentran Yecapixtla, Cuautla y Atlatlahucan&#8221;, por lo cual ya han sido detenidos el alcalde de Atlatlahucan, el ex mun\u00edcipe de Yecapixtla y diversos funcionarios de diversos ayuntamientos por estar relacionados con el C\u00e1rtel de Sinaloa.<\/p>\n<p class=\"nota-justify\">Luego de los datos de prueba aportados por el Ministerio P\u00fablico adscrito a la Fiscal\u00eda Especializada en materia de Delincuencia Organizada (FEMDO), se obtuvo adem\u00e1s de dicha vinculaci\u00f3n, la medida cautelar de prisi\u00f3n preventiva oficiosa, en el Centro Penitenciario n\u00famero 11, que se localiza en Hermosillo, Sonora.<\/p>\n<p>Con informaci\u00f3n de La Jornada<\/p>\n","protected":false},"excerpt":{"rendered":"<p>Gustavo Castillo Garc\u00eda. Ciudad de M\u00e9xico.\u00a0La Fiscal\u00eda Especializada en Materia de Delincuencia Organizada (FEMDO) ejercit\u00f3 acci\u00f3n penal en contra de Mauro Rivera Cruz, l\u00edder transportista en el municipio de Cuautla, por estar relacionado con el grupo de ex funcionarios de esa entidad y con miembros del C\u00e1rtel de Sinaloa. Rivera Cruz fue puesto a disposici\u00f3n de un juez federal para que enfrente proceso penal por haber obtenido indicios de su presunto involucramiento con el grupo encabezado por J\u00fapiter Araujo Bernard, El Barbas, quien seg\u00fan las investigaciones de la Fiscal\u00eda General de la Rep\u00fablica (FGR) coopt\u00f3 a alcaldes y funcionarios municipales [&hellip;]<\/p>\n","protected":false},"author":3,"featured_media":147257,"comment_status":"open","ping_status":"open","sticky":false,"template":"","format":"standard","meta":{"_jetpack_newsletter_access":"","_jetpack_dont_email_post_to_subs":false,"_jetpack_newsletter_tier_id":0,"_jetpack_memberships_contains_paywalled_content":false,"_jetpack_feature_clip_id":0,"_jetpack_memberships_contains_paid_content":false,"footnotes":"","jetpack_publicize_message":"","jetpack_publicize_feature_enabled":true,"jetpack_social_post_already_shared":true,"jetpack_social_options":{"image_generator_settings":{"template":"highway","default_image_id":0,"font":"","enabled":false},"version":2},"jetpack_post_was_ever_published":false},"categories":[90,75],"tags":[],"class_list":["post-147251","post","type-post","status-publish","format-standard","has-post-thumbnail","hentry","category-estatal","category-nacional","post--single"],"jetpack_publicize_connections":[],"jetpack_featured_media_url":"https:\/\/ovelanalista.com\/wp-content\/uploads\/2026\/05\/vinculan-a-proceso-a-lider-transportista-de-cuautla-por-nexos-con-el-cartel-de-sinaloa_0c5a2be1-e2c2-4009-979a-4aa190322aa0_medialjnimgndimagefullsize.webp","jetpack_sharing_enabled":true,"_links":{"self":[{"href":"https:\/\/ovelanalista.com\/index.php?rest_route=\/wp\/v2\/posts\/147251","targetHints":{"allow":["GET"]}}],"collection":[{"href":"https:\/\/ovelanalista.com\/index.php?rest_route=\/wp\/v2\/posts"}],"about":[{"href":"https:\/\/ovelanalista.com\/index.php?rest_route=\/wp\/v2\/types\/post"}],"author":[{"embeddable":true,"href":"https:\/\/ovelanalista.com\/index.php?rest_route=\/wp\/v2\/users\/3"}],"replies":[{"embeddable":true,"href":"https:\/\/ovelanalista.com\/index.php?rest_route=%2Fwp%2Fv2%2Fcomments&post=147251"}],"version-history":[{"count":1,"href":"https:\/\/ovelanalista.com\/index.php?rest_route=\/wp\/v2\/posts\/147251\/revisions"}],"predecessor-version":[{"id":147258,"href":"https:\/\/ovelanalista.com\/index.php?rest_route=\/wp\/v2\/posts\/147251\/revisions\/147258"}],"wp:featuredmedia":[{"embeddable":true,"href":"https:\/\/ovelanalista.com\/index.php?rest_route=\/wp\/v2\/media\/147257"}],"wp:attachment":[{"href":"https:\/\/ovelanalista.com\/index.php?rest_route=%2Fwp%2Fv2%2Fmedia&parent=147251"}],"wp:term":[{"taxonomy":"category","embeddable":true,"href":"https:\/\/ovelanalista.com\/index.php?rest_route=%2Fwp%2Fv2%2Fcategories&post=147251"},{"taxonomy":"post_tag","embeddable":true,"href":"https:\/\/ovelanalista.com\/index.php?rest_route=%2Fwp%2Fv2%2Ftags&post=147251"}],"curies":[{"name":"wp","href":"https:\/\/api.w.org\/{rel}","templated":true}]}}