{"id":147261,"date":"2026-05-29T14:00:59","date_gmt":"2026-05-29T21:00:59","guid":{"rendered":"https:\/\/ovelanalista.com\/?p=147261"},"modified":"2026-05-29T07:42:00","modified_gmt":"2026-05-29T14:42:00","slug":"fgr-informa-que-funcionarios-de-sinaloa-acusados-por-eu-no-cuentan-con-ficha-roja-de-interpol","status":"publish","type":"post","link":"https:\/\/ovelanalista.com\/?p=147261","title":{"rendered":"FGR informa que funcionarios de Sinaloa acusados por EU no cuentan con ficha roja de Interpol"},"content":{"rendered":"<p><a href=\"https:\/\/www.jornada.com.mx\/autores\/Gustavo%20Castillo%20Garc%C3%ADa\">Gustavo Castillo Garc\u00eda<\/a><\/p>\n<p class=\"nota-justify\">El vocero de la Fiscal\u00eda General de la Rep\u00fablica (FGR), Ulises Lara L\u00f3pez, inform\u00f3 que de los diez funcionarios y ex funcionarios de Sinaloa contra los cuales una Corte de Distrito con sede en Nueva York emiti\u00f3 una orden de captura y por lo cual la FGR inici\u00f3 una investigaci\u00f3n, \u201ccinco de ellos ya comparecieron\u201d y no cuentan con ficha roja de interpol.<\/p>\n<p class=\"nota-justify\">De manera sucinta refiri\u00f3 que \u201cninguna de estas personas cuenta con ficha roja de Interpol\u201d, luego de que surgieran dudas respecto a si ya la justicia estadunidense hab\u00eda pedido la colaboraci\u00f3n de Interpol para su detenci\u00f3n.<\/p>\n<p>A este respecto indic\u00f3 que \u201cla informaci\u00f3n obtenida hasta el momento servir\u00e1 para atender las l\u00edneas de investigaci\u00f3n que se siguen y se llevar\u00e1n a cabo todas las actuaciones necesarias para alcanzar la verdad y la justicia en este caso\u201d.<\/p>\n<p>Con informaci\u00f3n de La Jornada<\/p>\n","protected":false},"excerpt":{"rendered":"<p>Gustavo Castillo Garc\u00eda El vocero de la Fiscal\u00eda General de la Rep\u00fablica (FGR), Ulises Lara L\u00f3pez, inform\u00f3 que de los diez funcionarios y ex funcionarios de Sinaloa contra los cuales una Corte de Distrito con sede en Nueva York emiti\u00f3 una orden de captura y por lo cual la FGR inici\u00f3 una investigaci\u00f3n, \u201ccinco de ellos ya comparecieron\u201d y no cuentan con ficha roja de interpol. De manera sucinta refiri\u00f3 que \u201cninguna de estas personas cuenta con ficha roja de Interpol\u201d, luego de que surgieran dudas respecto a si ya la justicia estadunidense hab\u00eda pedido la colaboraci\u00f3n de Interpol para [&hellip;]<\/p>\n","protected":false},"author":3,"featured_media":147265,"comment_status":"open","ping_status":"open","sticky":false,"template":"","format":"standard","meta":{"_jetpack_newsletter_access":"","_jetpack_dont_email_post_to_subs":false,"_jetpack_newsletter_tier_id":0,"_jetpack_memberships_contains_paywalled_content":false,"_jetpack_feature_clip_id":0,"_jetpack_memberships_contains_paid_content":false,"footnotes":"","jetpack_publicize_message":"","jetpack_publicize_feature_enabled":true,"jetpack_social_post_already_shared":true,"jetpack_social_options":{"image_generator_settings":{"template":"highway","default_image_id":0,"font":"","enabled":false},"version":2},"jetpack_post_was_ever_published":false},"categories":[90],"tags":[],"class_list":["post-147261","post","type-post","status-publish","format-standard","has-post-thumbnail","hentry","category-estatal","post--single"],"jetpack_publicize_connections":[],"jetpack_featured_media_url":"https:\/\/ovelanalista.com\/wp-content\/uploads\/2026\/05\/fgr-confirma-que-no-existe-ficha-roja-de-interpol-en-investigacion-contra-funcionarios-de-sinaloa_35edc2df-01a2-40b0-88db-b7b75b64b594_medialjnimgndimagefullsize.webp","jetpack_sharing_enabled":true,"_links":{"self":[{"href":"https:\/\/ovelanalista.com\/index.php?rest_route=\/wp\/v2\/posts\/147261","targetHints":{"allow":["GET"]}}],"collection":[{"href":"https:\/\/ovelanalista.com\/index.php?rest_route=\/wp\/v2\/posts"}],"about":[{"href":"https:\/\/ovelanalista.com\/index.php?rest_route=\/wp\/v2\/types\/post"}],"author":[{"embeddable":true,"href":"https:\/\/ovelanalista.com\/index.php?rest_route=\/wp\/v2\/users\/3"}],"replies":[{"embeddable":true,"href":"https:\/\/ovelanalista.com\/index.php?rest_route=%2Fwp%2Fv2%2Fcomments&post=147261"}],"version-history":[{"count":1,"href":"https:\/\/ovelanalista.com\/index.php?rest_route=\/wp\/v2\/posts\/147261\/revisions"}],"predecessor-version":[{"id":147266,"href":"https:\/\/ovelanalista.com\/index.php?rest_route=\/wp\/v2\/posts\/147261\/revisions\/147266"}],"wp:featuredmedia":[{"embeddable":true,"href":"https:\/\/ovelanalista.com\/index.php?rest_route=\/wp\/v2\/media\/147265"}],"wp:attachment":[{"href":"https:\/\/ovelanalista.com\/index.php?rest_route=%2Fwp%2Fv2%2Fmedia&parent=147261"}],"wp:term":[{"taxonomy":"category","embeddable":true,"href":"https:\/\/ovelanalista.com\/index.php?rest_route=%2Fwp%2Fv2%2Fcategories&post=147261"},{"taxonomy":"post_tag","embeddable":true,"href":"https:\/\/ovelanalista.com\/index.php?rest_route=%2Fwp%2Fv2%2Ftags&post=147261"}],"curies":[{"name":"wp","href":"https:\/\/api.w.org\/{rel}","templated":true}]}}