{"id":147263,"date":"2026-05-29T15:00:37","date_gmt":"2026-05-29T22:00:37","guid":{"rendered":"https:\/\/ovelanalista.com\/?p=147263"},"modified":"2026-05-29T07:46:44","modified_gmt":"2026-05-29T14:46:44","slug":"diputados-locales-exigen-frenar-cobros-excesivos-de-luz-en-sinaloa-piden-a-cfe-y-a-hacienda-ampliar-subsidio-de-verano","status":"publish","type":"post","link":"https:\/\/ovelanalista.com\/?p=147263","title":{"rendered":"Diputados locales exigen frenar cobros excesivos de luz en Sinaloa; piden a CFE y a Hacienda ampliar subsidio de verano"},"content":{"rendered":"<div>\n<div class=\"encabezado ml-2.5 mr-2.5\">\n<article class=\"sticky-carlos\">\n<section class=\"story__header\">\n<h6 class=\"summary\"><strong>Los legisladores expusieron que las condiciones clim\u00e1ticas extremas que prevalecen en el estado, obliga a las familias a utilizar sus equipos de ventilaci\u00f3n y refrigeraci\u00f3n.<\/strong><\/h6>\n<\/section>\n<p><strong>Javier Cabrera Mart\u00ednez<\/strong><\/p>\n<\/article>\n<\/div>\n<div class=\"container-sticky-banner\">\n<div class=\"story-image mx-auto  lg:max-w-screen-lg\">\n<p class=\"sc__font-paragraph\">Culiac\u00e1n, Sin a 28 de mayo. &#8211; La Junta de Coordinaci\u00f3n Pol\u00edtica del Congreso del Estado solicit\u00f3 a la\u00a0<b>Secretar\u00eda de Hacienda<\/b>\u00a0y a la Comisi\u00f3n Federal de Electricidad revisar la\u00a0<a title=\"https:\/\/www.eluniversal.com.mx\/estados\/ataque-armado-deja-una-mujer-lesionada-en-fraccionamiento-al-norte-de-merida-realizan-movilizacion-policiaca-para-encontrar-al-responsable\/\" href=\"https:\/\/www.eluniversal.com.mx\/estados\/ataque-armado-deja-una-mujer-lesionada-en-fraccionamiento-al-norte-de-merida-realizan-movilizacion-policiaca-para-encontrar-al-responsable\/\" target=\"_blank\" rel=\"noopener noreferrer\" data-mrf-link=\"https:\/\/www.eluniversal.com.mx\/estados\/ataque-armado-deja-una-mujer-lesionada-en-fraccionamiento-al-norte-de-merida-realizan-movilizacion-policiaca-para-encontrar-al-responsable\/\"><b>temporalidad del subsidio<\/b><\/a>\u00a0a las\u00a0<b>tarifas de verano<\/b>, revisar y rectificar los cobros excesivos, suspender los cortes a los usuarios y apoyar con reconexiones del servicio.<\/p>\n<p class=\"sc__font-paragraph\">Los diputados de las diversas fuerzas pol\u00edticas externaron su disposici\u00f3n de mantener un dialogo con los funcionarios de la CFE para\u00a0<b>canalizar las inquietudes y reclamos<\/b>\u00a0de los usuarios de una revisi\u00f3n a las tarifas que est\u00e1n aplicando, cuyos cobros, salen de los rangos normales de consumo.<\/p>\n<p class=\"sc__font-paragraph\">Expusieron que es necesario que la secretar\u00eda de Hacienda y la Comisi\u00f3n Federal de Electricidad revisen los recientes cobros de<b>\u00a0energ\u00eda el\u00e9ctrica\u00a0<\/b>reportados por familias de sinaloenses, as\u00ed como analizar la ampliaci\u00f3n del periodo de subsidio de verano.<\/p>\n<div id=\"notsy_container_12779248\" class=\"ELU_VIDEO\" data-notsy-container-index=\"1\" data-notsy-mapped-container=\"1\">\n<div id=\"video_58809-container\" class=\"nts-container\" data-mobile=\"0\">\n<div id=\"video_58809-sub-container\" class=\"ym-video--sub-container\">\n<div id=\"video_58809-placeholder\"><\/div>\n<div id=\"video_58809-float-container\" class=\"nts-float-container\">\n<div class=\"video-js vjs-default-skin vjs-big-play-centered vjs-paused video_58809-dimensions vjs-fluid vjs-controls-enabled vjs-workinghover vjs-v7 vjs-user-active\" lang=\"es\" tabindex=\"-1\" role=\"region\" aria-label=\"Video Player\">\n<p class=\"sc__font-paragraph\">Durante la sesi\u00f3n Ordinaria de la LXV Legislatura local, en tribuna se dio lectura al pronunciamiento de la Junta de Coordinaci\u00f3n Pol\u00edtica, en respuesta de las peticiones airadas de los ciudadanos de ser atendidos, en cuanto a los\u00a0<b>fuertes cobros\u00a0<\/b>que resienten en sus recibos de consumo de luz el\u00e9ctrica.<\/p>\n<p class=\"sc__font-paragraph\">En el documento que se le dio lectura, los diputados locales expusieron que ante las<b>\u00a0condiciones clim\u00e1ticas extremas\u00a0<\/b>que prevalecen en el estado, obliga a las familias a utilizar sus equipos de ventilaci\u00f3n y refrigeraci\u00f3n desde los primeros meses del a\u00f1o, lo que impacta en sus consumos dom\u00e9sticos de energ\u00eda el\u00e9ctrica y en la econom\u00eda.<\/p>\n<\/div>\n<div class=\"wrapper_box_interarticle_1\">\n<p class=\"sc__font-paragraph\">Ante la situaci\u00f3n que prevalece, se plante\u00f3 cuatro solicitudes concretas a la CFE y a la Secretar\u00eda de Hacienda,\u00a0<a title=\"https:\/\/www.eluniversal.com.mx\/estados\/presentan-ante-mp-a-edil-de-mitla-por-agresion-contra-maestros-de-la-seccion-22-del-snte-tambien-acuden-mandos-policiacos\/\" href=\"https:\/\/www.eluniversal.com.mx\/estados\/presentan-ante-mp-a-edil-de-mitla-por-agresion-contra-maestros-de-la-seccion-22-del-snte-tambien-acuden-mandos-policiacos\/\" target=\"_blank\" rel=\"noopener noreferrer\" data-mrf-link=\"https:\/\/www.eluniversal.com.mx\/estados\/presentan-ante-mp-a-edil-de-mitla-por-agresion-contra-maestros-de-la-seccion-22-del-snte-tambien-acuden-mandos-policiacos\/\"><b>revisar la temporalidad<\/b><\/a>\u00a0del actual subsidio de verano, con el objetivo de ampliar su cobertura a meses previos y posteriores al periodo vigente.<\/p>\n<p class=\"sc__font-paragraph\">Tambi\u00e9n, revisar y rectificar cobros que presentan diferencias relevantes respecto al historial de consumo de cada usuario; suspender los cortes de servicio a las familias que presentan reclamos por altos cobros y por \u00faltimo reconectar el servicio a los usuarios que no han podido pagar sus facturas por cobros elevados.<\/p>\n<p>&nbsp;<\/p>\n<\/div>\n<\/div>\n<\/div>\n<\/div>\n<\/div>\n<\/div>\n<\/div>\n<\/div>\n<div>Con informaci\u00f3n de El Universal<\/div>\n<div class=\"block\">\n<div class=\"info\">\n<div class=\"bylines font-2 bold fs12\">\n<div class=\"prev_fecha\">\n<div class=\"byline text-uppercase\"><\/div>\n<\/div>\n<\/div>\n<\/div>\n<\/div>\n","protected":false},"excerpt":{"rendered":"<p>Los legisladores expusieron que las condiciones clim\u00e1ticas extremas que prevalecen en el estado, obliga a las familias a utilizar sus equipos de ventilaci\u00f3n y refrigeraci\u00f3n. Javier Cabrera Mart\u00ednez Culiac\u00e1n, Sin a 28 de mayo. &#8211; La Junta de Coordinaci\u00f3n Pol\u00edtica del Congreso del Estado solicit\u00f3 a la\u00a0Secretar\u00eda de Hacienda\u00a0y a la Comisi\u00f3n Federal de Electricidad revisar la\u00a0temporalidad del subsidio\u00a0a las\u00a0tarifas de verano, revisar y rectificar los cobros excesivos, suspender los cortes a los usuarios y apoyar con reconexiones del servicio. Los diputados de las diversas fuerzas pol\u00edticas externaron su disposici\u00f3n de mantener un dialogo con los funcionarios de la CFE [&hellip;]<\/p>\n","protected":false},"author":3,"featured_media":147273,"comment_status":"open","ping_status":"open","sticky":false,"template":"","format":"standard","meta":{"_jetpack_newsletter_access":"","_jetpack_dont_email_post_to_subs":false,"_jetpack_newsletter_tier_id":0,"_jetpack_memberships_contains_paywalled_content":false,"_jetpack_feature_clip_id":0,"_jetpack_memberships_contains_paid_content":false,"footnotes":"","jetpack_publicize_message":"","jetpack_publicize_feature_enabled":true,"jetpack_social_post_already_shared":true,"jetpack_social_options":{"image_generator_settings":{"template":"highway","default_image_id":0,"font":"","enabled":false},"version":2},"jetpack_post_was_ever_published":false},"categories":[90],"tags":[],"class_list":["post-147263","post","type-post","status-publish","format-standard","has-post-thumbnail","hentry","category-estatal","post--single"],"jetpack_publicize_connections":[],"jetpack_featured_media_url":"https:\/\/ovelanalista.com\/wp-content\/uploads\/2026\/05\/Captura-de-pantalla-2026-05-29-a-las-7.45.41-a.m.png","jetpack_sharing_enabled":true,"_links":{"self":[{"href":"https:\/\/ovelanalista.com\/index.php?rest_route=\/wp\/v2\/posts\/147263","targetHints":{"allow":["GET"]}}],"collection":[{"href":"https:\/\/ovelanalista.com\/index.php?rest_route=\/wp\/v2\/posts"}],"about":[{"href":"https:\/\/ovelanalista.com\/index.php?rest_route=\/wp\/v2\/types\/post"}],"author":[{"embeddable":true,"href":"https:\/\/ovelanalista.com\/index.php?rest_route=\/wp\/v2\/users\/3"}],"replies":[{"embeddable":true,"href":"https:\/\/ovelanalista.com\/index.php?rest_route=%2Fwp%2Fv2%2Fcomments&post=147263"}],"version-history":[{"count":1,"href":"https:\/\/ovelanalista.com\/index.php?rest_route=\/wp\/v2\/posts\/147263\/revisions"}],"predecessor-version":[{"id":147274,"href":"https:\/\/ovelanalista.com\/index.php?rest_route=\/wp\/v2\/posts\/147263\/revisions\/147274"}],"wp:featuredmedia":[{"embeddable":true,"href":"https:\/\/ovelanalista.com\/index.php?rest_route=\/wp\/v2\/media\/147273"}],"wp:attachment":[{"href":"https:\/\/ovelanalista.com\/index.php?rest_route=%2Fwp%2Fv2%2Fmedia&parent=147263"}],"wp:term":[{"taxonomy":"category","embeddable":true,"href":"https:\/\/ovelanalista.com\/index.php?rest_route=%2Fwp%2Fv2%2Fcategories&post=147263"},{"taxonomy":"post_tag","embeddable":true,"href":"https:\/\/ovelanalista.com\/index.php?rest_route=%2Fwp%2Fv2%2Ftags&post=147263"}],"curies":[{"name":"wp","href":"https:\/\/api.w.org\/{rel}","templated":true}]}}