{"id":147310,"date":"2026-05-29T13:57:27","date_gmt":"2026-05-29T20:57:27","guid":{"rendered":"https:\/\/ovelanalista.com\/?p=147310"},"modified":"2026-05-29T13:57:27","modified_gmt":"2026-05-29T20:57:27","slug":"una-universidad-nace-dos-veces","status":"publish","type":"post","link":"https:\/\/ovelanalista.com\/?p=147310","title":{"rendered":"UNA UNIVERSIDAD NACE DOS VECES"},"content":{"rendered":"<div><strong>BIT\u00c1CORA INQUIETA<\/strong><\/div>\n<div><\/div>\n<div><\/div>\n<div>Primero cuando abre sus puertas; despu\u00e9s, cuando aprende a honrar a quienes le entregaron la vida entera<\/div>\n<div><\/div>\n<div><strong>JES\u00daS OCTAVIO MIL\u00c1N GIL<\/strong><\/div>\n<div><\/div>\n<div>Hay universidades que se construyen con ladrillos.<\/div>\n<div><\/div>\n<div>Y hay universidades que se construyen con vidas.<\/div>\n<div><\/div>\n<div>La diferencia parece peque\u00f1a, pero no lo es.<\/div>\n<div><\/div>\n<div>Los edificios envejecen. Los laboratorios se modernizan. Los equipos se sustituyen. Los planes de estudio cambian. Las generaciones pasan.<\/div>\n<div><\/div>\n<div>Las vidas que se entregan a una instituci\u00f3n, en cambio, permanecen.<\/div>\n<div><\/div>\n<div>Por eso, lo ocurrido en la Facultad de Ciencias Qu\u00edmico-Biol\u00f3gicas de la Universidad Aut\u00f3noma de Sinaloa durante la entrega del Galard\u00f3n a la Trascendencia FCQB \u201cErnesto Camacho S\u00e1nchez\u201d al Dr. Jorge Mil\u00e1n Carrillo fue mucho m\u00e1s que una ceremonia protocolaria.<\/div>\n<div><\/div>\n<div>Fue un ejercicio de memoria.<\/div>\n<div><\/div>\n<div>Y toda universidad que conserva memoria conserva futuro.<\/div>\n<div><\/div>\n<div>En el marco de los 152 a\u00f1os de la ense\u00f1anza de las ciencias qu\u00edmico-biol\u00f3gicas en la UAS, el homenaje permiti\u00f3 mirar hacia atr\u00e1s para comprender algo que con frecuencia olvidamos: detr\u00e1s de cada avance cient\u00edfico existe una historia humana.<\/div>\n<div><\/div>\n<div>Detr\u00e1s de cada investigador existe una familia.<\/div>\n<div><\/div>\n<div>Detr\u00e1s de cada publicaci\u00f3n existen sacrificios.<\/div>\n<div><\/div>\n<div>Detr\u00e1s de cada laboratorio existe una vocaci\u00f3n.<\/div>\n<div><\/div>\n<div>Y detr\u00e1s de cada vocaci\u00f3n existe una decisi\u00f3n que cambi\u00f3 para siempre el rumbo de una vida.<\/div>\n<div><\/div>\n<div>Discurso del Dr. Jorge Mil\u00e1n Carrillo<\/div>\n<div><\/div>\n<div>EL FACTOR HUMANO DETR\u00c1S DE LA EVOLUCI\u00d3N CIENT\u00cdFICA<\/div>\n<div><\/div>\n<div>Saludo con profundo respeto y gratitud a las autoridades que hoy nos<\/div>\n<div>acompa\u00f1an. Agradezco profundamente la presencia de la Dra. Nidia Yuniba<\/div>\n<div>Bru Corona, Secretaria General de nuestra Universidad Aut\u00f3noma de<\/div>\n<div>Sinaloa, quien nos honra con su representaci\u00f3n en nombre de nuestro se\u00f1or<\/div>\n<div>Rector, Dr. Jes\u00fas Madue\u00f1a Molina. Entendemos que por su apremiante<\/div>\n<div>agenda institucional no le fue posible acompa\u00f1arnos f\u00edsicamente el d\u00eda de<\/div>\n<div>hoy, pero le enviamos desde aqu\u00ed un cordial saludo y nuestro<\/div>\n<div>agradecimiento. De igual manera, saludo afectuosamente al director de nuestra Facultad de Ciencias Qu\u00edmico-Biol\u00f3gicas, el Dr. Eusiel Rubio<\/div>\n<div>Castro, as\u00ed como a todos los invitados especiales, miembros del pres\u00eddium,<\/div>\n<div>colegas, estudiantes y amigos que se dan cita el d\u00eda de hoy.<\/div>\n<div><\/div>\n<div>El fil\u00f3sofo S\u00f8ren Kierkegaard escribi\u00f3 alguna vez que \u00abLa vida solo puede ser comprendida mirando hacia atr\u00e1s, pero debe ser vivida mirando hacia adelante\u00bb. Hoy, al recibir el Galard\u00f3n a la Trascendencia FCQB &#8216;Ernesto<\/div>\n<div>Camacho S\u00e1nchez&#8217; en el marco de los 152 a\u00f1os de la ense\u00f1anza de las<\/div>\n<div>ciencias qu\u00edmico-biol\u00f3gicas en nuestra Universidad Aut\u00f3noma de Sinaloa,<\/div>\n<div>esa frase cobra para m\u00ed un sentido absoluto.<\/div>\n<div><\/div>\n<div>Para m\u00ed, esta celebraci\u00f3n tiene un eco muy personal e \u00edntimo: este a\u00f1o<\/div>\n<div>cumplo 50 a\u00f1os de labor ininterrumpida en nuestra Alma Mater. Medio siglo<\/div>\n<div>de vida entregado a nuestra comunidad universitaria.<\/div>\n<div><\/div>\n<div>Dicen por ah\u00ed que &#8216;el hubiera no existe&#8217;, y mi llegada a la Facultad de Ciencias Qu\u00edmico-Biol\u00f3gicas de esta Universidad es la prueba perfecta de ello. Si miro hacia<\/div>\n<div>atr\u00e1s para comprender mi vida, veo que mi historia no comenz\u00f3 con batas<\/div>\n<div>blancas. En mis a\u00f1os de bachillerato, mi verdadera pasi\u00f3n era el f\u00fatbol<\/div>\n<div>soccer. Como seleccionado juvenil de la UAS, fui llamado a representar a<\/div>\n<div>Sinaloa en la categor\u00eda menor de 16 a\u00f1os. Durante ese torneo, fui elegido<\/div>\n<div>junto con otros dos compa\u00f1eros para concentrarnos por dos meses en la<\/div>\n<div>Ciudad de M\u00e9xico con el equipo nacional. Al terminar, fui seleccionado para<\/div>\n<div>representar a M\u00e9xico en un torneo en Francia. Sin embargo, por mi edad,<\/div>\n<div>necesitaba el permiso de mi padre. Cuando regres\u00e9 a Sinaloa a pedirle su<\/div>\n<div>firma, su respuesta fue un rotundo &#8216;NO&#8217;. Me dijo que mi deber era estudiar y<\/div>\n<div>que lo har\u00eda aqu\u00ed, en Sinaloa. Ah\u00ed termin\u00f3 mi prometedor futuro futbol\u00edstico, pero, vi\u00e9ndolo a la distancia, ah\u00ed tambi\u00e9n comenz\u00f3 mi verdadera historia:<\/div>\n<div>me qued\u00e9 y continu\u00e9 mi carrera profesional en nuestra querida UAS.<\/div>\n<div><\/div>\n<div>Y qu\u00e9 bueno que me qued\u00e9, porque mi historia docente tuvo entonces un<\/div>\n<div>origen muy peculiar, motivado por el coraz\u00f3n. Siendo apenas estudiante de<\/div>\n<div>segundo a\u00f1o de Ingenier\u00eda Qu\u00edmica, viv\u00eda en Costa Rica, Sinaloa. Ah\u00ed<\/div>\n<div>iniciaba la preparatoria popular en turno vespertino y yo asist\u00eda todos los<\/div>\n<div>d\u00edas, no por af\u00e1n acad\u00e9mico, sino porque ah\u00ed estudiaba una muchacha muy<\/div>\n<div>guapa e inteligente que me gustaba much\u00edsimo.<\/div>\n<div><\/div>\n<div>Como hab\u00eda una gran necesidad de maestros, un d\u00eda mis amigos y maestros de aquella preparatoria, entre ellos Jes\u00fas Octavio Mil\u00e1n Gil, Jaime W. Espinoza Pe\u00f1a y Benjam\u00edn L\u00f3pez Trapero, me acorralaron amistosamente y me dijeron: \u00abOye, si vienes todos los d\u00edas, \u00bfpor qu\u00e9 no nos das clases? No tenemos maestro de qu\u00edmica ni de f\u00edsica para segundo a\u00f1o\u00bb. Y fue as\u00ed, por querer estar cerca de ella, que inici\u00e9 mi labor frente a un pizarr\u00f3n. Lo ir\u00f3nico es que al terminar el<\/div>\n<div>semestre ella se fue a cursar el segundo grado a Culiac\u00e1n y ya no pude<\/div>\n<div>darle clases; pero en el proceso descubr\u00ed una vocaci\u00f3n para toda la vida, y<\/div>\n<div>aquella muchacha, Evelia, aqu\u00ed presente, afortunadamente, hoy es mi<\/div>\n<div>esposa.<\/div>\n<div>Ese fue mi inicio, pero mi salto hacia la investigaci\u00f3n tuvo su propia prueba<\/div>\n<div>de fuego. En septiembre de 1992, busqu\u00e9 ingresar a la Maestr\u00eda en Ciencia<\/div>\n<div>y Tecnolog\u00eda de Alimentos. Para ingresar era necesario acreditar las<\/div>\n<div>diversas materias del curso proped\u00e9utico.<\/div>\n<div><\/div>\n<div>Durante el desarrollo de dicho curso, un cicl\u00f3n arras\u00f3 el centro de Sinaloa y nos dej\u00f3 sin energ\u00eda el\u00e9ctrica durante dos largas semanas. Fue entonces cuando mi familia demostr\u00f3 ser mi verdadero motor:<\/div>\n<div>conectamos la bater\u00eda del carro para tener una iluminaci\u00f3n m\u00ednima en casa<\/div>\n<div>y as\u00ed poder estudiar. Bajo esa luz tenue y acompa\u00f1ado de mi esposa y mis<\/div>\n<div>hijas, logr\u00e9 ingresar al posgrado, cambiando para siempre el devenir de lo<\/div>\n<div>que soy hoy.<\/div>\n<div><\/div>\n<div>En este proceso de formaci\u00f3n, no camin\u00e9 solo. Quiero expresar mi m\u00e1s<\/div>\n<div>profundo agradecimiento a mis profesores de licenciatura, quienes me dieron las bases<\/div>\n<div>fundamentales; a mis mentores de la maestr\u00eda, destacando al M.C. Antelmo<\/div>\n<div>R\u00edos Morgan, al Dr. C\u00e9sar Avelino Ordorica Falomir y al Dr. Benigno Vald\u00e9s<\/div>\n<div>Torre, que me introdujeron a la investigaci\u00f3n; y a mi gu\u00eda en la maestr\u00eda y<\/div>\n<div>doctorado, el Dr. Cuauht\u00e9moc Reyes Moreno, quien puli\u00f3 mi visi\u00f3n cient\u00edfica.<\/div>\n<div><\/div>\n<div>Mi vocaci\u00f3n tambi\u00e9n me llam\u00f3 a servir desde la gesti\u00f3n institucional. Fui<\/div>\n<div>funcionario universitario en varias etapas (2005-2011 y 2021-2025) y tuve el<\/div>\n<div>enorme honor de dirigir esta Facultad de 2011 a 2021. Desde ah\u00ed, asum\u00ed el<\/div>\n<div>reto de impulsar la calidad y la mejora continua de nuestra Universidad. En este camino, hice equipo con grandes l\u00edderes: mi recuerdo y gratitud al Ing.<\/div>\n<div>David Moreno Liz\u00e1rraga, al M.C. H\u00e9ctor Melesio Cu\u00e9n Ojeda (Q.E.P.D.)<\/div>\n<div>durante su periodo rectoral de 2005 a 2009, al Dr. V\u00edctor Antonio Corrales<\/div>\n<div>Burgue\u00f1o (2009-2011), y al Dr. Juan Eulogio Guerra Liera, con quien trabaj\u00e9<\/div>\n<div>estrechamente. Asimismo, extiendo mi m\u00e1s sincero agradecimiento a<\/div>\n<div>nuestro actual rector por el invaluable respaldo brindado durante mi reciente<\/div>\n<div>gesti\u00f3n. Hoy he dejado la funci\u00f3n institucional para retomar mi gran pasi\u00f3n,<\/div>\n<div>siendo nuevamente profesor investigador de tiempo completo.<\/div>\n<div><\/div>\n<div>A lo largo de 50 a\u00f1os, el contraste tecnol\u00f3gico que he presenciado es<\/div>\n<div>asombroso. Jam\u00e1s hubi\u00e9ramos imaginado que terminar\u00edamos en desarrollo<\/div>\n<div>de alimentos funcionales y nutrac\u00e9uticos a partir de bioprocesos. Sin<\/div>\n<div>embargo, la verdadera maravilla no son los equipos, sino el ingenio de las<\/div>\n<div>personas. Una an\u00e9cdota lo ilustra perfecto: como equipo del Laboratorio 18<\/div>\n<div>de la FCQB, logramos un premio nacional en una \u00e9poca de m\u00ednima infraestructura. \u00bfC\u00f3mo lo logramos? Durante un congreso nacional, en un espacio de convivencia acad\u00e9mica, entablamos di\u00e1logo con investigadoras de diversas instituciones del pa\u00eds, entre ellas el IPN, la UNAM y la UNISON. De aquellas conversaciones surgieron v\u00ednculos de colaboraci\u00f3n que nos permitieron acceder a equipos que no ten\u00edamos y articular el proyecto que posteriormente obtuvo el Premio Nacional de Ciencia y Tecnolog\u00eda en 1999. El c\u00e9lebre divulgador Carl Sagan dec\u00eda que &#8216;la ciencia no es solo una disciplina de la raz\u00f3n, sino tambi\u00e9n de romance y<\/div>\n<div>pasi\u00f3n&#8217;, y puedo asegurarles que fue esa misma pasi\u00f3n la que nos hizo<\/div>\n<div>superar cualquier carencia y demostrar c\u00f3mo se hace realmente la ciencia.<\/div>\n<div><\/div>\n<div>Por otro lado, el gran maestro Paulo Freire afirmaba que &#8216;la educaci\u00f3n no<\/div>\n<div>cambia al mundo, cambia a las personas que van a cambiar el mundo&#8217;. Y en<\/div>\n<div>este medio siglo, mi mayor privilegio ha sido precisamente ese: ver madurar<\/div>\n<div>a decenas de generaciones. Como docente e investigador, he participado<\/div>\n<div>en la formaci\u00f3n de Qu\u00edmico Farmac\u00e9utico Bi\u00f3logo (QFB), Ingeniero Qu\u00edmico (IQ) e Ingeniero Bioqu\u00edmico (IBQ), hasta llegar a la inmensa satisfacci\u00f3n de ser fundador de nuestra m\u00e1s reciente licenciatura: la Licenciado en\u00a0 Biotecnolog\u00eda Gen\u00f3mica (LBG). Este orgullo se extiende a nuestros egresados de los posgrados en Ciencia y Tecnolog\u00eda<\/div>\n<div>de Alimentos y en Biotecnolog\u00eda, que hoy celebran sus 35 y 30 a\u00f1os de excelencia, respectivamente.<\/div>\n<div><\/div>\n<div>Este viaje en la investigaci\u00f3n jam\u00e1s habr\u00eda sido posible sin el apoyo del<\/div>\n<div>grupo de investigaci\u00f3n al que pertenezco, encabezado por el Dr. Cuauht\u00e9moc Reyes Moreno e integrado tambi\u00e9n por el Dr. Roberto Guti\u00e9rrez Dorado, la Dra. Edith Oliva Cuevas Rodr\u00edguez y la Dra. Saraid Mora Roch\u00edn. Juntos hemos<\/div>\n<div>consolidado proyectos en la LGAC de Alimentos Funcionales y Bioprocesos,<\/div>\n<div>as\u00ed como la creaci\u00f3n del futuro Centro de Investigaci\u00f3n para la Agrosalud de<\/div>\n<div>Sinaloa (CIAS-UAS).<\/div>\n<div><\/div>\n<div>Pero todo este camino, con sus largas jornadas, desvelos, \u00e9xitos y encrucijadas, habr\u00eda sido completamente imposible sin mi mayor fortaleza,<\/div>\n<div>mi refugio y mi paz: mi familia. A ellos quiero expresarles hoy mi m\u00e1s profunda e infinita gratitud. La trascendencia acad\u00e9mica de la que hoy se habla no es un logro individual; es el resultado directo de su apoyo incondicional, de su paciencia generosa y de una solidaridad silenciosa pero poderosa que me sostuvo en cada momento de estos 50 a\u00f1os.<\/div>\n<div><\/div>\n<div>Dedico este momento con infinito amor a mi madre, Do\u00f1a Eva, origen de mis valores y de mi perseverancia; y a mis hermanos: Jos\u00e9 Rodolfo, Jos\u00e9<\/div>\n<div>Arturo, Jos\u00e9 Ignacio, Leticia, Enrique, Mirna Emilia y Francisco, por su hermandad y su respaldo a lo largo de toda la vida.<\/div>\n<div><\/div>\n<div>Principalmente, mi reconocimiento m\u00e1s profundo y mi coraz\u00f3n entero son para aquella muchacha de la preparatoria que inspir\u00f3 mi primera clase, la misma que a\u00f1os despu\u00e9s, demostrando una solidaridad inquebrantable,<\/div>\n<div>me acompa\u00f1\u00f3 bajo la luz tenue de una bater\u00eda de carro para que yo pudiera<\/div>\n<div>estudiar y construir un futuro. Gracias, mi esposa Evelia, por ser mi pilar y mi compa\u00f1era de vida. A mis tres hijas: Ada Keila, Evelia Mar\u00eda y Sylvia Arely, que son mi mayor orgullo, mi inspiraci\u00f3n diaria y la raz\u00f3n de cada uno<\/div>\n<div>de mis esfuerzos. A mis yernos, \u00c1lvaro e Iv\u00e1n, por sumar cari\u00f1o, respeto y alegr\u00eda a nuestro hogar; y a mis cuatro nietos: Ivanna Lizzete, Jorge Andreu, Iv\u00e1n Nicol\u00e1s y \u00c1lvaro, quienes son la luz de mis d\u00edas y la m\u00e1s hermosa promesa del futuro. Este galard\u00f3n no me pertenece a m\u00ed solo, es enteramente de ustedes, porque su amor es el verdadero premio de mi vida.<\/div>\n<div><\/div>\n<div>Victor Hugo nos dej\u00f3 una reflexi\u00f3n que conserva plena vigencia: \u00abEl futuro tiene muchos<\/div>\n<div>nombres. Para los d\u00e9biles es lo inalcanzable. Para los temerosos, lo<\/div>\n<div>desconocido. Para los valientes es la oportunidad\u00bb.<\/div>\n<div><\/div>\n<div><img loading=\"lazy\" decoding=\"async\" class=\"wp-image-147318 aligncenter\" src=\"https:\/\/ovelanalista.com\/wp-content\/uploads\/2026\/05\/WhatsApp-Image-2026-05-29-at-10.50.55-AM-200x300.jpeg\" alt=\"\" width=\"559\" height=\"839\" srcset=\"https:\/\/ovelanalista.com\/wp-content\/uploads\/2026\/05\/WhatsApp-Image-2026-05-29-at-10.50.55-AM-200x300.jpeg 200w, https:\/\/ovelanalista.com\/wp-content\/uploads\/2026\/05\/WhatsApp-Image-2026-05-29-at-10.50.55-AM-683x1024.jpeg 683w, https:\/\/ovelanalista.com\/wp-content\/uploads\/2026\/05\/WhatsApp-Image-2026-05-29-at-10.50.55-AM-768x1152.jpeg 768w, https:\/\/ovelanalista.com\/wp-content\/uploads\/2026\/05\/WhatsApp-Image-2026-05-29-at-10.50.55-AM-400x600.jpeg 400w, https:\/\/ovelanalista.com\/wp-content\/uploads\/2026\/05\/WhatsApp-Image-2026-05-29-at-10.50.55-AM-750x1125.jpeg 750w, https:\/\/ovelanalista.com\/wp-content\/uploads\/2026\/05\/WhatsApp-Image-2026-05-29-at-10.50.55-AM.jpeg 1024w\" sizes=\"auto, (max-width: 559px) 100vw, 559px\" \/><\/div>\n<div><\/div>\n<div>Al mirar hacia el ma\u00f1ana, no puedo dejar de reflexionar sobre la universidad<\/div>\n<div>p\u00fablica del futuro y, muy en especial, sobre nuestra Universidad Aut\u00f3noma<\/div>\n<div>de Sinaloa. El presente nos exige ser una instituci\u00f3n resiliente, innovadora<\/div>\n<div>y profundamente conectada con las necesidades de nuestra sociedad. El<\/div>\n<div>futuro que todos los universitarios deseamos para la UAS es uno donde se<\/div>\n<div>mantenga inquebrantable su autonom\u00eda, su car\u00e1cter humanista y su excelencia acad\u00e9mica. So\u00f1amos y trabajamos para una universidad que siga<\/div>\n<div>siendo el gran igualador social, un faro de conocimiento abierto a todos,<\/div>\n<div>capaz de competir a nivel global sin perder su esencia local. Una universidad<\/div>\n<div>que, as\u00ed como me dio a m\u00ed la oportunidad de cambiar una cancha de f\u00fatbol<\/div>\n<div>por un laboratorio y una vida como docente e investigador, siga<\/div>\n<div>transformando los destinos de miles de j\u00f3venes sinaloenses.<\/div>\n<div><\/div>\n<div>C\u00f3mo escribi\u00f3 Gabriel Garc\u00eda M\u00e1rquez \u00abla vida no es la que<\/div>\n<div>uno vivi\u00f3, sino la que uno recuerda y c\u00f3mo la recuerda para contarla\u00bb. Y<\/div>\n<div>hoy, al contemplar este medio siglo de trayectoria, mi memoria est\u00e1 colmada<\/div>\n<div>de una profunda satisfacci\u00f3n. La ciencia y la tecnolog\u00eda avanzan, y los<\/div>\n<div>cargos son temporales, pero el amor de la familia, el esp\u00edritu de nuestra<\/div>\n<div>comunidad universitaria y la vocaci\u00f3n de ense\u00f1ar son los pilares que<\/div>\n<div>permanecen intactos. La determinaci\u00f3n de mi padre al encauzar mis pasos hacia el estudio traz\u00f3 el camino definitivo hacia la vida acad\u00e9mica, cient\u00edfica y familiar que hoy celebro con profunda gratitud ante todos ustedes.<\/div>\n<div><\/div>\n<div>Y si algo he aprendido en estos cincuenta a\u00f1os es que la ciencia avanza gracias al conocimiento, pero trasciende gracias a las personas. Los laboratorios cambian, las tecnolog\u00edas evolucionan y los cargos son pasajeros; sin embargo, la vocaci\u00f3n de servir, la gratitud hacia quienes nos formaron y el amor de la familia permanecen como las fuerzas que verdaderamente transforman una vida.<\/div>\n<div><\/div>\n<div>Por ello, recibo este galard\u00f3n no como una meta alcanzada, sino como un compromiso renovado para seguir contribuyendo, desde la docencia, la investigaci\u00f3n y el ejemplo, a la construcci\u00f3n de una Universidad Aut\u00f3noma de Sinaloa cada vez m\u00e1s fuerte, m\u00e1s humana y m\u00e1s trascendente.<\/div>\n<div><\/div>\n<div>\u00a1Larga vida a la Facultad de Ciencias Qu\u00edmico-Biol\u00f3gicas!<\/div>\n<div><\/div>\n<div>\u00a1Larga vida a nuestra Universidad Aut\u00f3noma de Sinaloa!<\/div>\n<div>.<\/div>\n","protected":false},"excerpt":{"rendered":"<p>BIT\u00c1CORA INQUIETA Primero cuando abre sus puertas; despu\u00e9s, cuando aprende a honrar a quienes le entregaron la vida entera JES\u00daS OCTAVIO MIL\u00c1N GIL Hay universidades que se construyen con ladrillos. Y hay universidades que se construyen con vidas. La diferencia parece peque\u00f1a, pero no lo es. Los edificios envejecen. Los laboratorios se modernizan. Los equipos se sustituyen. Los planes de estudio cambian. Las generaciones pasan. Las vidas que se entregan a una instituci\u00f3n, en cambio, permanecen. Por eso, lo ocurrido en la Facultad de Ciencias Qu\u00edmico-Biol\u00f3gicas de la Universidad Aut\u00f3noma de Sinaloa durante la entrega del Galard\u00f3n a la Trascendencia [&hellip;]<\/p>\n","protected":false},"author":3,"featured_media":120052,"comment_status":"open","ping_status":"open","sticky":false,"template":"","format":"standard","meta":{"_jetpack_newsletter_access":"","_jetpack_dont_email_post_to_subs":false,"_jetpack_newsletter_tier_id":0,"_jetpack_memberships_contains_paywalled_content":false,"_jetpack_feature_clip_id":0,"_jetpack_memberships_contains_paid_content":false,"footnotes":"","jetpack_publicize_message":"","jetpack_publicize_feature_enabled":true,"jetpack_social_post_already_shared":true,"jetpack_social_options":{"image_generator_settings":{"template":"highway","default_image_id":0,"font":"","enabled":false},"version":2},"jetpack_post_was_ever_published":false},"categories":[104],"tags":[],"class_list":["post-147310","post","type-post","status-publish","format-standard","has-post-thumbnail","hentry","category-columnistas-estatales","post--single"],"jetpack_publicize_connections":[],"jetpack_featured_media_url":"https:\/\/ovelanalista.com\/wp-content\/uploads\/2025\/05\/WhatsApp-Image-2025-05-12-at-10.17.27-AM.jpeg","jetpack_sharing_enabled":true,"_links":{"self":[{"href":"https:\/\/ovelanalista.com\/index.php?rest_route=\/wp\/v2\/posts\/147310","targetHints":{"allow":["GET"]}}],"collection":[{"href":"https:\/\/ovelanalista.com\/index.php?rest_route=\/wp\/v2\/posts"}],"about":[{"href":"https:\/\/ovelanalista.com\/index.php?rest_route=\/wp\/v2\/types\/post"}],"author":[{"embeddable":true,"href":"https:\/\/ovelanalista.com\/index.php?rest_route=\/wp\/v2\/users\/3"}],"replies":[{"embeddable":true,"href":"https:\/\/ovelanalista.com\/index.php?rest_route=%2Fwp%2Fv2%2Fcomments&post=147310"}],"version-history":[{"count":1,"href":"https:\/\/ovelanalista.com\/index.php?rest_route=\/wp\/v2\/posts\/147310\/revisions"}],"predecessor-version":[{"id":147319,"href":"https:\/\/ovelanalista.com\/index.php?rest_route=\/wp\/v2\/posts\/147310\/revisions\/147319"}],"wp:featuredmedia":[{"embeddable":true,"href":"https:\/\/ovelanalista.com\/index.php?rest_route=\/wp\/v2\/media\/120052"}],"wp:attachment":[{"href":"https:\/\/ovelanalista.com\/index.php?rest_route=%2Fwp%2Fv2%2Fmedia&parent=147310"}],"wp:term":[{"taxonomy":"category","embeddable":true,"href":"https:\/\/ovelanalista.com\/index.php?rest_route=%2Fwp%2Fv2%2Fcategories&post=147310"},{"taxonomy":"post_tag","embeddable":true,"href":"https:\/\/ovelanalista.com\/index.php?rest_route=%2Fwp%2Fv2%2Ftags&post=147310"}],"curies":[{"name":"wp","href":"https:\/\/api.w.org\/{rel}","templated":true}]}}