{"id":147316,"date":"2026-05-29T13:59:59","date_gmt":"2026-05-29T20:59:59","guid":{"rendered":"https:\/\/ovelanalista.com\/?p=147316"},"modified":"2026-05-29T13:59:59","modified_gmt":"2026-05-29T20:59:59","slug":"en-el-blanco-por-fernando-zepeda-h-37","status":"publish","type":"post","link":"https:\/\/ovelanalista.com\/?p=147316","title":{"rendered":"En el blanco por Fernando Zepeda H."},"content":{"rendered":"<p><em><strong>*El cinismo desbordante de Inzunza Cazarez quedo de manifiesta con su licencia al cargo\u2026Por dos d\u00edas<\/strong><\/em><br \/>\n<em><strong>*El suplente, Omar L\u00f3pez Campos, rindi\u00f3 protesta ayer, pero ni siquiera calentar\u00e1 la curul porque tendr\u00e1 que regres\u00e1rsela a Inzunza. El suplente se regresar\u00e1 a Sebides<\/strong><\/em><br \/>\n<em><strong>*Dos nuevos mensajes le env\u00eda EEUU a la Presidenta Sheinbaum. Cancelan su visita a M\u00e9xico la Zar antidrogas y el representante comercial de Estados Unidos y clave para el TMec<\/strong><\/em><br \/>\n<em><strong>*En el Cabildo de Mazatl\u00e1n la puesta en escena del circo, maroma y teatro les sienta bien<\/strong><\/em><br \/>\n<em><strong>*Se niegan a que el titular de Cultura comparezca ante Cabildo para que rinda cuentas de los ingresos y el costo del Carnaval. No les cuadran las cuentas<\/strong><\/em><br \/>\n<em><strong>*Los regidores, incluidos tres de la supuesta oposici\u00f3n, bloquean la rendici\u00f3n de cuentas que demandan los regidores Gonz\u00e1lez, Torres y Chollet<\/strong><\/em><br \/>\n<em><strong>*En Escuinapa se vivi\u00f3 ayer jueves un amanecer de terror. El sonido de las armas de fuego y explosiones en diversos puntos de la cabecera municipal, despertaron a los ciudadanos<\/strong><\/em><br \/>\n<em><strong>*El edificio del Hospital General de Escuinapa fue balaceado por sujetos fuertemente armados que han implantado el terror en ese municipio<\/strong><\/em><br \/>\n<em><strong>*La Fiscal\u00eda General de la Republica no sabe donde est\u00e1n 3 de los acusados por EEUU de estar vinculados con el narco. Solo cinco comparecieron. Los dos restantes ya saben que est\u00e1n en Nueva York<\/strong><\/em><\/p>\n<p><em><strong>El cinismo de Inzunza.<\/strong><\/em>\u00a0Un mes despu\u00e9s de que Estados Unidos lo acuso de tener v\u00ednculos con el narcotr\u00e1fico, el Senador Enrique Inzunza Cazarez solicito ayer licencia al cargo. Y no es una licencia por un mes o hasta que su caso se resuelva. \u00a1No!. Es solamente por dos d\u00edas. Si ley\u00f3 bien. Por las dos sesiones que la Comisi\u00f3n Permanente del Senado habr\u00e1 de sesionar para concluir el periodo. El regreso esta programado para el mes de agosto. Ahhh, entonces Inzunza Cazarez despu\u00e9s de las dos sesiones de la Permanente, podr\u00e1 seguir cobrando su \u201cdieta\u201d como Senador. Pero algo m\u00e1s importante, mantendr\u00e1 su fuero. Porque sin fuero, los riesgos de ser detenido ya sea por la Fiscal\u00eda General de la Republica (que seria algo inesperado) pero si por los estadounidenses que lo reclaman para presentarlo en el Tribunal Federal del sur de Nueva York.<\/p>\n<p><img loading=\"lazy\" decoding=\"async\" class=\"alignnone size-large wp-image-226313 td-animation-stack-type0-2\" src=\"https:\/\/sinaloaenlinea.com\/wp-content\/uploads\/2026\/05\/inzunza-3-1-1024x682.jpeg\" sizes=\"auto, (max-width: 696px) 100vw, 696px\" srcset=\"https:\/\/sinaloaenlinea.com\/wp-content\/uploads\/2026\/05\/inzunza-3-1-1024x682.jpeg 1024w, https:\/\/sinaloaenlinea.com\/wp-content\/uploads\/2026\/05\/inzunza-3-1-300x200.jpeg 300w, https:\/\/sinaloaenlinea.com\/wp-content\/uploads\/2026\/05\/inzunza-3-1-768x512.jpeg 768w, https:\/\/sinaloaenlinea.com\/wp-content\/uploads\/2026\/05\/inzunza-3-1-1536x1024.jpeg 1536w, https:\/\/sinaloaenlinea.com\/wp-content\/uploads\/2026\/05\/inzunza-3-1-2048x1365.jpeg 2048w, https:\/\/sinaloaenlinea.com\/wp-content\/uploads\/2026\/05\/inzunza-3-1-630x420.jpeg 630w, https:\/\/sinaloaenlinea.com\/wp-content\/uploads\/2026\/05\/inzunza-3-1-150x100.jpeg 150w, https:\/\/sinaloaenlinea.com\/wp-content\/uploads\/2026\/05\/inzunza-3-1-696x464.jpeg 696w, https:\/\/sinaloaenlinea.com\/wp-content\/uploads\/2026\/05\/inzunza-3-1-1068x712.jpeg 1068w, https:\/\/sinaloaenlinea.com\/wp-content\/uploads\/2026\/05\/inzunza-3-1-1920x1280.jpeg 1920w\" alt=\"\" width=\"696\" height=\"464\" \/><\/p>\n<p>Inzunza Cazarez es el ultimo de los 10 reclamados por la justicia de EEUU que se negaba a solicitar licencia al cargo. En sus redes, el Senador con licencia aseguro que se encontraba en la Camara de Senadores desde el mi\u00e9rcoles, para presentar la solicitud de licencia ayer jueves. Pero nadie logro verlo. Quien s\u00ed apareci\u00f3 fue su suplente Omar L\u00f3pez Campos, que presento la solicitud de licencia de Inzunza Cazarez y horas despu\u00e9s rindi\u00f3 protesta como Senador. L\u00f3pez Campos hasta ayer se desempe\u00f1aba como Secretario de Bienestar y Desarrollo Sustentable de Sinaloa. Cargo que probablemente seguir\u00e1 ocupando, luego de las dos sesiones de la Comisi\u00f3n Permanente del Senado, para que despu\u00e9s siga Inzunza Cazarez cobrando y manteniendo su fuero. L\u00f3pez Campos solicito a su vez licencia para separarse de la Secretaria de Sebides. La Senadora priista Carolina Viggiano califico a Inzunza Cazarez como \u201cun farsante y vulgar narcotraficante\u201d. Y remato: \u201cNo merece estar en el Senado\u201d. Y es que, con la actitud de Inzunza Cazarez, su arrogancia, prepotencia y cinismo se ha ganado el rechazo no solo se lideres de la oposici\u00f3n, sino tambi\u00e9n de su propio partido Morena. Viggiano considero que \u201csi realmente no tuviera algo que ocultar, aqu\u00ed estar\u00eda dando la cara\u2026Pero se esconde\u2026es un farsante\u201d.<\/p>\n<p><em><strong>EEUU nuevos mensajes a Sheinbaum.<\/strong><\/em>\u00a0\u00bfRealmente la Presidenta de M\u00e9xico no entiende los mensajes que le est\u00e1 enviando Estados Unidos?. O simple y llanamente, busca pasarlos por alto, como si no existieran. Y continuar as\u00ed con su narrativa de que se est\u00e1 combatiendo a los carteles de las drogas. De que se act\u00faa contra pol\u00edticos se\u00f1alados como c\u00f3mplices de narcotraficantes. Que los \u00edndices de violencia van a la baja como en un tobog\u00e1n. Que le basta con envolverse en la bandera de la soberan\u00eda.<\/p>\n<p><img loading=\"lazy\" decoding=\"async\" class=\"alignnone size-large wp-image-226314 td-animation-stack-type0-2\" src=\"https:\/\/sinaloaenlinea.com\/wp-content\/uploads\/2026\/05\/sara-carter-zarina-antidrogas-de-eeuu-1024x631.jpg\" sizes=\"auto, (max-width: 696px) 100vw, 696px\" srcset=\"https:\/\/sinaloaenlinea.com\/wp-content\/uploads\/2026\/05\/sara-carter-zarina-antidrogas-de-eeuu-1024x631.jpg 1024w, https:\/\/sinaloaenlinea.com\/wp-content\/uploads\/2026\/05\/sara-carter-zarina-antidrogas-de-eeuu-300x185.jpg 300w, https:\/\/sinaloaenlinea.com\/wp-content\/uploads\/2026\/05\/sara-carter-zarina-antidrogas-de-eeuu-768x474.jpg 768w, https:\/\/sinaloaenlinea.com\/wp-content\/uploads\/2026\/05\/sara-carter-zarina-antidrogas-de-eeuu-681x420.jpg 681w, https:\/\/sinaloaenlinea.com\/wp-content\/uploads\/2026\/05\/sara-carter-zarina-antidrogas-de-eeuu-150x93.jpg 150w, https:\/\/sinaloaenlinea.com\/wp-content\/uploads\/2026\/05\/sara-carter-zarina-antidrogas-de-eeuu-696x429.jpg 696w, https:\/\/sinaloaenlinea.com\/wp-content\/uploads\/2026\/05\/sara-carter-zarina-antidrogas-de-eeuu-1068x659.jpg 1068w, https:\/\/sinaloaenlinea.com\/wp-content\/uploads\/2026\/05\/sara-carter-zarina-antidrogas-de-eeuu-356x220.jpg 356w, https:\/\/sinaloaenlinea.com\/wp-content\/uploads\/2026\/05\/sara-carter-zarina-antidrogas-de-eeuu.jpg 1200w\" alt=\"\" width=\"696\" height=\"429\" \/><\/p>\n<p>Para que EEUU deje de presionar para que les entreguen a los funcionarios y exfuncionarios acusados de ser c\u00f3mplices del narco. Sheinbaum debe de estar preocupada cuando dos altos funcionarios de la administraci\u00f3n Trump cancelaron sus visitas a M\u00e9xico de ultima hora. La Zar antidrogas Sara Carter que ten\u00eda programada estar en M\u00e9xico el pasado lunes. Y Jamieson Greer, Representante Comercial de Estados Unidos. Un elemento clave en las negociaciones del TMec. El tema del combate a los carteles de las drogas y de pol\u00edticos se\u00f1alados como c\u00f3mplices pare que corre paralelo a las negociaciones que ya arrancaron del Tratado de Libre Comercio.<\/p>\n<p><em><strong>Circo, maroma y teatro.<\/strong><\/em>\u00a0En el Cabildo de Mazatl\u00e1n la \u201cl\u00ednea\u201d es no hacer olas. Y pareciera que se prefiere nadar de muertito ante los temas que se abordan y que no son del agrado de la alcaldesa Estrella Palacios. Ser testigos de la sesi\u00f3n de Cabildo de ayer confirma la falta de oficio pol\u00edtico de quienes hoy administran el Ayuntamiento de Mazatl\u00e1n. El regidor de Morena Giovanni Gonz\u00e1lez presento el punto de acuerdo para llamar a comparecer al Director de Cultura Oscar Garc\u00eda, por la sencilla raz\u00f3n de que, a la fecha, no ha rendido un informe de gastos e ingresos del pasado Carnaval de Mazatl\u00e1n. Tres meses no han bastado para que Cultura \u201ccuadre\u201d sus n\u00fameros. Y como la administraci\u00f3n de Estrella Palacios no es muy dada a la transparencia, arengo a sus \u201calfiles\u201d regidores del Cabildo para votar en contra de que sea llamado a comparecer Oscar Garc\u00eda. Para encabezar el rechazo, se \u201cmovi\u00f3\u201d a la jovencita regidora de morena Alina Quintero.<\/p>\n<p><img loading=\"lazy\" decoding=\"async\" class=\"alignnone size-large wp-image-226315 td-animation-stack-type0-2\" src=\"https:\/\/sinaloaenlinea.com\/wp-content\/uploads\/2026\/05\/451027051_1845817429228202_3735346610685671011_n-1024x1024.jpg\" sizes=\"auto, (max-width: 696px) 100vw, 696px\" srcset=\"https:\/\/sinaloaenlinea.com\/wp-content\/uploads\/2026\/05\/451027051_1845817429228202_3735346610685671011_n-1024x1024.jpg 1024w, https:\/\/sinaloaenlinea.com\/wp-content\/uploads\/2026\/05\/451027051_1845817429228202_3735346610685671011_n-300x300.jpg 300w, https:\/\/sinaloaenlinea.com\/wp-content\/uploads\/2026\/05\/451027051_1845817429228202_3735346610685671011_n-150x150.jpg 150w, https:\/\/sinaloaenlinea.com\/wp-content\/uploads\/2026\/05\/451027051_1845817429228202_3735346610685671011_n-768x768.jpg 768w, https:\/\/sinaloaenlinea.com\/wp-content\/uploads\/2026\/05\/451027051_1845817429228202_3735346610685671011_n-420x420.jpg 420w, https:\/\/sinaloaenlinea.com\/wp-content\/uploads\/2026\/05\/451027051_1845817429228202_3735346610685671011_n-696x696.jpg 696w, https:\/\/sinaloaenlinea.com\/wp-content\/uploads\/2026\/05\/451027051_1845817429228202_3735346610685671011_n-1068x1068.jpg 1068w, https:\/\/sinaloaenlinea.com\/wp-content\/uploads\/2026\/05\/451027051_1845817429228202_3735346610685671011_n.jpg 1361w\" alt=\"\" width=\"696\" height=\"696\" \/><\/p>\n<p>Lo mismo opinaron de Rafael Mendoza, regidor del PAS, que jam\u00e1s opina ni pide la palabra. Salvo cuando se aborda un tema de educaci\u00f3n. El otro tema abordado por la regidora de Morena Fabiola Torres fue el adeudo del Acuario Mazatl\u00e1n. Pidi\u00f3 que se analice el caso. Que jur\u00eddicamente se evalu\u00e9. Y cuantifico el adeudo a m\u00e1s de 40 millones de pesos. En ambos temas los regidores afines a la alcaldesa intentaron puntualizar que esos casos y expresiones se vean en comisiones. Dejando de lado que el pleno del Cabildo es la m\u00e1xima autoridad en el Ayuntamiento. La regidora priista Maribel Chollet integrante del consejo de Cultura aseguro que en la rendici\u00f3n de cuentas \u201cvan desfasados\u201d. Se sumo a la petici\u00f3n de que compareciera Oscar Garc\u00eda. Pero los regidores de Morena en su mayor\u00eda, con el voto de tres de la supuesta oposici\u00f3n, del PAN, de MC y PAS, rechazaron la comparecencia que por Ley obliga a los funcionarios a acudir a rendir cuentas. Chollet no se cansa de insistir que la alcaldesa y sus incondicionales est\u00e1n pisoteando la Ley y los reglamentos. Que mantienen una cerraz\u00f3n en transparentar la administraci\u00f3n. Y les echa en cara la falta de oficio pol\u00edtico. Y tiene sobrada raz\u00f3n.<\/p>\n<p><em><strong>Amanecer de terror en Escuinapa.<\/strong><\/em>\u00a0Apenas asomaba el Sol en la cabecera municipal de Escuinapa cuando la tranquilidad de las familias se vio interrumpida con el sonido de armas de fuego. En medio de la traquetera, vino un estruendo que estremeci\u00f3 a muchas viviendas. Se trato de un ataque con explosivos en contra del edificio del Hospital general de Escuinapa.<\/p>\n<p><img loading=\"lazy\" decoding=\"async\" class=\"alignnone size-large wp-image-226169 td-animation-stack-type0-2\" src=\"https:\/\/sinaloaenlinea.com\/wp-content\/uploads\/2026\/05\/d3592f99-2f56-480a-9ef8-d914687daddf-1024x576.jpeg\" sizes=\"auto, (max-width: 696px) 100vw, 696px\" srcset=\"https:\/\/sinaloaenlinea.com\/wp-content\/uploads\/2026\/05\/d3592f99-2f56-480a-9ef8-d914687daddf-1024x576.jpeg 1024w, https:\/\/sinaloaenlinea.com\/wp-content\/uploads\/2026\/05\/d3592f99-2f56-480a-9ef8-d914687daddf-300x169.jpeg 300w, https:\/\/sinaloaenlinea.com\/wp-content\/uploads\/2026\/05\/d3592f99-2f56-480a-9ef8-d914687daddf-768x432.jpeg 768w, https:\/\/sinaloaenlinea.com\/wp-content\/uploads\/2026\/05\/d3592f99-2f56-480a-9ef8-d914687daddf-747x420.jpeg 747w, https:\/\/sinaloaenlinea.com\/wp-content\/uploads\/2026\/05\/d3592f99-2f56-480a-9ef8-d914687daddf-150x84.jpeg 150w, https:\/\/sinaloaenlinea.com\/wp-content\/uploads\/2026\/05\/d3592f99-2f56-480a-9ef8-d914687daddf-696x392.jpeg 696w, https:\/\/sinaloaenlinea.com\/wp-content\/uploads\/2026\/05\/d3592f99-2f56-480a-9ef8-d914687daddf-1068x601.jpeg 1068w, https:\/\/sinaloaenlinea.com\/wp-content\/uploads\/2026\/05\/d3592f99-2f56-480a-9ef8-d914687daddf.jpeg 1280w\" alt=\"\" width=\"696\" height=\"392\" \/><\/p>\n<p>El municipio ubicado al sur de Sinaloa ha estado sometido a una intensa actividad criminal. Las corporaciones policiacas y militares se han desplazado a la zona. Sin embargo, los criminales siguen sembrando el terror. Los escuinapenses est\u00e1n viviendo momentos de terror por las constantes balaceras y la detonaci\u00f3n de artefactos explosivos que han impactado incluso en el mismo centro de la cabecera municipal.<\/p>\n<p><strong><em>\u00bfY los otros tres?.<\/em>\u00a0<\/strong>La Fiscal\u00eda General de la Republica dio a conocer que cinco de los 10 implicados en la denuncia presentada por Estados Unidos, son los que se presentaron a comparecer. Como es sabido, de los 10 acusados, dos de ellos el General Gerardo Merida S\u00e1nchez extitular de seguridad en Sinaloa y Enrique Diaz Vega extitular de finanzas, se entregaron a Estados Unidos y su situaci\u00f3n legal all\u00e1 est\u00e1 siendo resuelta. De los ocho restantes, la FGR menciono al Gobernador con licencia Ruben Rocha Moya, el Senador con licencia de dos d\u00edas Enrique Inzunza, el Alcalde con licencia de Culiac\u00e1n Juan de Dios G\u00e1mez, D\u00e1maso Castro Vicefiscal y Marco Antonio Almanza, expolic\u00eda investigador, fueron quienes atendieron el citatorio de la Fiscal\u00eda. Pero hubo tres de los cuales la FGR desconoce su paradero. Alberto Jorge Contreras, Jos\u00e9 Antonio Dionisio Hipolito y Juan Valenzuela Mill\u00e1n. Que suceder\u00e1 con ellos. La Fiscal\u00eda \u00bfordenara su detenci\u00f3n?. Ya se sabr\u00e1.<\/p>\n","protected":false},"excerpt":{"rendered":"<p>*El cinismo desbordante de Inzunza Cazarez quedo de manifiesta con su licencia al cargo\u2026Por dos d\u00edas *El suplente, Omar L\u00f3pez Campos, rindi\u00f3 protesta ayer, pero ni siquiera calentar\u00e1 la curul porque tendr\u00e1 que regres\u00e1rsela a Inzunza. El suplente se regresar\u00e1 a Sebides *Dos nuevos mensajes le env\u00eda EEUU a la Presidenta Sheinbaum. Cancelan su visita a M\u00e9xico la Zar antidrogas y el representante comercial de Estados Unidos y clave para el TMec *En el Cabildo de Mazatl\u00e1n la puesta en escena del circo, maroma y teatro les sienta bien *Se niegan a que el titular de Cultura comparezca ante Cabildo [&hellip;]<\/p>\n","protected":false},"author":3,"featured_media":92500,"comment_status":"open","ping_status":"open","sticky":false,"template":"","format":"standard","meta":{"_jetpack_newsletter_access":"","_jetpack_dont_email_post_to_subs":false,"_jetpack_newsletter_tier_id":0,"_jetpack_memberships_contains_paywalled_content":false,"_jetpack_feature_clip_id":0,"_jetpack_memberships_contains_paid_content":false,"footnotes":"","jetpack_publicize_message":"","jetpack_publicize_feature_enabled":true,"jetpack_social_post_already_shared":true,"jetpack_social_options":{"image_generator_settings":{"template":"highway","default_image_id":0,"font":"","enabled":false},"version":2},"jetpack_post_was_ever_published":false},"categories":[79],"tags":[],"class_list":["post-147316","post","type-post","status-publish","format-standard","has-post-thumbnail","hentry","category-columnistas-nacionales","post--single"],"jetpack_publicize_connections":[],"jetpack_featured_media_url":"https:\/\/ovelanalista.com\/wp-content\/uploads\/2024\/03\/Fernando-Zepeda-Hurtado-300x150-1.png","jetpack_sharing_enabled":true,"_links":{"self":[{"href":"https:\/\/ovelanalista.com\/index.php?rest_route=\/wp\/v2\/posts\/147316","targetHints":{"allow":["GET"]}}],"collection":[{"href":"https:\/\/ovelanalista.com\/index.php?rest_route=\/wp\/v2\/posts"}],"about":[{"href":"https:\/\/ovelanalista.com\/index.php?rest_route=\/wp\/v2\/types\/post"}],"author":[{"embeddable":true,"href":"https:\/\/ovelanalista.com\/index.php?rest_route=\/wp\/v2\/users\/3"}],"replies":[{"embeddable":true,"href":"https:\/\/ovelanalista.com\/index.php?rest_route=%2Fwp%2Fv2%2Fcomments&post=147316"}],"version-history":[{"count":1,"href":"https:\/\/ovelanalista.com\/index.php?rest_route=\/wp\/v2\/posts\/147316\/revisions"}],"predecessor-version":[{"id":147321,"href":"https:\/\/ovelanalista.com\/index.php?rest_route=\/wp\/v2\/posts\/147316\/revisions\/147321"}],"wp:featuredmedia":[{"embeddable":true,"href":"https:\/\/ovelanalista.com\/index.php?rest_route=\/wp\/v2\/media\/92500"}],"wp:attachment":[{"href":"https:\/\/ovelanalista.com\/index.php?rest_route=%2Fwp%2Fv2%2Fmedia&parent=147316"}],"wp:term":[{"taxonomy":"category","embeddable":true,"href":"https:\/\/ovelanalista.com\/index.php?rest_route=%2Fwp%2Fv2%2Fcategories&post=147316"},{"taxonomy":"post_tag","embeddable":true,"href":"https:\/\/ovelanalista.com\/index.php?rest_route=%2Fwp%2Fv2%2Ftags&post=147316"}],"curies":[{"name":"wp","href":"https:\/\/api.w.org\/{rel}","templated":true}]}}