{"id":147455,"date":"2026-06-01T11:30:16","date_gmt":"2026-06-01T18:30:16","guid":{"rendered":"https:\/\/ovelanalista.com\/?p=147455"},"modified":"2026-06-01T08:52:47","modified_gmt":"2026-06-01T15:52:47","slug":"esto-se-sabe-sobre-la-captura-de-jesus-corona-damian-alcalde-de-cuautla-vinculado-con-el-cartel-de-sinaloa","status":"publish","type":"post","link":"https:\/\/ovelanalista.com\/?p=147455","title":{"rendered":"Esto se sabe sobre la captura de Jes\u00fas Corona Dami\u00e1n, alcalde de Cuautla vinculado con el C\u00e1rtel de Sinaloa"},"content":{"rendered":"<h2 class=\"article-subheadline text-align-left\">Lo encontraron en la colonia Costa Azul de Acapulco con un arma de fuego corta.<\/h2>\n<p><strong>Por <a class=\"author-name\" href=\"https:\/\/www.infobae.com\/autor\/juan-castillo\/\" aria-label=\"Juan Castillo\">Juan Castillo<\/a><\/strong><\/p>\n<p><a title=\"https:\/\/www.infobae.com\/mexico\/2026\/05\/20\/quien-es-jesus-corona-damian-el-alcalde-de-cuautla-que-buscan-capturar-las-autoridades-federales\/\" href=\"https:\/\/www.infobae.com\/mexico\/2026\/05\/20\/quien-es-jesus-corona-damian-el-alcalde-de-cuautla-que-buscan-capturar-las-autoridades-federales\/\" target=\"_blank\" rel=\"noopener noreferrer\" data-mrf-link=\"https:\/\/www.infobae.com\/mexico\/2026\/05\/20\/quien-es-jesus-corona-damian-el-alcalde-de-cuautla-que-buscan-capturar-las-autoridades-federales\/\"><b>Jes\u00fas Corona Dami\u00e1n<\/b><\/a>, alcalde de\u00a0<b>Cuautla<\/b>, fue\u00a0<b>detenido<\/b>\u00a0este s\u00e1bado 30 de mayo en\u00a0<b>Acapulco<\/b>,\u00a0<b>Guerrero<\/b>, por elementos de la Fiscal\u00eda General de la Rep\u00fablica\u00a0<b>(FGR)<\/b>\u00a0y la Secretar\u00eda de Seguridad y Protecci\u00f3n Ciudadana\u00a0<b>(SSPC)\u00a0<\/b>en cumplimiento de una orden de aprehensi\u00f3n por delincuencia organizada.<\/p>\n<p>El titula de la\u00a0<b>SSPC<\/b>,\u00a0<b>Omar Garc\u00eda Harfuch,<\/b>\u00a0detall\u00f3 que con esta detenci\u00f3n el operativo acumul\u00f3\u00a0<a title=\"https:\/\/www.infobae.com\/mexico\/2026\/05\/28\/procesan-a-cinco-funcionarios-de-morelos-detenidos-en-la-operacion-enjambre-entre-ellos-ediles-de-atlatlahucan-y-yecapixtla\/\" href=\"https:\/\/www.infobae.com\/mexico\/2026\/05\/28\/procesan-a-cinco-funcionarios-de-morelos-detenidos-en-la-operacion-enjambre-entre-ellos-ediles-de-atlatlahucan-y-yecapixtla\/\" target=\"_blank\" rel=\"noopener noreferrer\" data-mrf-link=\"https:\/\/www.infobae.com\/mexico\/2026\/05\/28\/procesan-a-cinco-funcionarios-de-morelos-detenidos-en-la-operacion-enjambre-entre-ellos-ediles-de-atlatlahucan-y-yecapixtla\/\"><b>m\u00e1s de 85 funcionarios y exfuncionarios detenidos<\/b><\/a>, entre ellos siete presidentes municipales en funciones. Adem\u00e1s, afirm\u00f3 que la captura se sum\u00f3 a las acciones realizadas en d\u00edas recientes en\u00a0<b>Morelos<\/b>, derivadas del reforzamiento de seguridad implementado en la entidad.<\/p>\n<p><img loading=\"lazy\" decoding=\"async\" class=\"\" src=\"https:\/\/www.infobae.com\/resizer\/v2\/UK45BNJYKFAWRAJ5DJ7BR5FSOY.jpg?auth=f36e869c89c7b6eedce3d43f89dd3ceac590779937e4afbab62ac7212ba5b634&amp;smart=true&amp;width=350&amp;height=197&amp;quality=85\" alt=\"Fotograf\u00edas oficiales tras el arresto de Jes\u00fas Corona Dami\u00e1n. Cr\u00e9dito: Especial\" width=\"688\" height=\"387\" \/><\/p>\n<p>Desde el pasado 20 de mayo, autoridades federales informaron que se encontraban en proceso de b\u00fasqueda de\u00a0<b>Dami\u00e1n\u00a0<\/b>para efectuar una orden de aprehensi\u00f3n derivada de investigaciones que lo vinculan con\u00a0<b>\u201cEl Barbas\u201d<\/b>, l\u00edder regional del\u00a0<b>C\u00e1rtel de Sinaloa\u00a0<\/b>en\u00a0<b>Morelos<\/b>.<\/p>\n<p>El detenido junto con otros alcaldes y funcionarios de al menos 8 municipios de\u00a0<b>Morelos\u00a0<\/b>habr\u00edan pactado con el\u00a0<b>C\u00e1rtel de Sinaloa<\/b>, brind\u00e1ndole inmunidad a cambio de apoyo para ganar las elecciones de los respectivos ayuntamientos, incluidos\u00a0<b>Cuautla<\/b>,\u00a0<b>Yecapixtla\u00a0<\/b>y\u00a0<b>Atlatlahucan<\/b>.<\/p>\n<h2 id=\"corona-damian-fue-localizado-en-acapulco-con-un-arma-de-fuego\" class=\"text-align-left vertical-align-top line-height-100 header headline-class-h2 headline\">Corona Dami\u00e1n fue localizado en Acapulco con un arma de fuego<\/h2>\n<p class=\"paragraph\" data-mrf-recirculation=\"Links inline\">Datos consultados por\u00a0<i>Infobae M\u00e9xico<\/i>\u00a0en el Registro Nacional de Detenciones revelaron que\u00a0<b>Corona Dami\u00e1n<\/b>\u00a0fue localizado en la colonia\u00a0<b>Costa Azul<\/b>, en el municipio de\u00a0<b>Acapulco<\/b>, espec\u00edficamente en la calle\u00a0<b>Castillo Bret\u00f3n n\u00famero 76<\/b>, entre la calle\u00a0<b>Hilario Malpica<\/b>\u00a0y la calle\u00a0<b>Pedro Andr\u00e9s Sufrend<\/b>, cerca del Sal\u00f3n de Fiestas Barak, a la 1:20 de la tarde.<\/p>\n<p data-mrf-recirculation=\"Links inline\"><img loading=\"lazy\" decoding=\"async\" class=\"\" src=\"https:\/\/www.infobae.com\/resizer\/v2\/VCSHOSD4YVG3NOE6NIJQELGLLQ.png?auth=848523f3537b2554561140d4a64f67e760e172452c9101538168c0a51f61e5f9&amp;smart=true&amp;width=350&amp;height=454&amp;quality=85\" alt=\"Ficha de detenci\u00f3n de Jes\u00fas Corona Dami\u00e1n. Cr\u00e9dito: RND\" width=\"562\" height=\"729\" \/><\/p>\n<p class=\"paragraph\" data-mrf-recirculation=\"Links inline\">Elementos federales corroboraron su identidad y, al realizarle una inspecci\u00f3n de seguridad, le hallaron un arma de fuego corta.<\/p>\n<p class=\"paragraph\" data-mrf-recirculation=\"Links inline\">Fue informado de sus derechos y puesto a disposici\u00f3n del agente del Ministerio P\u00fablico. El registro lo ubic\u00f3 hasta el corte de esta nota en traslado hacia la\u00a0<b>FGR\u00a0<\/b>en\u00a0<b>Acapulco<\/b>.<\/p>\n<h2 id=\"la-fgr-documento-vinculos-del-alcalde-con-el-cartel-de-sinaloa-desde-el-proceso-electoral-de-2024\" class=\"text-align-left vertical-align-top line-height-100 header headline-class-h2 headline\">La FGR document\u00f3 v\u00ednculos del alcalde con el C\u00e1rtel de Sinaloa desde el proceso electoral de 2024<\/h2>\n<p class=\"paragraph\" data-mrf-recirculation=\"Links inline\">La Fiscal\u00eda Especializada en materia de Delincuencia Organizada<b>\u00a0(FEMDO)\u00a0<\/b>identific\u00f3 que el\u00a0<b>C\u00e1rtel de Sinaloa<\/b>\u00a0habr\u00eda penetrado las estructuras de al menos ocho municipios de\u00a0<b>Morelos\u00a0<\/b>mediante el financiamiento de campa\u00f1as electorales.<\/p>\n<p data-mrf-recirculation=\"Links inline\">Entre las evidencias integradas a la investigaci\u00f3n figur\u00f3 material difundido en medios donde presuntamente aparec\u00eda Corona Dami\u00e1n reunido con\u00a0<b>J\u00fapiter Araujo Bernard<\/b>, alias<b>\u00a0\u201cEl Barbas\u201d<\/b>, identificado por las autoridades como l\u00edder del grupo delictivo en el oriente de Morelos.<\/p>\n<p class=\"paragraph\" data-mrf-recirculation=\"Links inline\">La infiltraci\u00f3n habr\u00eda derivado en una escalada de violencia que durante 2024 incluy\u00f3 extorsi\u00f3n, homicidio, narcomenudeo, robo y secuestro, de acuerdo con el vocero de la FGR,<b>\u00a0Ulises Lara L\u00f3pez.<\/b><\/p>\n<h2 id=\"cinco-funcionarios-vinculados-a-proceso-y-un-lider-transportista-detenido-antes-que-el-alcalde\" class=\"text-align-left vertical-align-top line-height-100 header headline-class-h2 headline\">Cinco funcionarios vinculados a proceso y un l\u00edder transportista detenido antes que el alcalde<\/h2>\n<p class=\"paragraph\" data-mrf-recirculation=\"Links inline\">Previo a la captura de\u00a0<b>Corona Dami\u00e1n<\/b>, el Operativo Enjambre en Morelos ya hab\u00eda dejado una cadena de detenciones.<\/p>\n<p class=\"paragraph\" data-mrf-recirculation=\"Links inline\">El 20 de mayo fueron aprehendidos:<\/p>\n<ul class=\"list\" data-icon=\"\u2b24\">\n<li data-icon=\"\u2b24\">Agust\u00edn Toledano, presidente municipal de Atlatlahucan<\/li>\n<li data-icon=\"\u2b24\">Irving S\u00e1nchez, exalcalde de Yecapixtla<\/li>\n<li data-icon=\"\u2b24\">Horacio Zavaleta, secretario municipal de Cuautla<\/li>\n<li data-icon=\"\u2b24\">Jonathan Espinoza, tesorero de Cuautla<\/li>\n<li data-icon=\"\u2b24\">Pablo Adri\u00e1n Portillo, oficial mayor de Cuautla<\/li>\n<li data-icon=\"\u2b24\">Arisbel Rub\u00ed V\u00e1zquez, excandidata a la alcald\u00eda de Atlatlahucan<\/li>\n<\/ul>\n<div class=\"visual__image\"><picture><source srcset=\"https:\/\/www.infobae.com\/resizer\/v2\/TG2KXWBKIBGYBESNBKXHFAJK3U.png?auth=cdc227e0c37c2ad1cea12d332e47a1331f141de6a74c4b7f24cf716f88bd06dd&amp;smart=true&amp;width=992&amp;height=534&amp;quality=85\" media=\"(min-width: 1000px)\" \/><source srcset=\"https:\/\/www.infobae.com\/resizer\/v2\/TG2KXWBKIBGYBESNBKXHFAJK3U.png?auth=cdc227e0c37c2ad1cea12d332e47a1331f141de6a74c4b7f24cf716f88bd06dd&amp;smart=true&amp;width=768&amp;height=413&amp;quality=85\" media=\"(min-width: 768px)\" \/><source srcset=\"https:\/\/www.infobae.com\/resizer\/v2\/TG2KXWBKIBGYBESNBKXHFAJK3U.png?auth=cdc227e0c37c2ad1cea12d332e47a1331f141de6a74c4b7f24cf716f88bd06dd&amp;smart=true&amp;width=577&amp;height=311&amp;quality=85\" media=\"(min-width: 580px)\" \/><source srcset=\"https:\/\/www.infobae.com\/resizer\/v2\/TG2KXWBKIBGYBESNBKXHFAJK3U.png?auth=cdc227e0c37c2ad1cea12d332e47a1331f141de6a74c4b7f24cf716f88bd06dd&amp;smart=true&amp;width=420&amp;height=226&amp;quality=85\" media=\"(min-width: 350px)\" \/><source srcset=\"https:\/\/www.infobae.com\/resizer\/v2\/TG2KXWBKIBGYBESNBKXHFAJK3U.png?auth=cdc227e0c37c2ad1cea12d332e47a1331f141de6a74c4b7f24cf716f88bd06dd&amp;smart=true&amp;width=350&amp;height=188&amp;quality=85\" media=\"(min-width: 80px)\" \/><\/picture>\n<div style=\"width: 1925px\" class=\"wp-caption alignnone\"><img loading=\"lazy\" decoding=\"async\" class=\"global-image\" src=\"https:\/\/www.infobae.com\/resizer\/v2\/TG2KXWBKIBGYBESNBKXHFAJK3U.png?auth=cdc227e0c37c2ad1cea12d332e47a1331f141de6a74c4b7f24cf716f88bd06dd&amp;smart=true&amp;width=350&amp;height=188&amp;quality=85\" alt=\"El Barbas habr\u00eda financiado las operaciones previas de los alcaldes detenidos. Cr\u00e9dito: FGR\" width=\"1915\" height=\"1031\" \/><p class=\"wp-caption-text\">El Barbas habr\u00eda financiado las operaciones previas de los alcaldes detenidos. Cr\u00e9dito: FGR<\/p><\/div>\n<\/div>\n<p class=\"paragraph\" data-mrf-recirculation=\"Links inline\">Un juez federal vincul\u00f3 a proceso a los cinco primeros el 27 de mayo y confirm\u00f3 su prisi\u00f3n preventiva en el Penal Federal de Sonora. Cabe se\u00f1alar que la situaci\u00f3n jur\u00eddica de\u00a0<b>V\u00e1zquez<\/b>, la \u00fanica mujer del esquema,<b>\u00a0<\/b>se desconoce hasta el momento.<\/p>\n<p class=\"paragraph\" data-mrf-recirculation=\"Links inline\">Dos d\u00edas despu\u00e9s del operativo del 20 de mayo, la\u00a0<b>SSPC<\/b>\u00a0detuvo en el Aeropuerto Internacional de la Ciudad de M\u00e9xico a\u00a0<b>Mauro Rivera de la Cruz<\/b>, identificado como l\u00edder del grupo transportista 2 de Mayo en Cuautla y se\u00f1alado extraoficialmente como presunto colaborador de\u00a0<b>Corona Dami\u00e1n.<\/b><\/p>\n<p class=\"paragraph\" data-mrf-recirculation=\"Links inline\"><b>Rivera\u00a0<\/b>habr\u00eda intentado abordar un vuelo hacia\u00a0<b>Quintana Roo<\/b>\u00a0la ma\u00f1ana de ese 22 de mayo.<\/p>\n<h2 id=\"corona-damian-fue-alcalde-de-cuautla-dos-veces-y-nego-vinculos-con-el-crimen-en-2025\" class=\"text-align-left vertical-align-top line-height-100 header headline-class-h2 headline\">Corona Dami\u00e1n fue alcalde de Cuautla dos veces y neg\u00f3 v\u00ednculos con el crimen en 2025<\/h2>\n<p class=\"paragraph\" data-mrf-recirculation=\"Links inline\"><b>Corona Dami\u00e1n<\/b>\u00a0estudi\u00f3 la licenciatura en Derecho en el\u00a0<b>Instituto Ejecutivo Mexicano<\/b>, donde obtuvo su c\u00e9dula profesional en mayo de 2020.<\/p>\n<p class=\"paragraph\" data-mrf-recirculation=\"Links inline\">Su carrera en la administraci\u00f3n municipal habr\u00eda arrancado desde 2009 como regidor de Cuautla. Entre 2016 y 2017 ocup\u00f3 la direcci\u00f3n general de Servicios P\u00fablicos Municipales y su primer periodo como alcalde transcurri\u00f3 entre 2019 y 2021, postulado por Morena, el PT y Encuentro Social.<\/p>\n<p class=\"paragraph\" data-mrf-recirculation=\"Links inline\">En 2024 regres\u00f3 a la presidencia municipal bajo una alianza de PAN, PRI, PRD y Redes Sociales Progresistas.<\/p>\n<div class=\"visual__image\"><picture><source srcset=\"https:\/\/www.infobae.com\/resizer\/v2\/AKXB2HAXHBFJJKCUHRZOZM5MOQ.jpg?auth=47cc2f152d807ea224996fa293d5b8032240b3e8637f6cb0ac6aac41781109c3&amp;smart=true&amp;width=992&amp;height=662&amp;quality=85\" media=\"(min-width: 1000px)\" \/><source srcset=\"https:\/\/www.infobae.com\/resizer\/v2\/AKXB2HAXHBFJJKCUHRZOZM5MOQ.jpg?auth=47cc2f152d807ea224996fa293d5b8032240b3e8637f6cb0ac6aac41781109c3&amp;smart=true&amp;width=768&amp;height=512&amp;quality=85\" media=\"(min-width: 768px)\" \/><source srcset=\"https:\/\/www.infobae.com\/resizer\/v2\/AKXB2HAXHBFJJKCUHRZOZM5MOQ.jpg?auth=47cc2f152d807ea224996fa293d5b8032240b3e8637f6cb0ac6aac41781109c3&amp;smart=true&amp;width=577&amp;height=385&amp;quality=85\" media=\"(min-width: 580px)\" \/><source srcset=\"https:\/\/www.infobae.com\/resizer\/v2\/AKXB2HAXHBFJJKCUHRZOZM5MOQ.jpg?auth=47cc2f152d807ea224996fa293d5b8032240b3e8637f6cb0ac6aac41781109c3&amp;smart=true&amp;width=420&amp;height=280&amp;quality=85\" media=\"(min-width: 350px)\" \/><source srcset=\"https:\/\/www.infobae.com\/resizer\/v2\/AKXB2HAXHBFJJKCUHRZOZM5MOQ.jpg?auth=47cc2f152d807ea224996fa293d5b8032240b3e8637f6cb0ac6aac41781109c3&amp;smart=true&amp;width=350&amp;height=233&amp;quality=85\" media=\"(min-width: 80px)\" \/><img loading=\"lazy\" decoding=\"async\" class=\"global-image\" src=\"https:\/\/www.infobae.com\/resizer\/v2\/AKXB2HAXHBFJJKCUHRZOZM5MOQ.jpg?auth=47cc2f152d807ea224996fa293d5b8032240b3e8637f6cb0ac6aac41781109c3&amp;smart=true&amp;width=350&amp;height=233&amp;quality=85\" alt=\"Fotograf\u00eda del d\u00eda en que Corona denunci\u00f3 las amenazas del CJNG ante la FGR. (Facebook Jes\u00fas Corona Dami\u00e1n)\" width=\"2048\" height=\"1366\" \/><\/picture><\/div>\n<div><\/div>\n<div>\n<p class=\"paragraph\" data-mrf-recirculation=\"Links inline\">Los presuntos v\u00ednculos con la delincuencia organizada se documentaron p\u00fablicamente desde el video antes mencionado, el cual revel\u00f3 la reuni\u00f3n con\u00a0<b>\u201cEl Barbas\u201d<\/b>\u00a0junto al alcalde de\u00a0<b>Atlatlahucan<\/b>.<\/p>\n<\/div>\n<div class=\"ad_6 ad-wrapper dfpAd ad-1-al-6 ad-text ad-component-container\" data-ad-wrapper=\"arcad\" data-ad-type=\"ad_6\" data-ad-slot=\"infobae\/mexico\/nota\/ad_6\" data-ad-container=\"dfp\" data-ad-slot-name=\"infobae\/mexico\/nota\/ad_6\">\n<p class=\"paragraph\" data-mrf-recirculation=\"Links inline\">Corona respondi\u00f3 con comunicados en redes sociales donde asegur\u00f3 haberse\u00a0<i>\u201cconducido siempre dentro del marco de la ley\u201d<\/i>\u00a0y se declar\u00f3 en \u201ctotal disposici\u00f3n\u201d para aclarar los se\u00f1alamientos ante las autoridades.<\/p>\n<p class=\"paragraph\" data-mrf-recirculation=\"Links inline\">El 1 de abril de 2026 acudi\u00f3 a la FGR a presentar una denuncia contra el\u00a0<b>C\u00e1rtel Jalisco Nueva Generaci\u00f3n<\/b>\u00a0por amenazas de muerte y extorsi\u00f3n, luego de que narcomantas y un video de presuntos integrantes del\u00a0<b>CJNG\u00a0<\/b>lo mencionaran por nombre.<\/p>\n<p class=\"paragraph\" data-mrf-recirculation=\"Links inline\">Su hermano,\u00a0<b>Samuel Corona Dami\u00e1n<\/b>, estuvo en prisi\u00f3n por secuestro y enfrentaba al menos 11 carpetas de investigaci\u00f3n por extorsi\u00f3n a comerciantes desde el penal de\u00a0<b>Cuautla<\/b>.<\/p>\n<p data-mrf-recirculation=\"Links inline\">Con informaci\u00f3n de Infobae<\/p>\n<\/div>\n<p data-mrf-recirculation=\"Links inline\">\n<p>&nbsp;<\/p>\n<p>&nbsp;<\/p>\n","protected":false},"excerpt":{"rendered":"<p>Lo encontraron en la colonia Costa Azul de Acapulco con un arma de fuego corta. Por Juan Castillo Jes\u00fas Corona Dami\u00e1n, alcalde de\u00a0Cuautla, fue\u00a0detenido\u00a0este s\u00e1bado 30 de mayo en\u00a0Acapulco,\u00a0Guerrero, por elementos de la Fiscal\u00eda General de la Rep\u00fablica\u00a0(FGR)\u00a0y la Secretar\u00eda de Seguridad y Protecci\u00f3n Ciudadana\u00a0(SSPC)\u00a0en cumplimiento de una orden de aprehensi\u00f3n por delincuencia organizada. El titula de la\u00a0SSPC,\u00a0Omar Garc\u00eda Harfuch,\u00a0detall\u00f3 que con esta detenci\u00f3n el operativo acumul\u00f3\u00a0m\u00e1s de 85 funcionarios y exfuncionarios detenidos, entre ellos siete presidentes municipales en funciones. Adem\u00e1s, afirm\u00f3 que la captura se sum\u00f3 a las acciones realizadas en d\u00edas recientes en\u00a0Morelos, derivadas del reforzamiento de seguridad [&hellip;]<\/p>\n","protected":false},"author":3,"featured_media":147465,"comment_status":"open","ping_status":"open","sticky":false,"template":"","format":"standard","meta":{"_jetpack_newsletter_access":"","_jetpack_dont_email_post_to_subs":false,"_jetpack_newsletter_tier_id":0,"_jetpack_memberships_contains_paywalled_content":false,"_jetpack_feature_clip_id":0,"_jetpack_memberships_contains_paid_content":false,"footnotes":"","jetpack_publicize_message":"","jetpack_publicize_feature_enabled":true,"jetpack_social_post_already_shared":true,"jetpack_social_options":{"image_generator_settings":{"template":"highway","default_image_id":0,"font":"","enabled":false},"version":2},"jetpack_post_was_ever_published":false},"categories":[90,75],"tags":[],"class_list":["post-147455","post","type-post","status-publish","format-standard","has-post-thumbnail","hentry","category-estatal","category-nacional","post--single"],"jetpack_publicize_connections":[],"jetpack_featured_media_url":"https:\/\/ovelanalista.com\/wp-content\/uploads\/2026\/06\/Captura-de-pantalla-2026-06-01-a-las-8.51.28-a.m.png","jetpack_sharing_enabled":true,"_links":{"self":[{"href":"https:\/\/ovelanalista.com\/index.php?rest_route=\/wp\/v2\/posts\/147455","targetHints":{"allow":["GET"]}}],"collection":[{"href":"https:\/\/ovelanalista.com\/index.php?rest_route=\/wp\/v2\/posts"}],"about":[{"href":"https:\/\/ovelanalista.com\/index.php?rest_route=\/wp\/v2\/types\/post"}],"author":[{"embeddable":true,"href":"https:\/\/ovelanalista.com\/index.php?rest_route=\/wp\/v2\/users\/3"}],"replies":[{"embeddable":true,"href":"https:\/\/ovelanalista.com\/index.php?rest_route=%2Fwp%2Fv2%2Fcomments&post=147455"}],"version-history":[{"count":1,"href":"https:\/\/ovelanalista.com\/index.php?rest_route=\/wp\/v2\/posts\/147455\/revisions"}],"predecessor-version":[{"id":147466,"href":"https:\/\/ovelanalista.com\/index.php?rest_route=\/wp\/v2\/posts\/147455\/revisions\/147466"}],"wp:featuredmedia":[{"embeddable":true,"href":"https:\/\/ovelanalista.com\/index.php?rest_route=\/wp\/v2\/media\/147465"}],"wp:attachment":[{"href":"https:\/\/ovelanalista.com\/index.php?rest_route=%2Fwp%2Fv2%2Fmedia&parent=147455"}],"wp:term":[{"taxonomy":"category","embeddable":true,"href":"https:\/\/ovelanalista.com\/index.php?rest_route=%2Fwp%2Fv2%2Fcategories&post=147455"},{"taxonomy":"post_tag","embeddable":true,"href":"https:\/\/ovelanalista.com\/index.php?rest_route=%2Fwp%2Fv2%2Ftags&post=147455"}],"curies":[{"name":"wp","href":"https:\/\/api.w.org\/{rel}","templated":true}]}}