{"id":147456,"date":"2026-06-01T11:00:35","date_gmt":"2026-06-01T18:00:35","guid":{"rendered":"https:\/\/ovelanalista.com\/?p=147456"},"modified":"2026-06-01T08:48:19","modified_gmt":"2026-06-01T15:48:19","slug":"exsecretario-de-seguridad-de-sinaloa-se-presenta-hoy-ante-la-corte-de-nueva-york","status":"publish","type":"post","link":"https:\/\/ovelanalista.com\/?p=147456","title":{"rendered":"Exsecretario de Seguridad de Sinaloa se presenta hoy ante la corte de Nueva York"},"content":{"rendered":"<p>El general retirado\u00a0<strong>Gerardo M\u00e9rida S\u00e1nchez<\/strong>, exsecretario de Seguridad P\u00fablica de Sinaloa, comparece este lunes 1 de junio ante una corte federal del Distrito Sur de Nueva York, en Estados Unidos (EE.UU.), como parte del proceso judicial que enfrenta por presuntos v\u00ednculos con el\u00a0<a id=\"2060784\" href=\"https:\/\/www.unotv.com\/opinion\/jose-cardenas\/washington-compara-al-cartel-de-sinaloa-con-hezbola\/\" type=\"post\">C\u00e1rtel de Sinaloa<\/a>. La audiencia se realiza ante la jueza federal Katherine Polk Failla, luego de que el exfuncionario se entregara voluntariamente a las autoridades estadounidenses el pasado 11 de mayo.<\/p>\n<p>M\u00e9rida S\u00e1nchez fue titular de la\u00a0<strong>Secretar\u00eda de Seguridad P\u00fablica de Sinaloa<\/strong>\u00a0durante el gobierno de\u00a0<a id=\"2065865\" href=\"https:\/\/www.unotv.com\/nacional\/ruben-rocha-moya-comparece-ante-la-fgr-tras-senalamientos-desde-estados-unidos\/\" type=\"post\">Rub\u00e9n Rocha Moya<\/a>\u00a0y es se\u00f1alado por fiscales estadounidenses de haber colaborado con la facci\u00f3n criminal conocida como los \u201cChapitos\u201d. Seg\u00fan la acusaci\u00f3n, habr\u00eda recibido\u00a0<strong>sobornos mensuales superiores a 100 mil d\u00f3lares<\/strong>\u00a0a cambio de brindar protecci\u00f3n e informaci\u00f3n sobre operativos de seguridad.<\/p>\n<h2 id=\"h-de-que-lo-acusa-estados-unidos\" class=\"wp-block-heading\">\u00bfDe qu\u00e9 lo acusa Estados Unidos?<\/h2>\n<p>La Fiscal\u00eda del Distrito Sur de\u00a0<strong>Nueva York<\/strong>\u00a0le imputa delitos relacionados con conspiraci\u00f3n para importar narc\u00f3ticos, posesi\u00f3n de armamento y conspiraci\u00f3n para poseer armas. De ser encontrado culpable, podr\u00eda enfrentar penas que van desde varias d\u00e9cadas de prisi\u00f3n hasta cadena perpetua.<\/p>\n<p>Durante una audiencia previa celebrada en mayo, el exfuncionario se declar\u00f3 no culpable de los cargos que se le atribuyen. Su defensa est\u00e1 a cargo de la abogada estadounidense\u00a0<strong>Sarah Krissoff, exfiscal federal especializada en casos de crimen organizado y lavado de dinero.<\/strong><\/p>\n<h2 id=\"h-caso-sacude-a-la-politica-de-sinaloa\" class=\"wp-block-heading\">Caso sacude a la pol\u00edtica de Sinaloa<\/h2>\n<div class=\"code-block code-block-2\">\n<div class=\"truvidPos\"><\/div>\n<\/div>\n<p>El proceso contra M\u00e9rida forma parte de una investigaci\u00f3n m\u00e1s amplia que involucra a varios\u00a0<strong>funcionarios y exfuncionarios sinaloenses<\/strong>\u00a0se\u00f1alados por autoridades estadounidenses por presunta colaboraci\u00f3n con el crimen organizado. Entre los nombres mencionados en la acusaci\u00f3n se encuentran el gobernador con licencia de Sinaloa,\u00a0<strong>Rub\u00e9n Rocha Moya<\/strong>, as\u00ed como otros integrantes de su administraci\u00f3n.<\/p>\n<div class=\"code-block code-block-8\">\n<div class=\"code-block\"><\/div>\n<div class=\"code-block\"><\/div>\n<\/div>\n<p>La comparecencia de este lunes es considerada clave para definir el\u00a0<strong>rumbo del caso<\/strong>\u00a0y los tiempos del proceso judicial que se sigue en\u00a0<strong>Estados Unidos<\/strong>\u00a0contra el exjefe de la seguridad p\u00fablica sinaloense.<\/p>\n<p>Con informaci\u00f3n de UnoTV<\/p>\n<div class=\"teads-inread sm-screen\">\n<div class=\"teads-ui-components-adchoices\"><\/div>\n<\/div>\n","protected":false},"excerpt":{"rendered":"<p>El general retirado\u00a0Gerardo M\u00e9rida S\u00e1nchez, exsecretario de Seguridad P\u00fablica de Sinaloa, comparece este lunes 1 de junio ante una corte federal del Distrito Sur de Nueva York, en Estados Unidos (EE.UU.), como parte del proceso judicial que enfrenta por presuntos v\u00ednculos con el\u00a0C\u00e1rtel de Sinaloa. La audiencia se realiza ante la jueza federal Katherine Polk Failla, luego de que el exfuncionario se entregara voluntariamente a las autoridades estadounidenses el pasado 11 de mayo. M\u00e9rida S\u00e1nchez fue titular de la\u00a0Secretar\u00eda de Seguridad P\u00fablica de Sinaloa\u00a0durante el gobierno de\u00a0Rub\u00e9n Rocha Moya\u00a0y es se\u00f1alado por fiscales estadounidenses de haber colaborado con la facci\u00f3n [&hellip;]<\/p>\n","protected":false},"author":3,"featured_media":147463,"comment_status":"open","ping_status":"open","sticky":false,"template":"","format":"standard","meta":{"_jetpack_newsletter_access":"","_jetpack_dont_email_post_to_subs":false,"_jetpack_newsletter_tier_id":0,"_jetpack_memberships_contains_paywalled_content":false,"_jetpack_feature_clip_id":0,"_jetpack_memberships_contains_paid_content":false,"footnotes":"","jetpack_publicize_message":"","jetpack_publicize_feature_enabled":true,"jetpack_social_post_already_shared":true,"jetpack_social_options":{"image_generator_settings":{"template":"highway","default_image_id":0,"font":"","enabled":false},"version":2},"jetpack_post_was_ever_published":false},"categories":[90,75],"tags":[],"class_list":["post-147456","post","type-post","status-publish","format-standard","has-post-thumbnail","hentry","category-estatal","category-nacional","post--single"],"jetpack_publicize_connections":[],"jetpack_featured_media_url":"https:\/\/ovelanalista.com\/wp-content\/uploads\/2026\/06\/merida-sanchez-captura-211147.jpg","jetpack_sharing_enabled":true,"_links":{"self":[{"href":"https:\/\/ovelanalista.com\/index.php?rest_route=\/wp\/v2\/posts\/147456","targetHints":{"allow":["GET"]}}],"collection":[{"href":"https:\/\/ovelanalista.com\/index.php?rest_route=\/wp\/v2\/posts"}],"about":[{"href":"https:\/\/ovelanalista.com\/index.php?rest_route=\/wp\/v2\/types\/post"}],"author":[{"embeddable":true,"href":"https:\/\/ovelanalista.com\/index.php?rest_route=\/wp\/v2\/users\/3"}],"replies":[{"embeddable":true,"href":"https:\/\/ovelanalista.com\/index.php?rest_route=%2Fwp%2Fv2%2Fcomments&post=147456"}],"version-history":[{"count":1,"href":"https:\/\/ovelanalista.com\/index.php?rest_route=\/wp\/v2\/posts\/147456\/revisions"}],"predecessor-version":[{"id":147464,"href":"https:\/\/ovelanalista.com\/index.php?rest_route=\/wp\/v2\/posts\/147456\/revisions\/147464"}],"wp:featuredmedia":[{"embeddable":true,"href":"https:\/\/ovelanalista.com\/index.php?rest_route=\/wp\/v2\/media\/147463"}],"wp:attachment":[{"href":"https:\/\/ovelanalista.com\/index.php?rest_route=%2Fwp%2Fv2%2Fmedia&parent=147456"}],"wp:term":[{"taxonomy":"category","embeddable":true,"href":"https:\/\/ovelanalista.com\/index.php?rest_route=%2Fwp%2Fv2%2Fcategories&post=147456"},{"taxonomy":"post_tag","embeddable":true,"href":"https:\/\/ovelanalista.com\/index.php?rest_route=%2Fwp%2Fv2%2Ftags&post=147456"}],"curies":[{"name":"wp","href":"https:\/\/api.w.org\/{rel}","templated":true}]}}