{"id":147457,"date":"2026-06-01T10:30:53","date_gmt":"2026-06-01T17:30:53","guid":{"rendered":"https:\/\/ovelanalista.com\/?p=147457"},"modified":"2026-06-01T08:46:49","modified_gmt":"2026-06-01T15:46:49","slug":"exsecretario-de-sinaloa-acusado-de-narcotrafico-tendra-audiencia-en-nueva-york-quien-es-y-que-sabemos-del-caso","status":"publish","type":"post","link":"https:\/\/ovelanalista.com\/?p=147457","title":{"rendered":"Exsecretario de Sinaloa acusado de narcotr\u00e1fico tendr\u00e1 audiencia en Nueva York. \u00bfQui\u00e9n es y qu\u00e9 sabemos del caso?"},"content":{"rendered":"<p>Por\u00a0<span class=\"byline__name vossi-byline__name\">Mauricio Torres<\/span><\/p>\n<p class=\"paragraph inline-placeholder vossi-paragraph\" data-uri=\"es.cms.cnn.com\/_components\/paragraph\/instances\/cmpq4rrfb001s2dqogclmd1sl@published\" data-editable=\"text\" data-component-name=\"paragraph\" data-article-gutter=\"true\" data-analytics-observe=\"off\">Gerardo M\u00e9rida S\u00e1nchez, exsecretario de Seguridad del estado mexicano de Sinaloa, tendr\u00e1 este lunes una audiencia en una Corte federal de Nueva York derivada de la acusaci\u00f3n por narcotr\u00e1fico que el Departamento de Justicia de Estados Unidos\u00a0<a href=\"https:\/\/cnnespanol.cnn.com\/2026\/04\/29\/mexico\/acusacion-gobernador-sinaloa-ruben-rocha-orix\">present\u00f3 contra \u00e9l y otros nueve funcionarios y exfuncionarios mexicanos<\/a>.<\/p>\n<p class=\"paragraph inline-placeholder vossi-paragraph\" data-uri=\"es.cms.cnn.com\/_components\/paragraph\/instances\/cmpq8dzr800083j6sdt24onhm@published\" data-editable=\"text\" data-component-name=\"paragraph\" data-article-gutter=\"true\" data-analytics-observe=\"off\">M\u00e9rida S\u00e1nchez es el primero de los acusados que se enfrenta a la justicia de Estados Unidos por este caso, en el que la figura pol\u00edtica de m\u00e1s alto perfil es el gobernador de Sinaloa, Rub\u00e9n Rocha Moya, militante del oficialista partido Morena.<\/p>\n<p class=\"paragraph inline-placeholder vossi-paragraph\" data-uri=\"es.cms.cnn.com\/_components\/paragraph\/instances\/cmpq8dzr800093j6sf695mkt4@published\" data-editable=\"text\" data-component-name=\"paragraph\" data-article-gutter=\"true\" data-analytics-observe=\"off\">Tanto el exsecretario como el gobernador y el resto de los se\u00f1alados rechazan las acusaciones de Estados Unidos. El Departamento de Justicia les atribuye haber conspirado para traficar grandes cantidades de drogas a territorio estadounidense y haber forjado una alianza con Los Chapitos, una facci\u00f3n del poderoso Cartel de Sinaloa.<\/p>\n<div class=\"ad-slot adSlotLoaded\" data-uri=\"es.cms.cnn.com\/_components\/ad-slot\/instances\/cnne-v1@published\" data-path=\"end\/ad-slot-dynamic[0]\/items\" data-desktop-slot-id=\"ad_nat_btf_01\" data-mobile-slot-id=\"ad_nat_btf_01\" data-ad-label-text=\"Publicidad\" data-unselectable=\"true\" data-ad-slot-rendered-size=\"780x175\">En tanto, desde que la acusaci\u00f3n se hizo p\u00fablica, el caso ha intensificado las tensiones entre los gobiernos de Donald Trump y Claudia Sheinbaum. Estados Unidos pidi\u00f3 que los acusados fueran detenidos provisionalmente con fines de extradici\u00f3n, algo a lo que M\u00e9xico se neg\u00f3 con el argumento de que no hab\u00eda pruebas suficientes para ello y que ser\u00e1 la Fiscal\u00eda General de la Rep\u00fablica (FGR) la que investigue si los cargos tienen sustento o no.<\/div>\n<div data-uri=\"es.cms.cnn.com\/_components\/ad-slot\/instances\/cnne-v1@published\" data-path=\"end\/ad-slot-dynamic[0]\/items\" data-desktop-slot-id=\"ad_nat_btf_01\" data-mobile-slot-id=\"ad_nat_btf_01\" data-ad-label-text=\"Publicidad\" data-unselectable=\"true\" data-ad-slot-rendered-size=\"780x175\"><\/div>\n<div data-uri=\"es.cms.cnn.com\/_components\/ad-slot\/instances\/cnne-v1@published\" data-path=\"end\/ad-slot-dynamic[0]\/items\" data-desktop-slot-id=\"ad_nat_btf_01\" data-mobile-slot-id=\"ad_nat_btf_01\" data-ad-label-text=\"Publicidad\" data-unselectable=\"true\" data-ad-slot-rendered-size=\"780x175\">\n<p class=\"paragraph inline-placeholder vossi-paragraph\" data-uri=\"es.cms.cnn.com\/_components\/paragraph\/instances\/cmpv08pyf0001356r3780gxh7@published\" data-editable=\"text\" data-component-name=\"paragraph\" data-article-gutter=\"true\" data-analytics-observe=\"off\">En un discurso por el segundo aniversario de su triunfo electoral ante miles de simpatizantes que se reunieron en el Monumento a la Revoluci\u00f3n de la Ciudad de M\u00e9xico, Sheinbaum calific\u00f3 como \u201cinjerencia\u201d la acusaci\u00f3n de Estados Unidos contra Rocha Moya y otros nueve funcionarios y exfuncionarios de Sinaloa.<\/p>\n<h2 id=\"un-exsecretario-al-banquillo-en-nueva-york\" class=\"subheader inline-placeholder subheader vossi-subheader vossi-subheader--size-h2\" data-editable=\"text\" data-uri=\"es.cms.cnn.com\/_components\/subheader\/instances\/cmpq8eb09000r3j6s4p0shw8t@published\" data-component-name=\"subheader\" data-article-gutter=\"true\">Un exsecretario al banquillo en Nueva York<\/h2>\n<p class=\"paragraph inline-placeholder vossi-paragraph\" data-uri=\"es.cms.cnn.com\/_components\/paragraph\/instances\/cmpq8dzr8000c3j6szl82qh9i@published\" data-editable=\"text\" data-component-name=\"paragraph\" data-article-gutter=\"true\" data-analytics-observe=\"off\">M\u00e9rida S\u00e1nchez fue secretario de Seguridad de Sinaloa entre septiembre de 2023 y diciembre de 2024. Es un exfuncionario con formaci\u00f3n militar. De acuerdo con su hoja de vida \u2014<a href=\"https:\/\/media.transparencia.sinaloa.gob.mx\/uploads\/files\/11329\/GERARDO%20MERIDA%20SANCHEZ.pdf\" target=\"_blank\" rel=\"noopener\">a\u00fan disponible en la p\u00e1gina web del Gobierno de Sinaloa<\/a>\u2014, ocup\u00f3 diversos cargos en la Secretar\u00eda de la Defensa Nacional (Sedena), como comandante en zonas militares de los estados de Michoac\u00e1n, Oaxaca y Puebla, agregado militar en la Embajada de M\u00e9xico en Chile y director de la Escuela Militar de Inteligencia.<\/p>\n<p class=\"paragraph inline-placeholder vossi-paragraph\" data-uri=\"es.cms.cnn.com\/_components\/paragraph\/instances\/cmpq8dzr8000d3j6shy6l7se1@published\" data-editable=\"text\" data-component-name=\"paragraph\" data-article-gutter=\"true\" data-analytics-observe=\"on\">Qued\u00f3 bajo custodia de autoridades de Estados Unidos\u00a0<a href=\"https:\/\/cnnespanol.cnn.com\/2026\/05\/15\/eeuu\/gerardo-merida-sanchez-exsecretario-sinaloa-acusado-narcotrafico-detenido-orix\">a mediados del mes pasado<\/a>, un par de semanas despu\u00e9s de que el Departamento de Justicia publicara su acusaci\u00f3n. Seg\u00fan inform\u00f3 entonces el Gabinete de Seguridad de M\u00e9xico,\u00a0<a href=\"https:\/\/x.com\/gabseguridadmx\/status\/2055354799546052661?s=46\" target=\"_blank\" rel=\"noopener\">ingres\u00f3 a Estados Unidos el 11 de mayo a trav\u00e9s de la frontera con Arizona<\/a>. Despu\u00e9s fue trasladado a Nueva York, donde el 15 de mayo tuvo su primera audiencia judicial y se fij\u00f3 el 1 de junio como la fecha para la siguiente.<\/p>\n<p class=\"paragraph inline-placeholder vossi-paragraph\" data-uri=\"es.cms.cnn.com\/_components\/paragraph\/instances\/cmpq8dzr8000e3j6sdbbibr75@published\" data-editable=\"text\" data-component-name=\"paragraph\" data-article-gutter=\"true\" data-analytics-observe=\"on\">El especialista en seguridad y crimen organizado Samuel Gonz\u00e1lez Ruiz dijo a CNN que la cita de este lunes probablemente ser\u00e1 breve. El experto estim\u00f3 que M\u00e9rida S\u00e1nchez podr\u00eda definir si quiere o no un juicio r\u00e1pido, lo que a su vez podr\u00eda abrir la puerta a que entre en negociaciones con los fiscales de Estados Unidos para eventualmente obtener alg\u00fan beneficio legal a cambio de dar informaci\u00f3n.<\/p>\n<p class=\"paragraph inline-placeholder vossi-paragraph\" data-uri=\"es.cms.cnn.com\/_components\/paragraph\/instances\/cmpq8dzr8000f3j6sat1rd04g@published\" data-editable=\"text\" data-component-name=\"paragraph\" data-article-gutter=\"true\" data-analytics-observe=\"on\">La acusaci\u00f3n del Departamento de Justicia atribuye a M\u00e9rida S\u00e1nchez haber recibido sobornos de Los Chapitos, con el presunto prop\u00f3sito de que \u00e9l les proporcionara \u201cnotificaciones previas de las redadas de las autoridades del orden p\u00fablico en los laboratorios de drogas, para que Los Chapitos pudieran trasladar sus drogas y el equipo de laboratorio antes de las redadas\u201d. Los Chapitos son una facci\u00f3n del Cartel de Sinaloa liderada por los hijos de Joaqu\u00edn \u201cel Chapo\u201d Guzm\u00e1n, un narcotraficante que en 2019 fue condenado a cadena perpetua en Estados Unidos.<\/p>\n<p class=\"paragraph inline-placeholder vossi-paragraph\" data-uri=\"es.cms.cnn.com\/_components\/paragraph\/instances\/cmpq8dzr8000g3j6s5vofdoho@published\" data-editable=\"text\" data-component-name=\"paragraph\" data-article-gutter=\"true\" data-analytics-observe=\"on\">CNN contact\u00f3 a la defensa de M\u00e9rida S\u00e1nchez para pedir comentarios sobre las acusaciones del Departamento y est\u00e1 en espera de respuesta.<\/p>\n<h2 id=\"un-gobernador-un-senador-un-alcalde-la-lista-de-acusados-por-ee-uu\" class=\"subheader inline-placeholder subheader vossi-subheader vossi-subheader--size-h2\" data-editable=\"text\" data-uri=\"es.cms.cnn.com\/_components\/subheader\/instances\/cmpq8elbg000x3j6ssdk0qrix@published\" data-component-name=\"subheader\" data-article-gutter=\"true\">Un gobernador, un senador, un alcalde\u2026 la lista de acusados por EE.UU.<\/h2>\n<p class=\"paragraph inline-placeholder vossi-paragraph\" data-uri=\"es.cms.cnn.com\/_components\/paragraph\/instances\/cmpq8dzr8000i3j6sufdv7of8@published\" data-editable=\"text\" data-component-name=\"paragraph\" data-article-gutter=\"true\" data-analytics-observe=\"off\">El 18 de mayo, d\u00edas despu\u00e9s de que M\u00e9rida S\u00e1nchez qued\u00f3 detenido, la presidenta Claudia Sheinbaum dijo\u00a0<a href=\"https:\/\/cnnespanol.cnn.com\/2026\/05\/18\/mexico\/sheinbaum-ningun-riesgo-acusados-se-entreguen-eeuu-orix\">que no ve \u201cning\u00fan riesgo\u201d<\/a>\u00a0en que \u00e9l u otros de los funcionarios y exfuncionarios se\u00f1alados se entreguen en Estados Unidos. La mandataria se\u00f1al\u00f3 que esa ser\u00eda su decisi\u00f3n y desde entonces ha insistido en que la FGR est\u00e1 investigando si las acusaciones de Estados Unidos tienen alg\u00fan sustento.<\/p>\n<p class=\"paragraph inline-placeholder vossi-paragraph\" data-uri=\"es.cms.cnn.com\/_components\/paragraph\/instances\/cmpq8dzr8000j3j6sibjzjbfw@published\" data-editable=\"text\" data-component-name=\"paragraph\" data-article-gutter=\"true\" data-analytics-observe=\"off\">La Fiscal\u00eda, de hecho, inform\u00f3 el s\u00e1bado 23 de mayo\u00a0<a href=\"https:\/\/x.com\/FGRMexico\/status\/2058293521354772810\" target=\"_blank\" rel=\"noopener\">que hab\u00eda citado a los implicados<\/a>\u00a0para que dieran su declaraci\u00f3n como testigos. La noche del jueves 28, detall\u00f3 en un comunicado\u00a0<a href=\"https:\/\/www.fgr.org.mx\/en\/FGR\/Nacional\/_rid\/61\/_mod\/story?p=1&amp;ord=desc&amp;f=0&amp;categoria=Nacional&amp;suri=http%3A%2F%2Fwww.FGR.swb%23fgr_Boletin%3A26124\" target=\"_blank\" rel=\"noopener\">que hasta ese momento hab\u00edan comparecido cinco de ellos<\/a>.<\/p>\n<section class=\"layout__main layout-with-rail__main\" data-editable=\"main\" data-track-zone=\"main\" data-reorderable=\"main\">\n<article class=\"article\" role=\"main\" data-uri=\"es.cms.cnn.com\/_components\/article\/instances\/cmpq4rrfb001t2dqo8g1g2hhe@published\" data-component-name=\"article\" data-drag-disable=\"true\" data-unselectable=\"true\" data-show-regwall=\"false\" data-show-paywall=\"false\" data-subscription-only=\"false\">\n<section class=\"body tabcontent active\" data-tabcontent=\"Content\"><main class=\"article__main\"><\/p>\n<div class=\"article__content-container\">\n<div class=\"article__content\" data-editable=\"content\" data-reorderable=\"content\">\n<p class=\"paragraph inline-placeholder vossi-paragraph\" data-uri=\"es.cms.cnn.com\/_components\/paragraph\/instances\/cmpq8dzr8000k3j6sb2ohewyb@published\" data-editable=\"text\" data-component-name=\"paragraph\" data-article-gutter=\"true\" data-analytics-observe=\"on\">El gobernador Rocha Moya\u00a0<a href=\"https:\/\/cnnespanol.cnn.com\/2026\/05\/26\/mexico\/ruben-rocha-gobernador-narcotrafico-fiscalia-orix\">acudi\u00f3 a declarar el martes 26 de mayo<\/a>, en la sede de la FGR en Culiac\u00e1n, y dijo que se presentar\u00e1 cada que sea requerido. Rocha Moya, quien insiste en su inocencia, el 1 de mayo pidi\u00f3 licencia para separarse temporalmente del cargo con el argumento de que esto facilitar\u00e1 las indagatorias y que su situaci\u00f3n se aclare. Su mandato al frente del Gobierno de Sinaloa comenz\u00f3 en 2021 y debe concluir en 2027.<\/p>\n<p class=\"paragraph inline-placeholder vossi-paragraph\" data-uri=\"es.cms.cnn.com\/_components\/paragraph\/instances\/cmpq8dzr8000l3j6s0gs3g5xp@published\" data-editable=\"text\" data-component-name=\"paragraph\" data-article-gutter=\"true\" data-analytics-observe=\"on\">Otro exfuncionario se\u00f1alado que acudi\u00f3 ante la FGR fue Enrique Inzunza, quien fue secretario de Gobierno de Sinaloa y hoy es senador por Morena. Al igual que Rocha Moya, Inzunza\u00a0<a href=\"https:\/\/x.com\/InzunzaCazarez\/status\/2059383579931791380\" target=\"_blank\" rel=\"noopener\">dijo el martes<\/a>\u00a0que atender\u00e1 todos los requerimientos de la Fiscal\u00eda y, aunque previamente se hab\u00eda negado a hacerlo,\u00a0<a href=\"https:\/\/x.com\/InzunzaCazarez\/status\/2060068487968477202\" target=\"_blank\" rel=\"noopener\">el jueves anunci\u00f3 que pedir\u00eda licencia a su asiento en el Senado<\/a>\u00a0para ausentarse de algunas sesiones extraordinarias, debido a lo que describi\u00f3 como \u201cla embestida medi\u00e1tica\u201d en su contra, y\u00a0<a href=\"https:\/\/www.senado.gob.mx\/66\/gaceta_del_senado\/documento\/159724\" target=\"_blank\" rel=\"noopener\">el viernes se reincorpor\u00f3<\/a>.<\/p>\n<p class=\"paragraph inline-placeholder vossi-paragraph\" data-uri=\"es.cms.cnn.com\/_components\/paragraph\/instances\/cmpq8dzr8000m3j6swzv3uift@published\" data-editable=\"text\" data-component-name=\"paragraph\" data-article-gutter=\"true\" data-analytics-observe=\"off\">Juan de Dios G\u00e1mez Mend\u00edvil, alcalde de Culiac\u00e1n, y D\u00e1maso Castro Zaavedra, vicefiscal de Sinaloa, ambos con licencia, declararon ante la Fiscal\u00eda el mismo martes. Tambi\u00e9n lo hizo Marco Antonio Almanza Avil\u00e9s, exjefe de la Polic\u00eda de Investigaci\u00f3n, de acuerdo con medios locales.<\/p>\n<p class=\"paragraph inline-placeholder vossi-paragraph\" data-uri=\"es.cms.cnn.com\/_components\/paragraph\/instances\/cmpq8dzr8000n3j6s2rmpiyzy@published\" data-editable=\"text\" data-component-name=\"paragraph\" data-article-gutter=\"true\" data-analytics-observe=\"off\">El\u00a0<a href=\"https:\/\/cnnespanol.cnn.com\/2026\/04\/30\/mexico\/estados-unidos-acusa-gobernador-sinaloa-chapitos-orix\">resto de los acusados por Estados Unidos<\/a>\u00a0son Enrique D\u00edaz Vega, exsecretario de Administraci\u00f3n y Finanzas de Sinaloa; Alberto Jorge Contreras N\u00fa\u00f1ez, exjefe de la Polic\u00eda de Investigaci\u00f3n; Jos\u00e9 Antonio Dionisio Hip\u00f3lito, exsubdirector de la Polic\u00eda Estatal, y Juan Valenzuela Mill\u00e1n, excomandante de la Polic\u00eda de Culiac\u00e1n. CNN no ha podido confirmar cu\u00e1ndo acudir\u00e1n a dar su declaraci\u00f3n ni cu\u00e1l es su ubicaci\u00f3n actual.<\/p>\n<\/div>\n<div class=\"article__copyright\" data-editable=\"copyright\" data-reorderable=\"copyright\"><\/div>\n<\/div>\n<p><\/main><\/section>\n<\/article>\n<\/section>\n<section class=\"layout__end layout-with-rail__end\">\n<div data-editable=\"end\" data-track-zone=\"end\">\n<div class=\"end-of-article\" data-uri=\"es.cms.cnn.com\/_components\/end-of-article\/instances\/article-v1@published\" data-display-rules=\"{}\" data-site=\"es\">\n<div class=\"content-recs\" data-uri=\"es.cms.cnn.com\/_components\/content-recs\/instances\/cnne-content-recs-related-v1@published\" data-editable=\"settings\" data-recs-model=\"related\" data-title=\"Relacionado\" data-number-of-items=\"3\" data-content-types=\"article\" data-sections=\"\" data-layout=\"container_list-headlines-with-read-times\">\n<div class=\"container container_list-headlines-with-read-times  \" data-uri=\"\/_components\/container\/instances\/content-recs\" data-selective-publishing=\"true\" data-collapsed-text=\"Relacionado\" data-recs-model=\"related\" data-title=\"Relacionado\" data-number-of-items=\"3\" data-recs-sections=\"\" data-recs-content-types=\"article\" data-recs-dedupe=\"\" data-layout=\"container_list-headlines-with-read-times\" data-source=\"\" data-content-recs-called=\"false\" data-subscriber-card-make-up=\"false\" data-tenant-id=\"related.es\" data-component-name=\"container\">\n<div class=\"container__ads container_list-headlines-with-read-times__ads\">Con informaci\u00f3n de CNN<\/div>\n<\/div>\n<\/div>\n<\/div>\n<\/div>\n<\/section>\n<\/div>\n","protected":false},"excerpt":{"rendered":"<p>Por\u00a0Mauricio Torres Gerardo M\u00e9rida S\u00e1nchez, exsecretario de Seguridad del estado mexicano de Sinaloa, tendr\u00e1 este lunes una audiencia en una Corte federal de Nueva York derivada de la acusaci\u00f3n por narcotr\u00e1fico que el Departamento de Justicia de Estados Unidos\u00a0present\u00f3 contra \u00e9l y otros nueve funcionarios y exfuncionarios mexicanos. M\u00e9rida S\u00e1nchez es el primero de los acusados que se enfrenta a la justicia de Estados Unidos por este caso, en el que la figura pol\u00edtica de m\u00e1s alto perfil es el gobernador de Sinaloa, Rub\u00e9n Rocha Moya, militante del oficialista partido Morena. Tanto el exsecretario como el gobernador y el resto [&hellip;]<\/p>\n","protected":false},"author":3,"featured_media":147461,"comment_status":"open","ping_status":"open","sticky":false,"template":"","format":"standard","meta":{"_jetpack_newsletter_access":"","_jetpack_dont_email_post_to_subs":false,"_jetpack_newsletter_tier_id":0,"_jetpack_memberships_contains_paywalled_content":false,"_jetpack_feature_clip_id":0,"_jetpack_memberships_contains_paid_content":false,"footnotes":"","jetpack_publicize_message":"","jetpack_publicize_feature_enabled":true,"jetpack_social_post_already_shared":true,"jetpack_social_options":{"image_generator_settings":{"template":"highway","default_image_id":0,"font":"","enabled":false},"version":2},"jetpack_post_was_ever_published":false},"categories":[90],"tags":[],"class_list":["post-147457","post","type-post","status-publish","format-standard","has-post-thumbnail","hentry","category-estatal","post--single"],"jetpack_publicize_connections":[],"jetpack_featured_media_url":"https:\/\/ovelanalista.com\/wp-content\/uploads\/2026\/06\/484993606-1074829191344472-7116386430073898428-n.jpg","jetpack_sharing_enabled":true,"_links":{"self":[{"href":"https:\/\/ovelanalista.com\/index.php?rest_route=\/wp\/v2\/posts\/147457","targetHints":{"allow":["GET"]}}],"collection":[{"href":"https:\/\/ovelanalista.com\/index.php?rest_route=\/wp\/v2\/posts"}],"about":[{"href":"https:\/\/ovelanalista.com\/index.php?rest_route=\/wp\/v2\/types\/post"}],"author":[{"embeddable":true,"href":"https:\/\/ovelanalista.com\/index.php?rest_route=\/wp\/v2\/users\/3"}],"replies":[{"embeddable":true,"href":"https:\/\/ovelanalista.com\/index.php?rest_route=%2Fwp%2Fv2%2Fcomments&post=147457"}],"version-history":[{"count":1,"href":"https:\/\/ovelanalista.com\/index.php?rest_route=\/wp\/v2\/posts\/147457\/revisions"}],"predecessor-version":[{"id":147462,"href":"https:\/\/ovelanalista.com\/index.php?rest_route=\/wp\/v2\/posts\/147457\/revisions\/147462"}],"wp:featuredmedia":[{"embeddable":true,"href":"https:\/\/ovelanalista.com\/index.php?rest_route=\/wp\/v2\/media\/147461"}],"wp:attachment":[{"href":"https:\/\/ovelanalista.com\/index.php?rest_route=%2Fwp%2Fv2%2Fmedia&parent=147457"}],"wp:term":[{"taxonomy":"category","embeddable":true,"href":"https:\/\/ovelanalista.com\/index.php?rest_route=%2Fwp%2Fv2%2Fcategories&post=147457"},{"taxonomy":"post_tag","embeddable":true,"href":"https:\/\/ovelanalista.com\/index.php?rest_route=%2Fwp%2Fv2%2Ftags&post=147457"}],"curies":[{"name":"wp","href":"https:\/\/api.w.org\/{rel}","templated":true}]}}