{"id":147458,"date":"2026-06-01T10:00:11","date_gmt":"2026-06-01T17:00:11","guid":{"rendered":"https:\/\/ovelanalista.com\/?p=147458"},"modified":"2026-06-01T08:44:44","modified_gmt":"2026-06-01T15:44:44","slug":"rina-en-penal-de-sinaloa-deja-al-menos-7-muertos","status":"publish","type":"post","link":"https:\/\/ovelanalista.com\/?p=147458","title":{"rendered":"Ri\u00f1a en penal de Sinaloa deja al menos 7 muertos"},"content":{"rendered":"<div class=\"c-detail__summary\">\n<p>El enfrentamiento, que dej\u00f3 tambi\u00e9n personas lesionadas por arma blanca, habr\u00eda iniciado durante una convivencia entre internos, que escal\u00f3 hasta convertirse en una agresi\u00f3n armada al interior del centro penitenciario.<\/p>\n<\/div>\n<figure class=\"c-detail__media\">\n<div class=\"c-detail__media__thumb\"><picture><source srcset=\"https:\/\/imagenes.eleconomista.com.mx\/files\/webp_1280_720\/uploads\/2026\/06\/01\/6a1d2745a31e0.jpeg\" type=\"image\/webp\" media=\"(min-width: 768px)\" \/><\/picture><\/div>\n<div><strong>Por: \u00a0<a style=\"font-size: 1.21429rem;\" href=\"https:\/\/www.eleconomista.com.mx\/autor\/rolando.ramos\">Rolando Ramos<\/a><\/strong><\/div>\n<\/figure>\n<div><\/div>\n<div>\n<p>Los internos del penal de Aguaruto, Sinaloa, Jos\u00e9 Antonio \u201cB\u201d, de 48 a\u00f1os, originario de San Ignacio; Alejandro Constantino, de 21, de Baja California; Alonso; Jos\u00e9 Luis; Kevin Alexis, de 24, de Culiac\u00e1n; Jes\u00fas Alexis, de 26, de San Luis R\u00edo Colorado, Sonora; y Leonel Agust\u00edn, de 31, de Mazatl\u00e1n, murieron en la ri\u00f1a registrada ayer en la madrugada.<\/p>\n<p>La Secretar\u00eda de Seguridad P\u00fablica (SSP) de Sinaloa inform\u00f3 de manera oficial que la pelea entre presos se suscit\u00f3 al interior del M\u00f3dulo 7 del Centro Penitenciario de Aguaruto, ubicado en Culiac\u00e1n, y que la situaci\u00f3n se control\u00f3 de inmediato por personal de custodia y con el apoyo de elementos de la Polic\u00eda Estatal Preventiva, Guardia Nacional (GN) y Ej\u00e9rcito Mexicano que se apostaron en el exterior del inmueble a fin de garantizar la seguridad de la poblaci\u00f3n penitenciaria.<\/p>\n<p>Como medida preventiva y de seguridad para las familias, asegur\u00f3, las visitas fueron suspendidas de inmediato y durante todo el domingo.<\/p>\n<p>\u201cAsimismo, las autoridades del centro penitenciario dieron aviso de manera inmediata a la Fiscal\u00eda General del Estado, a fin de que realice las investigaciones correspondientes\u201d, cita el reporte que la SSP public\u00f3 en la red social X.<\/p>\n<p>El enfrentamiento, que dej\u00f3 tambi\u00e9n personas lesionadas por arma blanca, habr\u00eda iniciado durante una convivencia entre internos, que escal\u00f3 hasta convertirse en una agresi\u00f3n armada al interior del centro penitenciario.<\/p>\n<p>Para controlar la situaci\u00f3n se activ\u00f3 un operativo de seguridad en el que participaron elementos de la Secretar\u00eda de la Defensa Nacional (Sedena), GN, Secretar\u00eda de Seguridad y Protecci\u00f3n Ciudadana (SSPC) y de las corporaciones estatales.<\/p>\n<p>Las autoridades federales y estatales instrumentaron un cerco de seguridad en el per\u00edmetro, cuyo operativo permiti\u00f3 controlar la situaci\u00f3n.<\/p>\n<p>A fin de determinar c\u00f3mo se origin\u00f3 el enfrentamiento y deslindar responsabilidades, la Fiscal\u00eda General del Estado de Sinaloa (FGES) inici\u00f3 la investigaci\u00f3n formal del caso.<\/p>\n<p>Durante el transcurso de la ma\u00f1ana, familiares de las personas privadas de la libertad permanecieron en las afueras del penal a la espera de informaci\u00f3n oficial sobre lo sucedido y en espec\u00edfico de saber el estado de sus seres queridos.<\/p>\n<p>Efectivos militares instalaron un punto de inspecci\u00f3n sobre la carretera Culiac\u00e1n\u2013Navolato, en los carriles de oriente a poniente, como parte de las acciones de vigilancia implementadas tras el enfrentamiento entre reos.<\/p>\n<p>Con informaci\u00f3n de El Economista<\/p>\n<\/div>\n","protected":false},"excerpt":{"rendered":"<p>El enfrentamiento, que dej\u00f3 tambi\u00e9n personas lesionadas por arma blanca, habr\u00eda iniciado durante una convivencia entre internos, que escal\u00f3 hasta convertirse en una agresi\u00f3n armada al interior del centro penitenciario. Por: \u00a0Rolando Ramos Los internos del penal de Aguaruto, Sinaloa, Jos\u00e9 Antonio \u201cB\u201d, de 48 a\u00f1os, originario de San Ignacio; Alejandro Constantino, de 21, de Baja California; Alonso; Jos\u00e9 Luis; Kevin Alexis, de 24, de Culiac\u00e1n; Jes\u00fas Alexis, de 26, de San Luis R\u00edo Colorado, Sonora; y Leonel Agust\u00edn, de 31, de Mazatl\u00e1n, murieron en la ri\u00f1a registrada ayer en la madrugada. La Secretar\u00eda de Seguridad P\u00fablica (SSP) de Sinaloa [&hellip;]<\/p>\n","protected":false},"author":3,"featured_media":147459,"comment_status":"open","ping_status":"open","sticky":false,"template":"","format":"standard","meta":{"_jetpack_newsletter_access":"","_jetpack_dont_email_post_to_subs":false,"_jetpack_newsletter_tier_id":0,"_jetpack_memberships_contains_paywalled_content":false,"_jetpack_feature_clip_id":0,"_jetpack_memberships_contains_paid_content":false,"footnotes":"","jetpack_publicize_message":"","jetpack_publicize_feature_enabled":true,"jetpack_social_post_already_shared":true,"jetpack_social_options":{"image_generator_settings":{"template":"highway","default_image_id":0,"font":"","enabled":false},"version":2},"jetpack_post_was_ever_published":false},"categories":[90,84],"tags":[],"class_list":["post-147458","post","type-post","status-publish","format-standard","has-post-thumbnail","hentry","category-estatal","category-sinaloa-centro","post--single"],"jetpack_publicize_connections":[],"jetpack_featured_media_url":"https:\/\/ovelanalista.com\/wp-content\/uploads\/2026\/06\/6a1d2745a31e0.webp","jetpack_sharing_enabled":true,"_links":{"self":[{"href":"https:\/\/ovelanalista.com\/index.php?rest_route=\/wp\/v2\/posts\/147458","targetHints":{"allow":["GET"]}}],"collection":[{"href":"https:\/\/ovelanalista.com\/index.php?rest_route=\/wp\/v2\/posts"}],"about":[{"href":"https:\/\/ovelanalista.com\/index.php?rest_route=\/wp\/v2\/types\/post"}],"author":[{"embeddable":true,"href":"https:\/\/ovelanalista.com\/index.php?rest_route=\/wp\/v2\/users\/3"}],"replies":[{"embeddable":true,"href":"https:\/\/ovelanalista.com\/index.php?rest_route=%2Fwp%2Fv2%2Fcomments&post=147458"}],"version-history":[{"count":1,"href":"https:\/\/ovelanalista.com\/index.php?rest_route=\/wp\/v2\/posts\/147458\/revisions"}],"predecessor-version":[{"id":147460,"href":"https:\/\/ovelanalista.com\/index.php?rest_route=\/wp\/v2\/posts\/147458\/revisions\/147460"}],"wp:featuredmedia":[{"embeddable":true,"href":"https:\/\/ovelanalista.com\/index.php?rest_route=\/wp\/v2\/media\/147459"}],"wp:attachment":[{"href":"https:\/\/ovelanalista.com\/index.php?rest_route=%2Fwp%2Fv2%2Fmedia&parent=147458"}],"wp:term":[{"taxonomy":"category","embeddable":true,"href":"https:\/\/ovelanalista.com\/index.php?rest_route=%2Fwp%2Fv2%2Fcategories&post=147458"},{"taxonomy":"post_tag","embeddable":true,"href":"https:\/\/ovelanalista.com\/index.php?rest_route=%2Fwp%2Fv2%2Ftags&post=147458"}],"curies":[{"name":"wp","href":"https:\/\/api.w.org\/{rel}","templated":true}]}}