{"id":147467,"date":"2026-06-01T12:00:14","date_gmt":"2026-06-01T19:00:14","guid":{"rendered":"https:\/\/ovelanalista.com\/?p=147467"},"modified":"2026-06-01T08:58:06","modified_gmt":"2026-06-01T15:58:06","slug":"detienen-en-mexicali-a-dos-colombianos-presuntamente-ligados-al-cartel-de-sinaloa","status":"publish","type":"post","link":"https:\/\/ovelanalista.com\/?p=147467","title":{"rendered":"Detienen en Mexicali a dos colombianos presuntamente ligados al C\u00e1rtel de Sinaloa"},"content":{"rendered":"<p><strong class=\"bajada\">En el operativo fueron asegurados veh\u00edculos con reporte de robo en Estados Unidos, un arma de fuego, cargadores abastecidos y una caja con artefactos denominados \u201cponchallantas\u201d.\u00a0<\/strong><\/p>\n<div class=\"row\">\n<div class=\"col-md-1 col-sticky\">\n<div class=\"inner-share-bar cf\">\n<div class=\"item\">\n<div class=\"nombre-autor\"><a class=\"nota-link-autor\" title=\"Ir al perfil de  Benjam\u00edn Pacheco L\u00f3pez\" href=\"https:\/\/www.proceso.com.mx\/autor\/benjamin-pacheco-lopez.html\">Por\u00a0<span id=\"autor\" class=\"post-author-name\">Benjam\u00edn Pacheco L\u00f3pez<\/span><\/a><\/div>\n<\/div>\n<\/div>\n<\/div>\n<\/div>\n<div><\/div>\n<div>\n<p>ENSENADA, BC. (apro).-\u00a0Dos colombianos, presuntamente ligados al C\u00e1rtel de Sinaloa (CDS), fueron arrestados tras ser delatados por una denuncia an\u00f3nima en el municipio de Mexicali, Baja California.<\/p>\n<p>Autoridades de la Secretar\u00eda de Seguridad Ciudadana de Baja California (SSCBC) informaron de la detenci\u00f3n de\u00a0Darwin Ferney \u201cN\u201d, alias \u201cEl Zarco\u201d y Alexander \u201cN\u201d, originarios respectivamente de Villavicencio y Bogot\u00e1, Colombia.<\/p>\n<p>Conforme a la informaci\u00f3n trascendida en medios de comunicaci\u00f3n locales, los hombres al parecer pertenec\u00edan la c\u00e9lula criminal de \u201cLos Rusos\u201d, facci\u00f3n del CDS.<\/p>\n<aside class=\"htmlinline\"><\/aside>\n<p>En el operativo implementado en el Valle de Mexicali, en la capital bajacaliforniana, las corporaciones aseguraron\u00a0veh\u00edculos con reporte de robo en Estados Unidos, un arma de fuego, cargadores abastecidos y una caja con artefactos denominados \u201cponchallantas\u201d.<\/p>\n<p>Tras que un denunciante an\u00f3nimo llamara al n\u00famero de emergencia 089, de presuntos hombres sospechosos con armas de fuego, las autoridades desplegaron un operativo entre\u00a0agentes del \u00e1rea de investigaci\u00f3n de la Fuerza Estatal de Seguridad Ciudadana (FESC) y elementos de la Secretar\u00eda de la Defensa.<\/p>\n<p>De esta forma, el pasado 28 de mayo, se dirigieron a las 18:50 horas a\u00a0la avenida M\u00e9xico,\u00a0entre la calle Octava y calle S\u00e9ptima, en el Ejido Estaci\u00f3n Coahuila.\u00a0Los hombres al parecer fueron descubiertos con armas cortas fajadas a la altura de la cintura.<\/p>\n<p>\u201cSe les aseguraron los siguientes indicios: un arma de fuego tipo pistola Glock 19 con un cargador abastecido con 17 cartuchos \u00fatiles; dos cargadores para arma de fuego cortan con seis cartuchos \u00fatiles cada uno de calibre 9 mm; un cargador para arma de fuego larga abastecido con 15 cartuchos \u00fatiles de calibre 7.62&#215;39 mm, y una caja de pl\u00e1stico que conten\u00eda\u00a0\u2018ponchallantas\u201d, detallaron las autoridades.<\/p>\n<p>Tambi\u00e9n fueron decomisados dos\u00a0veh\u00edculos: en primer lugar,\u00a0una camioneta Grand Cherokee, color gris, modelo 2017, con placas de circulaci\u00f3n de Arizona, misma que\u00a0ten\u00eda\u00a0reporte de robo registrado el d\u00eda 26 de abril de 2026 en el Estado de California, con el n\u00famero de expediente S008-613-26 y n\u00famero de caso M426-613-26.<\/p>\n<p>El segundo veh\u00edculo es una camioneta Subaru, color azul, modelo 2019, con placas de Arizona, la cual tambi\u00e9n cuenta con reporte de robo, registrado el 24 de marzo de 2024, con el n\u00famero de caso 24007340.<\/p>\n<p>Los\u00a0individuos fueron presentados ante la\u00a0Fiscal\u00eda General\u00a0de la Rep\u00fablica (FGR), autoridad que determinar\u00e1 la situaci\u00f3n jur\u00eddica de cada uno e integrar\u00e1 la carpeta de investigaci\u00f3n correspondiente.<\/p>\n<p>Con informaci\u00f3n de Proceso<\/p>\n<\/div>\n","protected":false},"excerpt":{"rendered":"<p>En el operativo fueron asegurados veh\u00edculos con reporte de robo en Estados Unidos, un arma de fuego, cargadores abastecidos y una caja con artefactos denominados \u201cponchallantas\u201d.\u00a0 Por\u00a0Benjam\u00edn Pacheco L\u00f3pez ENSENADA, BC. (apro).-\u00a0Dos colombianos, presuntamente ligados al C\u00e1rtel de Sinaloa (CDS), fueron arrestados tras ser delatados por una denuncia an\u00f3nima en el municipio de Mexicali, Baja California. Autoridades de la Secretar\u00eda de Seguridad Ciudadana de Baja California (SSCBC) informaron de la detenci\u00f3n de\u00a0Darwin Ferney \u201cN\u201d, alias \u201cEl Zarco\u201d y Alexander \u201cN\u201d, originarios respectivamente de Villavicencio y Bogot\u00e1, Colombia. Conforme a la informaci\u00f3n trascendida en medios de comunicaci\u00f3n locales, los hombres al [&hellip;]<\/p>\n","protected":false},"author":3,"featured_media":147471,"comment_status":"open","ping_status":"open","sticky":false,"template":"","format":"standard","meta":{"_jetpack_newsletter_access":"","_jetpack_dont_email_post_to_subs":false,"_jetpack_newsletter_tier_id":0,"_jetpack_memberships_contains_paywalled_content":false,"_jetpack_feature_clip_id":0,"_jetpack_memberships_contains_paid_content":false,"footnotes":"","jetpack_publicize_message":"","jetpack_publicize_feature_enabled":true,"jetpack_social_post_already_shared":true,"jetpack_social_options":{"image_generator_settings":{"template":"highway","default_image_id":0,"font":"","enabled":false},"version":2},"jetpack_post_was_ever_published":false},"categories":[90],"tags":[],"class_list":["post-147467","post","type-post","status-publish","format-standard","has-post-thumbnail","hentry","category-estatal","post--single"],"jetpack_publicize_connections":[],"jetpack_featured_media_url":"https:\/\/ovelanalista.com\/wp-content\/uploads\/2026\/06\/f685x385-250087_287780_5050.jpg","jetpack_sharing_enabled":true,"_links":{"self":[{"href":"https:\/\/ovelanalista.com\/index.php?rest_route=\/wp\/v2\/posts\/147467","targetHints":{"allow":["GET"]}}],"collection":[{"href":"https:\/\/ovelanalista.com\/index.php?rest_route=\/wp\/v2\/posts"}],"about":[{"href":"https:\/\/ovelanalista.com\/index.php?rest_route=\/wp\/v2\/types\/post"}],"author":[{"embeddable":true,"href":"https:\/\/ovelanalista.com\/index.php?rest_route=\/wp\/v2\/users\/3"}],"replies":[{"embeddable":true,"href":"https:\/\/ovelanalista.com\/index.php?rest_route=%2Fwp%2Fv2%2Fcomments&post=147467"}],"version-history":[{"count":1,"href":"https:\/\/ovelanalista.com\/index.php?rest_route=\/wp\/v2\/posts\/147467\/revisions"}],"predecessor-version":[{"id":147472,"href":"https:\/\/ovelanalista.com\/index.php?rest_route=\/wp\/v2\/posts\/147467\/revisions\/147472"}],"wp:featuredmedia":[{"embeddable":true,"href":"https:\/\/ovelanalista.com\/index.php?rest_route=\/wp\/v2\/media\/147471"}],"wp:attachment":[{"href":"https:\/\/ovelanalista.com\/index.php?rest_route=%2Fwp%2Fv2%2Fmedia&parent=147467"}],"wp:term":[{"taxonomy":"category","embeddable":true,"href":"https:\/\/ovelanalista.com\/index.php?rest_route=%2Fwp%2Fv2%2Fcategories&post=147467"},{"taxonomy":"post_tag","embeddable":true,"href":"https:\/\/ovelanalista.com\/index.php?rest_route=%2Fwp%2Fv2%2Ftags&post=147467"}],"curies":[{"name":"wp","href":"https:\/\/api.w.org\/{rel}","templated":true}]}}