{"id":147468,"date":"2026-06-01T12:30:33","date_gmt":"2026-06-01T19:30:33","guid":{"rendered":"https:\/\/ovelanalista.com\/?p=147468"},"modified":"2026-06-01T08:59:42","modified_gmt":"2026-06-01T15:59:42","slug":"pelea-mortal-en-la-carcel-de-aguaruto-en-sinaloa-deja-7-muertos","status":"publish","type":"post","link":"https:\/\/ovelanalista.com\/?p=147468","title":{"rendered":"Pelea mortal en la c\u00e1rcel de Aguaruto en Sinaloa deja 7 muertos"},"content":{"rendered":"<h2 class=\"c-gray700 tal deckSm md:deckMd lg:deckLg\"><span dir=\"auto\">La ri\u00f1a se desat\u00f3 dentro del sobrepoblado Centro Penitenciario de Aguaruto, en las afueras de Culiac\u00e1n.<\/span><\/h2>\n<div class=\"f jcb sm:aic sm:fdr sm:g0 fdc ais g16\">\n<div class=\"f fdc sy4\">\n<div class=\"r1udwkp5 d1uy5mhj articleBody mb32\" data-block-type=\"text\" data-dropcap=\"false\">\n<p data-mrf-recirculation=\"Article - Paragraph links 2\"><strong><span class=\"lg:largeTimestamp smallTimestamp lg:fs16\"><span dir=\"auto\">Por\u00a0<\/span><\/span><span class=\"bylineSm lg:bylineLg pb1\" data-mrf-recirculation=\"Article - Byline 2\"><span class=\"wbbw c-gray700\"><span dir=\"auto\">Associated Press<\/span><\/span><\/span><\/strong><\/p>\n<p data-mrf-recirculation=\"Article - Paragraph links 2\"><strong><span dir=\"auto\">Ciudad de M\u00e9xico \u2014<\/span><\/strong><span dir=\"auto\">\u00a0Una pelea mortal dentro del\u00a0<\/span><strong><span dir=\"auto\">Centro Penitenciario de Aguaruto de Sinaloa<\/span><\/strong>\u00a0<span dir=\"auto\">dej\u00f3 siete presos muertos el domingo.<\/span><\/p>\n<\/div>\n<\/div>\n<div class=\"mb32 ar16-9 isolate z1002 rel\" data-eid=\"item-104755\"><span dir=\"auto\">\u00a0El violento hecho ocurri\u00f3 en un estado mexicano que ha quedado sumido en una espiral de violencia desde hace 20 meses debido a los\u00a0<\/span><strong><span dir=\"auto\">enfrentamientos entre dos facciones del\u00a0<\/span><a class=\"\" href=\"https:\/\/www.dallasnews.com\/espanol\/al-dia\/estados-unidos\/2022\/01\/25\/joaquin-chapo-guzman-confirman-sentencia-condena-apelaciones\/\" data-link=\"native\" data-mrf-link=\"https:\/\/www.dallasnews.com\/espanol\/al-dia\/estados-unidos\/2022\/01\/25\/joaquin-chapo-guzman-confirman-sentencia-condena-apelaciones\/\"><span dir=\"auto\">C\u00e1rtel de Sinaloa.<\/span><\/a><\/strong><\/div>\n<\/div>\n<div data-eid=\"item-104755\"><\/div>\n<div data-eid=\"item-104755\"><span dir=\"auto\">El incidente se desat\u00f3 en las primeras horas del domingo en una prisi\u00f3n ubicada en las afueras de la capital Culiac\u00e1n, donde tuvo lugar una ri\u00f1a entre reclusos, indic\u00f3 la Secretar\u00eda de Seguridad estatal en su p\u00e1gina de Facebook. Hace dos semanas, un mot\u00edn en el vecino estado de Sonora dej\u00f3 dos muertos y siete heridos, entre ellos un custodio.<\/span><br \/>\n<span dir=\"auto\">La Secretar\u00eda de Seguridad del estado de Sinaloa agreg\u00f3 que las fuerzas de seguridad tomaron el control del penal y se restableci\u00f3 el orden. La c\u00e1rcel de\u00a0<\/span><strong><span dir=\"auto\">Aguaruto tiene una poblaci\u00f3n de 2,294 presos, pese a que su capacidad es de 1,855 personas<\/span><\/strong><span dir=\"auto\">\u00a0, seg\u00fan cifras oficiales.<\/span><br \/>\n<span dir=\"auto\">Muchos de los reclusos del pa\u00eds viven en graves condiciones de hacinamiento, en particular en el Estado de M\u00e9xico, Morelos, Nayarit y Durango, donde la superpoblaci\u00f3n supera la capacidad de los penales en m\u00e1s del 60%.<\/span><\/div>\n<div data-eid=\"item-104755\"><\/div>\n<div data-eid=\"item-104755\"><span dir=\"auto\">El hacinamiento, generado en parte por el mecanismo de prisi\u00f3n preventiva \u2014que mantiene encerrados a millas de presos sin sentencia\u2014, sumado al escaso personal de custodia, ha favorecido la corrupci\u00f3n y la violencia al interior de los centros penitenciarios, seg\u00fan analistas.<\/span><br \/>\n<span dir=\"auto\">La violencia en el estado de Sinaloa se desat\u00f3 en septiembre de 2024 con la disputa interna entre las dos facciones del C\u00e1rtel de Sinaloa, enfrentando por un lado a los hijos del excapo condenado Joaqu\u00edn \u201cEl Chapo\u201d Guzm\u00e1n, conocidos como \u201cLos Chapitos\u201d, y los seguidores del tambi\u00e9n detenido exl\u00edder, Ismael \u201cEl Mayo\u201d Zambada.<\/span><br \/>\n<span dir=\"auto\">La confrontaci\u00f3n se origin\u00f3 luego de que Zambada fue arrestado el 25 de julio del 2024 en Texas junto a Joaqu\u00edn Guzm\u00e1n L\u00f3pez, uno de los hijos de \u201cEl Chapo\u201d, quien admiti\u00f3 en diciembre pasado ante una corte federal que inici\u00f3 el secuestro de Zambada capo con la esperanza de obtener beneficios de las autoridades estadounidenses.<\/span><\/div>\n<div data-eid=\"item-104755\"><\/div>\n<div data-eid=\"item-104755\"><\/div>\n<div data-eid=\"item-104755\">Con informaci\u00f3n de Dallas News<\/div>\n","protected":false},"excerpt":{"rendered":"<p>La ri\u00f1a se desat\u00f3 dentro del sobrepoblado Centro Penitenciario de Aguaruto, en las afueras de Culiac\u00e1n. Por\u00a0Associated Press Ciudad de M\u00e9xico \u2014\u00a0Una pelea mortal dentro del\u00a0Centro Penitenciario de Aguaruto de Sinaloa\u00a0dej\u00f3 siete presos muertos el domingo. \u00a0El violento hecho ocurri\u00f3 en un estado mexicano que ha quedado sumido en una espiral de violencia desde hace 20 meses debido a los\u00a0enfrentamientos entre dos facciones del\u00a0C\u00e1rtel de Sinaloa. El incidente se desat\u00f3 en las primeras horas del domingo en una prisi\u00f3n ubicada en las afueras de la capital Culiac\u00e1n, donde tuvo lugar una ri\u00f1a entre reclusos, indic\u00f3 la Secretar\u00eda de Seguridad estatal [&hellip;]<\/p>\n","protected":false},"author":3,"featured_media":147473,"comment_status":"open","ping_status":"open","sticky":false,"template":"","format":"standard","meta":{"_jetpack_newsletter_access":"","_jetpack_dont_email_post_to_subs":false,"_jetpack_newsletter_tier_id":0,"_jetpack_memberships_contains_paywalled_content":false,"_jetpack_feature_clip_id":0,"_jetpack_memberships_contains_paid_content":false,"footnotes":"","jetpack_publicize_message":"","jetpack_publicize_feature_enabled":true,"jetpack_social_post_already_shared":true,"jetpack_social_options":{"image_generator_settings":{"template":"highway","default_image_id":0,"font":"","enabled":false},"version":2},"jetpack_post_was_ever_published":false},"categories":[90,89],"tags":[],"class_list":["post-147468","post","type-post","status-publish","format-standard","has-post-thumbnail","hentry","category-estatal","category-internacional","post--single"],"jetpack_publicize_connections":[],"jetpack_featured_media_url":"https:\/\/ovelanalista.com\/wp-content\/uploads\/2026\/06\/ratio3x2_960.webp","jetpack_sharing_enabled":true,"_links":{"self":[{"href":"https:\/\/ovelanalista.com\/index.php?rest_route=\/wp\/v2\/posts\/147468","targetHints":{"allow":["GET"]}}],"collection":[{"href":"https:\/\/ovelanalista.com\/index.php?rest_route=\/wp\/v2\/posts"}],"about":[{"href":"https:\/\/ovelanalista.com\/index.php?rest_route=\/wp\/v2\/types\/post"}],"author":[{"embeddable":true,"href":"https:\/\/ovelanalista.com\/index.php?rest_route=\/wp\/v2\/users\/3"}],"replies":[{"embeddable":true,"href":"https:\/\/ovelanalista.com\/index.php?rest_route=%2Fwp%2Fv2%2Fcomments&post=147468"}],"version-history":[{"count":1,"href":"https:\/\/ovelanalista.com\/index.php?rest_route=\/wp\/v2\/posts\/147468\/revisions"}],"predecessor-version":[{"id":147474,"href":"https:\/\/ovelanalista.com\/index.php?rest_route=\/wp\/v2\/posts\/147468\/revisions\/147474"}],"wp:featuredmedia":[{"embeddable":true,"href":"https:\/\/ovelanalista.com\/index.php?rest_route=\/wp\/v2\/media\/147473"}],"wp:attachment":[{"href":"https:\/\/ovelanalista.com\/index.php?rest_route=%2Fwp%2Fv2%2Fmedia&parent=147468"}],"wp:term":[{"taxonomy":"category","embeddable":true,"href":"https:\/\/ovelanalista.com\/index.php?rest_route=%2Fwp%2Fv2%2Fcategories&post=147468"},{"taxonomy":"post_tag","embeddable":true,"href":"https:\/\/ovelanalista.com\/index.php?rest_route=%2Fwp%2Fv2%2Ftags&post=147468"}],"curies":[{"name":"wp","href":"https:\/\/api.w.org\/{rel}","templated":true}]}}