{"id":147470,"date":"2026-06-01T14:00:14","date_gmt":"2026-06-01T21:00:14","guid":{"rendered":"https:\/\/ovelanalista.com\/?p=147470"},"modified":"2026-06-01T09:05:36","modified_gmt":"2026-06-01T16:05:36","slug":"agricultores-de-sinaloa-volveran-a-la-carretera-es-un-preludio-del-boicot-al-mundial","status":"publish","type":"post","link":"https:\/\/ovelanalista.com\/?p=147470","title":{"rendered":"Agricultores de Sinaloa volver\u00e1n a la carretera: \u201cEs un preludio del boicot al mundial\u201d"},"content":{"rendered":"<header class=\"post-header\">Agricultores de Sinaloa retomar\u00e1n la toma de casetas desde el 3 de junio ante la falta de acuerdos con el Gobierno federal y la crisis de rentabilidad del campo.<\/p>\n<p><strong>Daniel Villaman<\/strong><\/p>\n<p>Luego de\u00a0<strong>negociaciones infruct\u00edferas con el gobierno federal<\/strong>, tras la manifestaci\u00f3n en ciudad de M\u00e9xico en la que participaron alrededor de 5 mil productores y trabajadores del campo de todo el pa\u00eds, los\u00a0<strong>agricultores de Sinaloa<\/strong>\u00a0han anunciado que\u00a0<strong>volver\u00e1n a tomar casetas<\/strong>\u00a0a partir del\u00a0<strong>mi\u00e9rcoles 3 de junio<\/strong>. La consigna sigue siendo la misma que los ha movilizado a nivel nacional desde noviembre del a\u00f1o pasado: la exigencia de rentabilidad para los granos b\u00e1sicos.<\/p>\n<blockquote><p>\u201c<strong>Este ciclo en Navolato, nadie gan\u00f3.<\/strong>\u00a0Independientemente de la poca producci\u00f3n, ni siquiera la inversi\u00f3n se recuper\u00f3, y si no sacas tu inversi\u00f3n menos vas a tener una ganancia.\u00a0<strong>Esta es la quiebra del Estado de Sinaloa<\/strong>\u201c, dijo a ESPEJO el productor y activista del campo sinaloense,\u00a0<strong>Mart\u00edn Lim,<\/strong>\u00a0sobre los malos resultados de la cosecha de ma\u00edz.<\/p><\/blockquote>\n<p>Es a ra\u00edz de la crisis en la que se encuentra el campo sinaloense, en una situaci\u00f3n que se replica en la mayor\u00eda de las regiones productoras de granos en el pa\u00eds, que el\u00a0<strong>Frente Nacional para el Rescate del Campo Mexicano<\/strong>\u00a0ha anunciado que se coordinar\u00e1 el<a href=\"https:\/\/revistaespejo.com\/2026\/04\/18\/no-queremos-goles-queremos-pa-comer-frijoles-agricultores-alistan-posible-boicot-al-mundial\/\">\u00a0boicot al mundial de futbol\u00a0<\/a>durante el mes de junio en las tres ciudades sedes del evento deportivo. Se trata de Monterrey, Guadalajara y la Ciudad de M\u00e9xico.\u00a0<strong>Los productores de Sinaloa han anunciado que les tocar\u00e1 estar presentes en Guadalajara.<\/strong><\/p>\n<p>Como previa de dichas movilizaciones, a las 9 de la ma\u00f1ana del mi\u00e9rcoles 3 de junio y durante tiempo indefinido, comenzar\u00e1 la toma de casetas por parte de productores de la entidad.<\/p>\n<h2>\u00bfQu\u00e9 casetas tomar\u00e1n los agricultores de Sinaloa?<\/h2>\n<p>&nbsp;<\/p>\n<p>Ser\u00e1n tomadas las casetas de\u00a0<strong>Cuatro Caminos, San Miguel Zapotitl\u00e1n y El Pisal.<\/strong>\u00a0En las cuatro se seguir\u00e1 la misma mec\u00e1nica vista en manifestaciones pasadas, donde\u00a0<strong>no se bloquea el paso<\/strong>, sino que se libera el cobro de los peajes y se mantiene la presencia permanente de contingentes.<\/p>\n<blockquote><p>\u201cEsto es un preludio del boicot al mundial.\u00a0<strong>Queremos que la naci\u00f3n sepa que ya estuvo. Ya. Se acab\u00f3.<\/strong>\u00a0Pronto ya no podremos decir que el campo sinaloense est\u00e1 agonizando, sino que est\u00e1 muerto. Muerto porque venimos de 4 a\u00f1os de p\u00e9rdida.\u00a0<strong>Esta cosecha es el tiro de gracia<\/strong>\u201c, sigui\u00f3 Lim.<\/p><\/blockquote>\n<p>Con informaci\u00f3n de Espejo<\/p>\n<\/header>\n","protected":false},"excerpt":{"rendered":"<p>Agricultores de Sinaloa retomar\u00e1n la toma de casetas desde el 3 de junio ante la falta de acuerdos con el Gobierno federal y la crisis de rentabilidad del campo. Daniel Villaman Luego de\u00a0negociaciones infruct\u00edferas con el gobierno federal, tras la manifestaci\u00f3n en ciudad de M\u00e9xico en la que participaron alrededor de 5 mil productores y trabajadores del campo de todo el pa\u00eds, los\u00a0agricultores de Sinaloa\u00a0han anunciado que\u00a0volver\u00e1n a tomar casetas\u00a0a partir del\u00a0mi\u00e9rcoles 3 de junio. La consigna sigue siendo la misma que los ha movilizado a nivel nacional desde noviembre del a\u00f1o pasado: la exigencia de rentabilidad para los granos [&hellip;]<\/p>\n","protected":false},"author":3,"featured_media":147477,"comment_status":"open","ping_status":"open","sticky":false,"template":"","format":"standard","meta":{"_jetpack_newsletter_access":"","_jetpack_dont_email_post_to_subs":false,"_jetpack_newsletter_tier_id":0,"_jetpack_memberships_contains_paywalled_content":false,"_jetpack_feature_clip_id":0,"_jetpack_memberships_contains_paid_content":false,"footnotes":"","jetpack_publicize_message":"","jetpack_publicize_feature_enabled":true,"jetpack_social_post_already_shared":true,"jetpack_social_options":{"image_generator_settings":{"template":"highway","default_image_id":0,"font":"","enabled":false},"version":2},"jetpack_post_was_ever_published":false},"categories":[90],"tags":[],"class_list":["post-147470","post","type-post","status-publish","format-standard","has-post-thumbnail","hentry","category-estatal","post--single"],"jetpack_publicize_connections":[],"jetpack_featured_media_url":"https:\/\/ovelanalista.com\/wp-content\/uploads\/2026\/06\/Captura-de-pantalla-2026-06-01-a-las-9.04.58-a.m.png","jetpack_sharing_enabled":true,"_links":{"self":[{"href":"https:\/\/ovelanalista.com\/index.php?rest_route=\/wp\/v2\/posts\/147470","targetHints":{"allow":["GET"]}}],"collection":[{"href":"https:\/\/ovelanalista.com\/index.php?rest_route=\/wp\/v2\/posts"}],"about":[{"href":"https:\/\/ovelanalista.com\/index.php?rest_route=\/wp\/v2\/types\/post"}],"author":[{"embeddable":true,"href":"https:\/\/ovelanalista.com\/index.php?rest_route=\/wp\/v2\/users\/3"}],"replies":[{"embeddable":true,"href":"https:\/\/ovelanalista.com\/index.php?rest_route=%2Fwp%2Fv2%2Fcomments&post=147470"}],"version-history":[{"count":1,"href":"https:\/\/ovelanalista.com\/index.php?rest_route=\/wp\/v2\/posts\/147470\/revisions"}],"predecessor-version":[{"id":147478,"href":"https:\/\/ovelanalista.com\/index.php?rest_route=\/wp\/v2\/posts\/147470\/revisions\/147478"}],"wp:featuredmedia":[{"embeddable":true,"href":"https:\/\/ovelanalista.com\/index.php?rest_route=\/wp\/v2\/media\/147477"}],"wp:attachment":[{"href":"https:\/\/ovelanalista.com\/index.php?rest_route=%2Fwp%2Fv2%2Fmedia&parent=147470"}],"wp:term":[{"taxonomy":"category","embeddable":true,"href":"https:\/\/ovelanalista.com\/index.php?rest_route=%2Fwp%2Fv2%2Fcategories&post=147470"},{"taxonomy":"post_tag","embeddable":true,"href":"https:\/\/ovelanalista.com\/index.php?rest_route=%2Fwp%2Fv2%2Ftags&post=147470"}],"curies":[{"name":"wp","href":"https:\/\/api.w.org\/{rel}","templated":true}]}}