{"id":147482,"date":"2026-06-01T14:30:28","date_gmt":"2026-06-01T21:30:28","guid":{"rendered":"https:\/\/ovelanalista.com\/?p=147482"},"modified":"2026-06-01T09:14:15","modified_gmt":"2026-06-01T16:14:15","slug":"mas-de-150-anexos-operan-sin-registro-en-sinaloa-ante-crisis-de-adicciones","status":"publish","type":"post","link":"https:\/\/ovelanalista.com\/?p=147482","title":{"rendered":"M\u00e1s de 150 anexos operan sin registro en Sinaloa ante crisis de adicciones"},"content":{"rendered":"<div class=\"Summary_summary__gpJTn\">\n<p class=\"Typography_text-xl__yFuoP Typography_weight-normal__pqUbH\">Crisis de adicciones rebasa capacidad de centros de rehabilitaci\u00f3n en Sinaloa, atenciones aumentan un 200 por ciento en el \u00faltimo a\u00f1o.<\/p>\n<p class=\"Typography_text-l__QLRR8 Typography_weight-bold__uT6mq\">Mario N\u00fa\u00f1ez<\/p>\n<p class=\"Typography_text-default__P3otY Typography_weight-normal__pqUbH Typography_text-default__P3otY Typography_weight-normal__pqUbH\">Mientras la\u00a0<b class=\"bold\">crisis de adicciones<\/b>\u00a0y el consumo de\u00a0<b class=\"bold\">drogas sint\u00e9ticas<\/b>\u00a0contin\u00faa creciendo en\u00a0<b class=\"bold\">Sinaloa<\/b>, m\u00e1s de\u00a0<b class=\"bold\">150 centros de rehabilitaci\u00f3n y anexos<\/b>\u00a0operan sin registro estatal, en medio de cuestionamientos sobre las condiciones en las que atienden a personas con problemas de consumo.<\/p>\n<div class=\"ad-wrapper mexico-nota-1x1 w-full max-w-full overflow-hidden relative min-h-[var(--ad-slot-mh-mobile)] md:min-h-[var(--ad-slot-mh-web)]\">\n<div id=\"\/2000002\/elsoldesinaloa\/mexico_nota_1x1\" class=\"ad mexico-nota-1x1 block !w-full !max-w-full overflow-hidden relative min-h-[1px]\" data-google-query-id=\"CLrr34q25pQDFZHzuAgd_24T7g\">\n<div id=\"google_ads_iframe_\/2000002\/elsoldesinaloa\/mexico_nota_1x1_0__container__\"><iframe id=\"google_ads_iframe_\/2000002\/elsoldesinaloa\/mexico_nota_1x1_0\" tabindex=\"0\" title=\"Contenido de anuncios de terceros\" name=\"google_ads_iframe_\/2000002\/elsoldesinaloa\/mexico_nota_1x1_0\" width=\"1\" height=\"1\" frameborder=\"0\" marginwidth=\"0\" marginheight=\"0\" scrolling=\"no\" aria-label=\"Anuncio\" data-load-complete=\"true\" data-google-container-id=\"4\" data-mce-fragment=\"1\"><\/iframe><\/div>\n<\/div>\n<\/div>\n<p class=\"Typography_text-default__P3otY Typography_weight-normal__pqUbH Typography_text-default__P3otY Typography_weight-normal__pqUbH\">La situaci\u00f3n refleja un rezago en la regulaci\u00f3n de estos espacios, muchos de los cuales brindan atenci\u00f3n residencial a personas en situaci\u00f3n vulnerable sin contar con\u00a0<b class=\"bold\">acreditaci\u00f3n oficial<\/b>.<\/p>\n<div id=\"evNotifier\"><\/div>\n<div class=\"integration-container w-full\"><\/div>\n<div class=\"integration-container w-full\">\n<div id=\"teads2\"><\/div>\n<\/div>\n<div class=\"ad-wrapper mexico-nota-1x3 w-full max-w-full overflow-hidden relative min-h-[var(--ad-slot-mh-mobile)] md:min-h-[var(--ad-slot-mh-web)]\">\n<div id=\"\/2000002\/elsoldesinaloa\/mexico_nota_1x3\" class=\"ad mexico-nota-1x3 block !w-full !max-w-full overflow-hidden relative min-h-[1px]\" data-google-query-id=\"COC-46W35pQDFRL5uAgdiDYN0g\">\n<div id=\"google_pubconsole_overlay_\/2000002\/elsoldesinaloa\/mexico_nota_1x3\" class=\"absolute top-0 left-1\/2 -translate-x-1\/2 w-full max-w-[300px] bg-white\/80 text-[10px] z-[9999999] pointer-events-none\"><\/div>\n<div id=\"google_ads_iframe_\/2000002\/elsoldesinaloa\/mexico_nota_1x3_0__container__\"><\/div>\n<\/div>\n<\/div>\n<p class=\"Typography_text-default__P3otY Typography_weight-normal__pqUbH Typography_text-default__P3otY Typography_weight-normal__pqUbH\">La directora de la\u00a0<b class=\"bold\">Comisi\u00f3n Estatal de Prevenci\u00f3n, Tratamiento y Control de las Adicciones (CEPTCA)<\/b>,\u00a0<b class=\"bold\">Martha Alicia Torres Reyes<\/b>, reconoci\u00f3 que actualmente existen alrededor de\u00a0<b class=\"bold\">150 centros acreditados<\/b>; sin embargo, otros 150 o 160 establecimientos contin\u00faan funcionando sin cumplir a\u00fan con los requisitos m\u00ednimos establecidos por las autoridades sanitarias.<\/p>\n<h3 class=\"Typography_text-xl__yFuoP Typography_weight-normal__pqUbH SubHead_sub-head__PVEMA\">Rezago<\/h3>\n<p class=\"Typography_text-default__P3otY Typography_weight-normal__pqUbH Typography_text-default__P3otY Typography_weight-normal__pqUbH\">La situaci\u00f3n refleja un rezago en la regulaci\u00f3n de estos espacios, muchos de los cuales brindan atenci\u00f3n residencial a personas en situaci\u00f3n vulnerable sin contar con acreditaci\u00f3n oficial.<\/p>\n<p class=\"Typography_text-default__P3otY Typography_weight-normal__pqUbH Typography_text-default__P3otY Typography_weight-normal__pqUbH\"><b class=\"bold\">Torres Reyes<\/b>\u00a0se\u00f1al\u00f3 que pese a los hechos de violencia registrados en los \u00faltimos meses en\u00a0<b class=\"bold\">Sinaloa<\/b>, los anexos y centros de rehabilitaci\u00f3n contin\u00faan operando con normalidad y no se ha registrado un cierre masivo de establecimientos.<\/p>\n<p class=\"Typography_text-default__P3otY Typography_weight-normal__pqUbH Typography_text-default__P3otY Typography_weight-normal__pqUbH\"><i class=\"italic\">\u201cLos establecimientos que existen ahorita est\u00e1n operando con normalidad. No hemos cerrado establecimientos\u201d<\/i>, declar\u00f3.<\/p>\n<p class=\"Typography_text-default__P3otY Typography_weight-normal__pqUbH Typography_text-default__P3otY Typography_weight-normal__pqUbH\">La funcionaria estatal explic\u00f3 que para obtener el\u00a0<b class=\"bold\">registro estatal<\/b>, los centros deben cumplir al menos con el\u00a0<b class=\"bold\">70 por ciento de los criterios establecidos<\/b>\u00a0en una c\u00e9dula de evaluaci\u00f3n aplicada por\u00a0<b class=\"bold\">CEPTCA<\/b>, relacionada con infraestructura, atenci\u00f3n, protocolos y condiciones operativas.<\/p>\n<p class=\"Typography_text-default__P3otY Typography_weight-normal__pqUbH Typography_text-default__P3otY Typography_weight-normal__pqUbH\">Sin embargo, reconoci\u00f3 que decenas de establecimientos siguen en proceso de regularizaci\u00f3n, mientras otros operan sin acreditaci\u00f3n formal.<\/p>\n<p class=\"Typography_text-default__P3otY Typography_weight-normal__pqUbH Typography_text-default__P3otY Typography_weight-normal__pqUbH\">Uno de los puntos que m\u00e1s preocupa a autoridades y especialistas es que algunos anexos se niegan incluso a recibir\u00a0<b class=\"bold\">supervisiones oficiales<\/b>.<\/p>\n<p class=\"Typography_text-default__P3otY Typography_weight-normal__pqUbH Typography_text-default__P3otY Typography_weight-normal__pqUbH\">De acuerdo con\u00a0<b class=\"bold\">Torres Reyes<\/b>, recientemente dos establecimientos perdieron su autorizaci\u00f3n precisamente por impedir el ingreso del personal encargado de las revisiones.<\/p>\n<p class=\"Typography_text-default__P3otY Typography_weight-normal__pqUbH Typography_text-default__P3otY Typography_weight-normal__pqUbH\"><i class=\"italic\">\u201cCuando no permiten la entrada durante las supervisiones oficiales, autom\u00e1ticamente pierden el registro\u201d<\/i>, explic\u00f3.<\/p>\n<p class=\"Typography_text-default__P3otY Typography_weight-normal__pqUbH Typography_text-default__P3otY Typography_weight-normal__pqUbH\">Aunque la dependencia sostiene que mantiene\u00a0<b class=\"bold\">capacitaciones permanentes<\/b>\u00a0para el personal de estos espacios, principalmente en atenci\u00f3n de emergencias por consumo de sustancias contaminadas con\u00a0<b class=\"bold\">fentanilo<\/b>, organizaciones civiles y familiares de internos han se\u00f1alado en distintos momentos presuntas irregularidades dentro de algunos anexos, relacionadas con\u00a0<b class=\"bold\">hacinamiento<\/b>, falta de personal especializado y m\u00e9todos no certificados de rehabilitaci\u00f3n.<\/p>\n<h3 class=\"Typography_text-xl__yFuoP Typography_weight-normal__pqUbH SubHead_sub-head__PVEMA\">Creciendo irregular<\/h3>\n<p class=\"Typography_text-default__P3otY Typography_weight-normal__pqUbH Typography_text-default__P3otY Typography_weight-normal__pqUbH\">El crecimiento de\u00a0<b class=\"bold\">centros irregulares<\/b>\u00a0ocurre en un contexto donde\u00a0<b class=\"bold\">Sinaloa<\/b>\u00a0enfrenta un aumento en el consumo de\u00a0<b class=\"bold\">drogas sint\u00e9ticas<\/b>\u00a0y una demanda creciente de espacios de atenci\u00f3n para personas con adicciones.<\/p>\n<p class=\"Typography_text-default__P3otY Typography_weight-normal__pqUbH Typography_text-default__P3otY Typography_weight-normal__pqUbH\">Especialistas advierten que la falta de regulaci\u00f3n efectiva puede representar riesgos para los internos, ya que muchos establecimientos funcionan sin supervisi\u00f3n m\u00e9dica permanente, protocolos de atenci\u00f3n psicol\u00f3gica o condiciones adecuadas de seguridad.<\/p>\n<p class=\"Typography_text-default__P3otY Typography_weight-normal__pqUbH Typography_text-default__P3otY Typography_weight-normal__pqUbH\">Pese al reconocimiento oficial de que m\u00e1s de un centenar de centros a\u00fan no cumplen con los requisitos m\u00ednimos, las autoridades estatales aseguran que continuar\u00e1n los procesos de evaluaci\u00f3n y capacitaci\u00f3n para avanzar en la regularizaci\u00f3n de estos espacios.<\/p>\n<h3 class=\"Typography_text-xl__yFuoP Typography_weight-normal__pqUbH SubHead_sub-head__PVEMA\">Demanda<\/h3>\n<p class=\"Typography_text-default__P3otY Typography_weight-normal__pqUbH Typography_text-default__P3otY Typography_weight-normal__pqUbH\">La creciente demanda de atenci\u00f3n por\u00a0<b class=\"bold\">adicciones<\/b>\u00a0en\u00a0<b class=\"bold\">Sinaloa<\/b>, especialmente entre j\u00f3venes y mujeres, ha encendido las alertas en centros de rehabilitaci\u00f3n que advierten un aumento sostenido en el consumo de\u00a0<b class=\"bold\">metanfetaminas<\/b>\u00a0y una falta de programas integrales de prevenci\u00f3n, rehabilitaci\u00f3n y reinserci\u00f3n social.<\/p>\n<p class=\"Typography_text-default__P3otY Typography_weight-normal__pqUbH Typography_text-default__P3otY Typography_weight-normal__pqUbH\">Desde hace\u00a0<b class=\"bold\">25 a\u00f1os<\/b>, la\u00a0<b class=\"bold\">Comunidad de Sina\u00ed<\/b>, un centro de rehabilitaci\u00f3n ubicado en las inmediaciones de\u00a0<b class=\"bold\">El Dorado<\/b>, atiende a hombres de entre 17 y 65 a\u00f1os con problemas severos de consumo de sustancias.<\/p>\n<p class=\"Typography_text-default__P3otY Typography_weight-normal__pqUbH Typography_text-default__P3otY Typography_weight-normal__pqUbH\">Su director,\u00a0<b class=\"bold\">Emilio Urrecha L\u00f3pez<\/b>, asegur\u00f3 que el panorama actual es m\u00e1s complejo que hace dos d\u00e9cadas debido a la evoluci\u00f3n de las drogas y el impacto social que generan, sin embargo, la demanda aument\u00f3 hasta un\u00a0<b class=\"bold\">200 por ciento<\/b>, si en un a\u00f1o se recib\u00edan 5 llamadas al d\u00eda, hoy est\u00e1n recibiendo hasta 20 para pedir informaci\u00f3n.<\/p>\n<div class=\"OnlineStory_inline__apIY3 BASE_LANDSCAPE\"><a href=\"https:\/\/oem.com.mx\/elsoldesinaloa\/local\/salud-reporta-que-el-80-por-ciento-de-los-suicidios-en-sinaloa-ocurre-entre-hombres-de-30-a-45-anos-27081333\"><img loading=\"lazy\" decoding=\"async\" class=\"Image_image__tzQM0\" src=\"https:\/\/oem.com.mx\/elsoldesinaloa\/img\/25670058\/1757452558\/BASE_LANDSCAPE\/1200\/image.webp\" alt=\"suicidio\" width=\"0\" height=\"2133\" aria-description=\"suicidio\" data-nimg=\"1\" \/><\/a><\/div>\n<div>\n<p class=\"Typography_text-default__P3otY Typography_weight-normal__pqUbH Typography_text-default__P3otY Typography_weight-normal__pqUbH\"><i class=\"italic\">\u201cHace 25 a\u00f1os las sustancias no eran las mismas. Ahora son m\u00e1s sint\u00e9ticas, m\u00e1s qu\u00edmicas, m\u00e1s agresivas, m\u00e1s destructivas y m\u00e1s adictivas\u201d<\/i>, se\u00f1al\u00f3.<\/p>\n<p class=\"Typography_text-default__P3otY Typography_weight-normal__pqUbH Typography_text-default__P3otY Typography_weight-normal__pqUbH\">Aunque el temor nacional gira en torno al\u00a0<b class=\"bold\">fentanilo<\/b>,\u00a0<b class=\"bold\">Urrecha L\u00f3pez<\/b>\u00a0explic\u00f3 que en\u00a0<b class=\"bold\">Sinaloa<\/b>\u00a0a\u00fan no se registra una alta incidencia de pacientes consumidores de esa sustancia.<\/p>\n<p class=\"Typography_text-default__P3otY Typography_weight-normal__pqUbH Typography_text-default__P3otY Typography_weight-normal__pqUbH\">Los casos detectados provienen principalmente de personas que llegan desde\u00a0<b class=\"bold\">Estados Unidos<\/b>\u00a0o ciudades fronterizas.<\/p>\n<p class=\"Typography_text-default__P3otY Typography_weight-normal__pqUbH Typography_text-default__P3otY Typography_weight-normal__pqUbH\">Sin embargo, advirti\u00f3 que el principal problema actual es el consumo de\u00a0<b class=\"bold\">metanfetaminas<\/b>, particularmente cristal y seg\u00fan estimaciones del propio centro,\u00a0<b class=\"bold\">ocho de cada diez pacientes<\/b>\u00a0internados enfrentan adicci\u00f3n a esta sustancia.<\/p>\n<p class=\"Typography_text-default__P3otY Typography_weight-normal__pqUbH Typography_text-default__P3otY Typography_weight-normal__pqUbH\">El director del centro de rehabilitaci\u00f3n asegur\u00f3 que la cl\u00ednica cumple con las regulaciones estatales y federales en materia de salud y derechos humanos, reconoci\u00f3 que existe una percepci\u00f3n negativa hacia muchos centros de rehabilitaci\u00f3n debido a casos de violencia o malos tratos.<\/p>\n<p class=\"Typography_text-default__P3otY Typography_weight-normal__pqUbH Typography_text-default__P3otY Typography_weight-normal__pqUbH\"><i class=\"italic\">\u201cTratamos de quitar el estigma de que en los centros se golpea o se maltrata. Si trabajamos desde el resentimiento, nunca recuperamos realmente a la persona\u201d<\/i>, se\u00f1al\u00f3.<\/p>\n<p class=\"Typography_text-default__P3otY Typography_weight-normal__pqUbH Typography_text-default__P3otY Typography_weight-normal__pqUbH\">El director destac\u00f3 que mientras a nivel nacional solo\u00a0<b class=\"bold\">uno de cada diez pacientes<\/b>\u00a0logra mantenerse en recuperaci\u00f3n, en la\u00a0<b class=\"bold\">Comunidad de Sina\u00ed<\/b>\u00a0la cifra alcanza\u00a0<b class=\"bold\">cinco de cada diez<\/b>, e incluso puede aumentar hasta ocho cuando las familias participan activamente en el proceso.<\/p>\n<p class=\"Typography_text-default__P3otY Typography_weight-normal__pqUbH Typography_text-default__P3otY Typography_weight-normal__pqUbH\">Sin embargo, advirti\u00f3 que el fen\u00f3meno de las adicciones contin\u00faa creciendo y cada vez afecta a edades m\u00e1s tempranas, ya que actualmente se detectan casos de consumo experimental en estudiantes de\u00a0<b class=\"bold\">quinto y sexto de primaria<\/b>.<\/p>\n<p class=\"Typography_text-default__P3otY Typography_weight-normal__pqUbH Typography_text-default__P3otY Typography_weight-normal__pqUbH\"><i class=\"italic\">\u201cAntes los problemas empezaban en secundaria. Ahora ya vemos ni\u00f1os de primaria que han probado sustancias\u201d<\/i>, lament\u00f3.<\/p>\n<p class=\"Typography_text-default__P3otY Typography_weight-normal__pqUbH Typography_text-default__P3otY Typography_weight-normal__pqUbH\">Por otra parte, la directora de la\u00a0<b class=\"bold\">Comisi\u00f3n Estatal de Prevenci\u00f3n, Tratamiento y Control de las Adicciones (CEPTCA)<\/b>,\u00a0<b class=\"bold\">Martha Alicia Torres Reyes<\/b>, explic\u00f3 que el comportamiento en el consumo de sustancias il\u00edcitas entre j\u00f3venes se mantiene dentro de los par\u00e1metros hist\u00f3ricos, principalmente en edades adolescentes, donde persisten factores de riesgo relacionados con la curiosidad y la experimentaci\u00f3n.<\/p>\n<figure class=\"Picture_picture__jeuFM\"><img loading=\"lazy\" decoding=\"async\" class=\"Image_image__tzQM0 seedtag\" src=\"https:\/\/oem.com.mx\/elsoldesinaloa\/img\/30271302\/1780088448\/BASE_LANDSCAPE\/1200\/image.webp\" alt=\"centros-de-rehabilitaci\u00f3n\" width=\"0\" height=\"2133\" aria-description=\"centros-de-rehabilitaci\u00f3n\" data-nimg=\"1\" \/><figcaption><span class=\"Typography_text-default__P3otY Typography_weight-normal__pqUbH Typography_text-xs__Hgkfb Typography_weight-normal__pqUbH\">La falta de regulaci\u00f3n efectiva puede representar riesgos para los internos.<\/span>\u00a0\/\u00a0<span class=\"Typography_text-default__P3otY Typography_weight-normal__pqUbH Typography_text-xs__Hgkfb Typography_weight-normal__pqUbH\">Foto: Iv\u00e1n Medina | El Sol de Sinaloa<\/span><\/figcaption><\/figure>\n<p class=\"Typography_text-default__P3otY Typography_weight-normal__pqUbH Typography_text-default__P3otY Typography_weight-normal__pqUbH\"><i class=\"italic\">\u201cNo hemos notado como tal un incremento extraordinario. Es como el comportamiento hist\u00f3rico habitual que se mantiene. A nosotros lo que m\u00e1s nos preocupa es el que contin\u00faen detect\u00e1ndose casos de drogas contaminadas con fentanilo\u201d<\/i>, expres\u00f3.<\/p>\n<p class=\"Typography_text-default__P3otY Typography_weight-normal__pqUbH Typography_text-default__P3otY Typography_weight-normal__pqUbH\"><b class=\"bold\">Torres Reyes<\/b>\u00a0advirti\u00f3 que el principal riesgo actualmente radica en las drogas adulteradas con\u00a0<b class=\"bold\">fentanilo<\/b>, debido a que representan un alto peligro de\u00a0<b class=\"bold\">sobredosis y muerte<\/b>\u00a0para quienes las consumen.<\/p>\n<p class=\"Typography_text-default__P3otY Typography_weight-normal__pqUbH Typography_text-default__P3otY Typography_weight-normal__pqUbH\">Ante este escenario, se\u00f1al\u00f3 que\u00a0<b class=\"bold\">CEPTCA<\/b>\u00a0ha reforzado jornadas de capacitaci\u00f3n en\u00a0<b class=\"bold\">primeros auxilios<\/b>\u00a0dirigidas al personal de centros de rehabilitaci\u00f3n en la entidad, con el objetivo de mejorar la atenci\u00f3n inmediata en situaciones de emergencia.<\/p>\n<p class=\"Typography_text-default__P3otY Typography_weight-normal__pqUbH Typography_text-default__P3otY Typography_weight-normal__pqUbH\">Asimismo, detall\u00f3 que las capacitaciones buscan que trabajadores y responsables de estos establecimientos puedan actuar como primer contacto ante una crisis m\u00e9dica, aplicando protocolos de atenci\u00f3n mientras arriban los servicios especializados.<\/p>\n<p class=\"Typography_text-default__P3otY Typography_weight-normal__pqUbH Typography_text-default__P3otY Typography_weight-normal__pqUbH\">Finalmente, la directora de\u00a0<b class=\"bold\">CEPTCA<\/b>\u00a0subray\u00f3 que estas acciones forman parte de la estrategia preventiva para reducir riesgos asociados al consumo de sustancias y fortalecer la capacidad de respuesta en espacios de atenci\u00f3n a personas con adicciones.<\/p>\n<p>Con informaci\u00f3n de El Sol de Sinaloa<\/p>\n<\/div>\n<\/div>\n","protected":false},"excerpt":{"rendered":"<p>Crisis de adicciones rebasa capacidad de centros de rehabilitaci\u00f3n en Sinaloa, atenciones aumentan un 200 por ciento en el \u00faltimo a\u00f1o. Mario N\u00fa\u00f1ez Mientras la\u00a0crisis de adicciones\u00a0y el consumo de\u00a0drogas sint\u00e9ticas\u00a0contin\u00faa creciendo en\u00a0Sinaloa, m\u00e1s de\u00a0150 centros de rehabilitaci\u00f3n y anexos\u00a0operan sin registro estatal, en medio de cuestionamientos sobre las condiciones en las que atienden a personas con problemas de consumo. La situaci\u00f3n refleja un rezago en la regulaci\u00f3n de estos espacios, muchos de los cuales brindan atenci\u00f3n residencial a personas en situaci\u00f3n vulnerable sin contar con\u00a0acreditaci\u00f3n oficial. La directora de la\u00a0Comisi\u00f3n Estatal de Prevenci\u00f3n, Tratamiento y Control de las Adicciones [&hellip;]<\/p>\n","protected":false},"author":3,"featured_media":147486,"comment_status":"open","ping_status":"open","sticky":false,"template":"","format":"standard","meta":{"_jetpack_newsletter_access":"","_jetpack_dont_email_post_to_subs":false,"_jetpack_newsletter_tier_id":0,"_jetpack_memberships_contains_paywalled_content":false,"_jetpack_feature_clip_id":0,"_jetpack_memberships_contains_paid_content":false,"footnotes":"","jetpack_publicize_message":"","jetpack_publicize_feature_enabled":true,"jetpack_social_post_already_shared":true,"jetpack_social_options":{"image_generator_settings":{"template":"highway","default_image_id":0,"font":"","enabled":false},"version":2},"jetpack_post_was_ever_published":false},"categories":[90],"tags":[],"class_list":["post-147482","post","type-post","status-publish","format-standard","has-post-thumbnail","hentry","category-estatal","post--single"],"jetpack_publicize_connections":[],"jetpack_featured_media_url":"https:\/\/ovelanalista.com\/wp-content\/uploads\/2026\/06\/image-4.webp","jetpack_sharing_enabled":true,"_links":{"self":[{"href":"https:\/\/ovelanalista.com\/index.php?rest_route=\/wp\/v2\/posts\/147482","targetHints":{"allow":["GET"]}}],"collection":[{"href":"https:\/\/ovelanalista.com\/index.php?rest_route=\/wp\/v2\/posts"}],"about":[{"href":"https:\/\/ovelanalista.com\/index.php?rest_route=\/wp\/v2\/types\/post"}],"author":[{"embeddable":true,"href":"https:\/\/ovelanalista.com\/index.php?rest_route=\/wp\/v2\/users\/3"}],"replies":[{"embeddable":true,"href":"https:\/\/ovelanalista.com\/index.php?rest_route=%2Fwp%2Fv2%2Fcomments&post=147482"}],"version-history":[{"count":1,"href":"https:\/\/ovelanalista.com\/index.php?rest_route=\/wp\/v2\/posts\/147482\/revisions"}],"predecessor-version":[{"id":147488,"href":"https:\/\/ovelanalista.com\/index.php?rest_route=\/wp\/v2\/posts\/147482\/revisions\/147488"}],"wp:featuredmedia":[{"embeddable":true,"href":"https:\/\/ovelanalista.com\/index.php?rest_route=\/wp\/v2\/media\/147486"}],"wp:attachment":[{"href":"https:\/\/ovelanalista.com\/index.php?rest_route=%2Fwp%2Fv2%2Fmedia&parent=147482"}],"wp:term":[{"taxonomy":"category","embeddable":true,"href":"https:\/\/ovelanalista.com\/index.php?rest_route=%2Fwp%2Fv2%2Fcategories&post=147482"},{"taxonomy":"post_tag","embeddable":true,"href":"https:\/\/ovelanalista.com\/index.php?rest_route=%2Fwp%2Fv2%2Ftags&post=147482"}],"curies":[{"name":"wp","href":"https:\/\/api.w.org\/{rel}","templated":true}]}}