{"id":147483,"date":"2026-06-01T15:30:46","date_gmt":"2026-06-01T22:30:46","guid":{"rendered":"https:\/\/ovelanalista.com\/?p=147483"},"modified":"2026-06-01T09:19:25","modified_gmt":"2026-06-01T16:19:25","slug":"vivir-con-miedo-al-apagon-familias-se-organizan-contra-cortes-de-luz-en-sinaloa","status":"publish","type":"post","link":"https:\/\/ovelanalista.com\/?p=147483","title":{"rendered":"Vivir con miedo al apag\u00f3n: familias se organizan contra cortes de luz en Sinaloa"},"content":{"rendered":"<div class=\"Summary_summary__gpJTn\">\n<p class=\"Typography_text-xl__yFuoP Typography_weight-normal__pqUbH\">Los altos cobros de CFE dejaron de ser solo una queja por el recibo: en distintos municipios y colonias, usuarios comenzaron a organizarse para impedir suspensiones, rechazar convenios de pago y exigir que se revise si los montos corresponden realmente a su consumo.<\/p>\n<p class=\"Typography_text-l__QLRR8 Typography_weight-bold__uT6mq\">Dheyna Brito<\/p>\n<p class=\"Typography_text-default__P3otY Typography_weight-normal__pqUbH Typography_text-default__P3otY Typography_weight-normal__pqUbH\">Culiac\u00e1n, Sin. &#8211; En\u00a0<b class=\"bold\">Sinaloa<\/b>, el miedo al apag\u00f3n comenz\u00f3 a organizar a las familias. Los recibos elevados de la\u00a0<b class=\"bold\">Comisi\u00f3n Federal de Electricidad<\/b>\u00a0pasaron de ser una inconformidad individual a un reclamo colectivo que ya se expresa en marchas, plantones, reuniones con legisladores y grupos vecinales para impedir cortes de luz.<\/p>\n<div class=\"ad-wrapper mexico-nota-1x1 w-full max-w-full overflow-hidden relative min-h-[var(--ad-slot-mh-mobile)] md:min-h-[var(--ad-slot-mh-web)]\">\n<div id=\"\/2000002\/elsoldesinaloa\/mexico_nota_1x1\" class=\"ad mexico-nota-1x1 block !w-full !max-w-full overflow-hidden relative min-h-[1px]\" data-google-query-id=\"CLKi7Ie45pQDFbhJuAQdicopFw\">\n<div id=\"google_ads_iframe_\/2000002\/elsoldesinaloa\/mexico_nota_1x1_0__container__\"><\/div>\n<\/div>\n<\/div>\n<p class=\"Typography_text-default__P3otY Typography_weight-normal__pqUbH Typography_text-default__P3otY Typography_weight-normal__pqUbH\">Para los ciudadanos inconformes, ese tipo de cobros muestra que el conflicto ya no se reduce a aumentos ordinarios, sino a montos que rebasan por completo la capacidad de pago de las familias.<\/p>\n<p class=\"Typography_text-default__P3otY Typography_weight-normal__pqUbH Typography_text-default__P3otY Typography_weight-normal__pqUbH\">En\u00a0<b class=\"bold\">Villa Ju\u00e1rez<\/b>, sindicatura de\u00a0<b class=\"bold\">Navolato<\/b>, el temor a los cortes llev\u00f3 a los vecinos a mantenerse comunicados por grupos de\u00a0<b class=\"bold\">WhatsApp<\/b>. La instrucci\u00f3n es avisarse si ven a personal de la\u00a0<b class=\"bold\">CFE<\/b>\u00a0cerca de alguna vivienda, salir, reunirse y evitar que suspendan el servicio. No porque se nieguen a pagar, dicen, sino porque los recibos llegaron con montos que consideran imposibles.<\/p>\n<figure class=\"Picture_picture__jeuFM\"><img loading=\"lazy\" decoding=\"async\" class=\"Image_image__tzQM0 seedtag\" src=\"https:\/\/oem.com.mx\/elsoldesinaloa\/img\/30269037\/1780089302\/BASE_LANDSCAPE\/1200\/image.webp\" alt=\"cfe\" width=\"0\" height=\"2133\" aria-description=\"cfe\" data-nimg=\"1\" \/><figcaption><span class=\"Typography_text-default__P3otY Typography_weight-normal__pqUbH Typography_text-xs__Hgkfb Typography_weight-normal__pqUbH\">En Villa Ju\u00e1rez exigen tarifas justas.<\/span>\u00a0\/\u00a0<span class=\"Typography_text-default__P3otY Typography_weight-normal__pqUbH Typography_text-xs__Hgkfb Typography_weight-normal__pqUbH\">Foto: Iv\u00e1n Medina | El Sol de Sinaloa<\/span><\/figcaption><\/figure>\n<p class=\"Typography_text-default__P3otY Typography_weight-normal__pqUbH Typography_text-default__P3otY Typography_weight-normal__pqUbH\"><b class=\"bold\">Sonia L\u00f3pez Borbolla<\/b>, vecina de\u00a0<b class=\"bold\">Villa Ju\u00e1rez<\/b>, explic\u00f3 que en su comunidad todav\u00eda no se han registrado cortes, pero los habitantes decidieron unirse ante los reportes de suspensiones en otros sectores y el temor de que la situaci\u00f3n tambi\u00e9n llegue a sus casas.<\/p>\n<p class=\"Typography_text-default__P3otY Typography_weight-normal__pqUbH Typography_text-default__P3otY Typography_weight-normal__pqUbH\"><i class=\"italic\">\u201cNo nos han cortado la luz, pero tampoco nos vamos a dejar, porque nosotros de Villa Ju\u00e1rez ya nos unimos\u201d<\/i>, expres\u00f3 durante una reuni\u00f3n con usuarios inconformes en el\u00a0<b class=\"bold\">Congreso del Estado<\/b>.<\/p>\n<p class=\"Typography_text-default__P3otY Typography_weight-normal__pqUbH Typography_text-default__P3otY Typography_weight-normal__pqUbH\">La organizaci\u00f3n vecinal surgi\u00f3 como una respuesta inmediata a lo que consideran una amenaza sobre la vida cotidiana. En una zona donde muchas familias dependen del trabajo agr\u00edcola y tienen ingresos limitados, un recibo de miles de pesos no solo representa una deuda, sino la posibilidad de quedarse sin ventiladores, refrigeradores, minisplits o luz en medio de la temporada de calor.<\/p>\n<p class=\"Typography_text-default__P3otY Typography_weight-normal__pqUbH Typography_text-default__P3otY Typography_weight-normal__pqUbH\"><b class=\"bold\">Sonia<\/b>\u00a0relat\u00f3 que los vecinos acordaron reaccionar de forma colectiva si detectan intentos de corte.\u00a0<i class=\"italic\">\u201cSi ven que a un vecino le van a cortar la luz, rapidito en el grupo: v\u00e9nganse porque van a cortar la luz; nos vamos a reunir todos y no vamos a dejar que nos corten la luz\u201d<\/i>, dijo.<\/p>\n<p class=\"Typography_text-default__P3otY Typography_weight-normal__pqUbH Typography_text-default__P3otY Typography_weight-normal__pqUbH\">El reclamo, insisti\u00f3, no es por negarse a cubrir el servicio, sino por los montos que consideran excesivos y que, aseguran, no corresponden al consumo real de las viviendas. En su caso, se\u00f1al\u00f3 que el a\u00f1o pasado pag\u00f3 menos de mil pesos durante mayo, mientras que ahora el recibo lleg\u00f3 por m\u00e1s de 14 mil pesos.<\/p>\n<figure class=\"Picture_picture__jeuFM\"><img loading=\"lazy\" decoding=\"async\" class=\"Image_image__tzQM0 seedtag\" src=\"https:\/\/oem.com.mx\/elsoldesinaloa\/img\/30234279\/1779905679\/BASE_LANDSCAPE\/1200\/image.webp\" alt=\"Protesta-cfe-palacio\" width=\"0\" height=\"2133\" aria-description=\"Protesta-cfe-palacio\" data-nimg=\"1\" \/><figcaption><span class=\"Typography_text-default__P3otY Typography_weight-normal__pqUbH Typography_text-xs__Hgkfb Typography_weight-normal__pqUbH\">Vecinos con recibos de hasta 103 mil pesos marchan al Congreso de Sinaloa.<\/span>\u00a0\/\u00a0<span class=\"Typography_text-default__P3otY Typography_weight-normal__pqUbH Typography_text-xs__Hgkfb Typography_weight-normal__pqUbH\">Foto: Dheyna Brito | El Sol de Sinaloa<\/span><\/figcaption><\/figure>\n<p class=\"Typography_text-default__P3otY Typography_weight-normal__pqUbH Typography_text-default__P3otY Typography_weight-normal__pqUbH\"><i class=\"italic\">\u201cEl a\u00f1o pasado, yo en mayo pagu\u00e9 895 pesos. F\u00edjese la diferencia de 895 a 14 mil 625 pesos\u201d<\/i>, relat\u00f3.<\/p>\n<p class=\"Typography_text-default__P3otY Typography_weight-normal__pqUbH Typography_text-default__P3otY Typography_weight-normal__pqUbH\">Durante las movilizaciones recientes, usuarios de distintos sectores han mostrado recibos de\u00a0<b class=\"bold\">11 mil, 30 mil, 64 mil y hasta m\u00e1s de 100 mil pesos<\/b>. Entre los asistentes tambi\u00e9n se mencion\u00f3 la presencia de vecinos de colonias de\u00a0<b class=\"bold\">Culiac\u00e1n<\/b>\u00a0como\u00a0<b class=\"bold\">Villa Universidad<\/b>,\u00a0<b class=\"bold\">Colonia Progreso<\/b>,\u00a0<b class=\"bold\">Villa Verde<\/b>\u00a0y\u00a0<b class=\"bold\">Villa Bonita<\/b>, adem\u00e1s de habitantes de\u00a0<b class=\"bold\">Villa Ju\u00e1rez<\/b>.<\/p>\n<p class=\"Typography_text-default__P3otY Typography_weight-normal__pqUbH Typography_text-default__P3otY Typography_weight-normal__pqUbH\">La inconformidad comenz\u00f3 a crecer desde abril, antes de que entrara en vigor el subsidio de verano para\u00a0<b class=\"bold\">Sinaloa<\/b>, aplicado del\u00a0<b class=\"bold\">1 de mayo al 31 de octubre<\/b>. Para entonces, usuarios de\u00a0<b class=\"bold\">Culiac\u00e1n<\/b>\u00a0ya denunciaban aumentos en sus recibos, mientras el calor obligaba a encender abanicos, aires acondicionados, refrigeraciones y minisplits desde marzo y abril.<\/p>\n<p class=\"Typography_text-default__P3otY Typography_weight-normal__pqUbH Typography_text-default__P3otY Typography_weight-normal__pqUbH\">Para las familias afectadas, el problema no solo est\u00e1 en la cifra del recibo, sino en la falta de claridad sobre el origen de los cobros. Algunos usuarios se\u00f1alan que los montos se arrastran desde meses anteriores; otros aseguran que sus viviendas no tienen aparatos suficientes para justificar facturaciones tan altas.<\/p>\n<p class=\"Typography_text-default__P3otY Typography_weight-normal__pqUbH Typography_text-default__P3otY Typography_weight-normal__pqUbH\"><i class=\"italic\">\u201cNo es porque no queremos pagar, es porque queremos pagar lo justo, no pagar a exageraci\u00f3n\u201d<\/i>, dijo\u00a0<b class=\"bold\">Sonia L\u00f3pez Borbolla<\/b>.<\/p>\n<p class=\"Typography_text-default__P3otY Typography_weight-normal__pqUbH Typography_text-default__P3otY Typography_weight-normal__pqUbH\">Esa frase resume una de las principales tensiones del conflicto: los usuarios no rechazan el pago del servicio, sino la obligaci\u00f3n de cubrir montos que consideran injustificados. Por eso, una de las posturas m\u00e1s fuertes entre los ciudadanos ha sido rechazar los convenios de pago ofrecidos como alternativa.<\/p>\n<p class=\"Typography_text-default__P3otY Typography_weight-normal__pqUbH Typography_text-default__P3otY Typography_weight-normal__pqUbH\"><i class=\"italic\">\u201cFue lo que yo les dije en la reuni\u00f3n: no acepten convenios porque no podemos pagarlos. No queremos convenios, queremos una soluci\u00f3n\u201d<\/i>, sostuvo la vecina de\u00a0<b class=\"bold\">Villa Ju\u00e1rez<\/b>.<\/p>\n<div class=\"OnlineStory_inline__apIY3 BASE_LANDSCAPE\">\n<p><a href=\"https:\/\/oem.com.mx\/elsoldesinaloa\/local\/paola-garate-acusa-a-cfe-por-cortes-de-luz-pese-a-quejas-formales-ante-profeco-30225684\"><img loading=\"lazy\" decoding=\"async\" class=\"Image_image__tzQM0\" src=\"https:\/\/oem.com.mx\/elsoldesinaloa\/img\/30225724\/1779879935\/BASE_LANDSCAPE\/1200\/image.webp\" alt=\"673249740_18467127292097018_4878503681111181332_n\" width=\"0\" height=\"2134\" aria-description=\"673249740_18467127292097018_4878503681111181332_n\" data-nimg=\"1\" \/><\/a><\/p>\n<p class=\"Typography_text-default__P3otY Typography_weight-normal__pqUbH Typography_text-default__P3otY Typography_weight-normal__pqUbH\">La preocupaci\u00f3n por los convenios tambi\u00e9n apareci\u00f3 entre otros usuarios.\u00a0<b class=\"bold\">Ana Mar\u00eda<\/b>, habitante de\u00a0<b class=\"bold\">Villa Ju\u00e1rez<\/b>, denunci\u00f3 sobre este beneficio real si tendr\u00eda iniciar una queja ante la\u00a0<b class=\"bold\">Procuradur\u00eda Federal del Consumidor<\/b>\u00a0si al final la salida pod\u00eda ser aceptar pagos en parcialidades.<\/p>\n<p class=\"Typography_text-default__P3otY Typography_weight-normal__pqUbH Typography_text-default__P3otY Typography_weight-normal__pqUbH\"><i class=\"italic\">\u201cYo quiero saber si hacemos esta cuesti\u00f3n, qu\u00e9 es favorable o qu\u00e9 beneficio vamos a tener\u201d<\/i>, cuestion\u00f3.<\/p>\n<p class=\"Typography_text-default__P3otY Typography_weight-normal__pqUbH Typography_text-default__P3otY Typography_weight-normal__pqUbH\">Esa duda se volvi\u00f3 parte del fondo ante el problema. Para los ciudadanos, pagar en abonos o a meses sin intereses no resuelve el problema si antes no se determina si el cobro es correcto. Aceptar un convenio, se\u00f1alan, puede significar reconocer una deuda que consideran indebida.<\/p>\n<h3 class=\"Typography_text-xl__yFuoP Typography_weight-normal__pqUbH SubHead_sub-head__PVEMA\">Protesta de ciudadanos ante Congreso del Estado<\/h3>\n<p class=\"Typography_text-default__P3otY Typography_weight-normal__pqUbH Typography_text-default__P3otY Typography_weight-normal__pqUbH\">La diputada local del PRI,\u00a0<b class=\"bold\">Paola G\u00e1rate Valenzuela<\/b>, quien se reuni\u00f3 con los ciudadanos el d\u00eda\u00a0<b class=\"bold\">27 de mayo<\/b>\u00a0en el\u00a0<b class=\"bold\">Congreso del Estado de Sinaloa<\/b>, coincidi\u00f3 en que la primera exigencia debe ser frenar las suspensiones del servicio y reconectar a quienes ya fueron afectados.<\/p>\n<p class=\"Typography_text-default__P3otY Typography_weight-normal__pqUbH Typography_text-default__P3otY Typography_weight-normal__pqUbH\"><b class=\"bold\">G\u00e1rate Valenzuela<\/b>\u00a0explic\u00f3 en exclusiva para\u00a0<b class=\"bold\">El Sol de Sinaloa<\/b>\u00a0que una de las rutas posibles es presentar quejas ante\u00a0<b class=\"bold\">Profeco<\/b>\u00a0y, en algunos casos, explorar la v\u00eda del amparo. Sin embargo, advirti\u00f3 que los usuarios deben tener cuidado con las conciliaciones que deriven en convenios de pago, porque podr\u00edan implicar el reconocimiento de la deuda.<\/p>\n<figure class=\"Picture_picture__jeuFM\"><img loading=\"lazy\" decoding=\"async\" class=\"Image_image__tzQM0 seedtag\" src=\"https:\/\/oem.com.mx\/elsoldesinaloa\/img\/30232479\/1779900371\/BASE_LANDSCAPE\/1200\/image.webp\" alt=\"Villajuarez-protesta-cfe-palaciodegobierno\" width=\"0\" height=\"2133\" aria-description=\"Villajuarez-protesta-cfe-palaciodegobierno\" data-nimg=\"1\" \/><figcaption><span class=\"Typography_text-default__P3otY Typography_weight-normal__pqUbH Typography_text-xs__Hgkfb Typography_weight-normal__pqUbH\">CEDH recibe quejas por recibos de 60 y 70 mil pesos impagables en Sinaloa.<\/span>\u00a0\/\u00a0<span class=\"Typography_text-default__P3otY Typography_weight-normal__pqUbH Typography_text-xs__Hgkfb Typography_weight-normal__pqUbH\">Foto; Iv\u00e1n Medina \/ El Sol de Sinaloa.<\/span><\/figcaption><\/figure>\n<p class=\"Typography_text-default__P3otY Typography_weight-normal__pqUbH Typography_text-default__P3otY Typography_weight-normal__pqUbH\"><i class=\"italic\">\u201cEn esa conciliaci\u00f3n lo que quieren es pactar el pago, que reconozcas la deuda y cu\u00e1nto tiempo la puedes pagar. Pero si no reconocemos la deuda, \u00bfc\u00f3mo vamos a hacer un esquema de pago?\u201d<\/i>, cuestion\u00f3.<\/p>\n<p class=\"Typography_text-default__P3otY Typography_weight-normal__pqUbH Typography_text-default__P3otY Typography_weight-normal__pqUbH\">La legisladora sostuvo que el reclamo ciudadano debe mantenerse organizado y respaldado con documentos, recibos y quejas formales, pues consider\u00f3 que la presi\u00f3n social es parte de la ruta para exigir respuestas a la\u00a0<b class=\"bold\">CFE<\/b>.<\/p>\n<p class=\"Typography_text-default__P3otY Typography_weight-normal__pqUbH Typography_text-default__P3otY Typography_weight-normal__pqUbH\">Estas protestas se dieron despu\u00e9s de las declaraciones de la gobernadora\u00a0<b class=\"bold\">Yeraldine Bonilla Valverde<\/b>, quien el\u00a0<b class=\"bold\">20 de mayo<\/b>\u00a0inform\u00f3 que no habr\u00eda cortes de energ\u00eda el\u00e9ctrica en hogares de familias sinaloenses con recibos altos mientras se defin\u00edan mesas de atenci\u00f3n, mecanismos de regularizaci\u00f3n y apoyos para los usuarios.<\/p>\n<p class=\"Typography_text-default__P3otY Typography_weight-normal__pqUbH Typography_text-default__P3otY Typography_weight-normal__pqUbH\">Despu\u00e9s de dos d\u00edas de plant\u00f3n que usuarios inconformes sostuvieron en\u00a0<b class=\"bold\">Palacio de Gobierno<\/b>\u00a0por los altos cobros de la\u00a0<b class=\"bold\">CFE<\/b>, para el segundo d\u00eda los protestantes se movieron de\u00a0<b class=\"bold\">Gobierno del Estado<\/b>\u00a0hacia el\u00a0<b class=\"bold\">Pleno del Congreso<\/b>, donde se reunieron con la diputada del\u00a0<b class=\"bold\">PRI<\/b>; ah\u00ed los ciudadanos expusieron recibos elevados, dudas sobre la ruta legal y rechazo a convenios de pago antes de que se revisen los montos facturados.<\/p>\n<figure class=\"Picture_picture__jeuFM\"><img loading=\"lazy\" decoding=\"async\" class=\"Image_image__tzQM0 seedtag\" src=\"https:\/\/oem.com.mx\/elsoldesinaloa\/img\/30247955\/1779978563\/BASE_LANDSCAPE\/1200\/image.webp\" alt=\"manifestaci\u00f3n CFE\" width=\"0\" height=\"2134\" aria-description=\"manifestaci\u00f3n CFE\" data-nimg=\"1\" \/><figcaption><span class=\"Typography_text-default__P3otY Typography_weight-normal__pqUbH Typography_text-xs__Hgkfb Typography_weight-normal__pqUbH\">Diputada G\u00e1rate advierte que aceptar convenios implica reconocer deuda con CFE.<\/span>\u00a0\/\u00a0<span class=\"Typography_text-default__P3otY Typography_weight-normal__pqUbH Typography_text-xs__Hgkfb Typography_weight-normal__pqUbH\">Foto: Dheyna Brito \/ El Sol de Sinaloa<\/span><\/figcaption><\/figure>\n<p class=\"Typography_text-default__P3otY Typography_weight-normal__pqUbH Typography_text-default__P3otY Typography_weight-normal__pqUbH\">Estas protestas no fueron aisladas, formaron parte de una cadena de acciones ciudadanas en el centro del estado que comenz\u00f3 a tomar fuerza el\u00a0<b class=\"bold\">24 de mayo<\/b>, cuando usuarios marcharon en\u00a0<b class=\"bold\">Culiac\u00e1n<\/b>\u00a0contra los cobros altos de la\u00a0<b class=\"bold\">CFE<\/b>\u00a0y se\u00f1alaron que hab\u00edan reunido cerca de\u00a0<b class=\"bold\">mil expedientes<\/b>. Posteriormente, el\u00a0<b class=\"bold\">26 y 27 de mayo<\/b>, los inconformes mantuvieron presencia frente a\u00a0<b class=\"bold\">Palacio de Gobierno<\/b>\u00a0para exigir que se respetara el compromiso de no cortar la luz a familias con recibos altos.<\/p>\n<p class=\"Typography_text-default__P3otY Typography_weight-normal__pqUbH Typography_text-default__P3otY Typography_weight-normal__pqUbH\">Un d\u00eda antes de la reuni\u00f3n en el Congreso, diputados federales de\u00a0<b class=\"bold\">Sinaloa<\/b>, entre ellos\u00a0<b class=\"bold\">Graciela Dom\u00ednguez Nava<\/b>, sostuvieron un encuentro con autoridades de la\u00a0<b class=\"bold\">CFE<\/b>, donde se plantearon facilidades para cubrir adeudos elevados hasta en\u00a0<b class=\"bold\">seis meses sin intereses<\/b>. Para los usuarios inconformes, esa salida qued\u00f3 corta frente a su demanda principal: que los recibos sean revisados antes de establecer cualquier esquema de pago.<\/p>\n<h3 class=\"Typography_text-xl__yFuoP Typography_weight-normal__pqUbH SubHead_sub-head__PVEMA\">Quejas por recibos de hasta 70 mil pesos llegan tambi\u00e9n a la CEDH<\/h3>\n<p class=\"Typography_text-default__P3otY Typography_weight-normal__pqUbH Typography_text-default__P3otY Typography_weight-normal__pqUbH\">La\u00a0<b class=\"bold\">Comisi\u00f3n Estatal de los Derechos Humanos<\/b>\u00a0tambi\u00e9n recibi\u00f3 quejas por este conflicto. Su presidente,\u00a0<b class=\"bold\">\u00d3scar Loza Ochoa<\/b>, inform\u00f3 que hay familias con recibos considerados impagables, algunos de\u00a0<b class=\"bold\">60 mil y 70 mil pesos<\/b>, y se\u00f1al\u00f3 que el organismo ha sido buscado por usuarios que piden apoyo para mediar ante la\u00a0<b class=\"bold\">CFE<\/b>.<\/p>\n<p class=\"Typography_text-default__P3otY Typography_weight-normal__pqUbH Typography_text-default__P3otY Typography_weight-normal__pqUbH\">El director de la\u00a0<b class=\"bold\">CEDH<\/b>\u00a0cuestion\u00f3 que no se realicen revisiones f\u00edsicas en los domicilios antes de sostener cobros elevados, aun cuando las familias aseguran tener apenas aparatos b\u00e1sicos.<\/p>\n<figure class=\"Picture_picture__jeuFM\"><img loading=\"lazy\" decoding=\"async\" class=\"Image_image__tzQM0 seedtag\" src=\"https:\/\/oem.com.mx\/elsoldesinaloa\/img\/30234281\/1779905947\/BASE_LANDSCAPE\/1200\/image.webp\" alt=\"Protesta-cfe-palacio\" width=\"0\" height=\"2133\" aria-description=\"Protesta-cfe-palacio\" data-nimg=\"1\" \/><figcaption><span class=\"Typography_text-default__P3otY Typography_weight-normal__pqUbH Typography_text-xs__Hgkfb Typography_weight-normal__pqUbH\">Firmar convenio de pago implicar\u00eda reconocer deuda que vecinos consideran injusta.<\/span>\u00a0\/\u00a0<span class=\"Typography_text-default__P3otY Typography_weight-normal__pqUbH Typography_text-xs__Hgkfb Typography_weight-normal__pqUbH\">Foto: Dheyna Brito | El Sol de Sinaloa<\/span><\/figcaption><\/figure>\n<p class=\"Typography_text-default__P3otY Typography_weight-normal__pqUbH Typography_text-default__P3otY Typography_weight-normal__pqUbH\"><i class=\"italic\">\u201cDan por hecho que lo que est\u00e1 registrado all\u00ed fue lo que se consumi\u00f3, independientemente de si ah\u00ed viv\u00edan uno o m\u00e1s, o si no tienen muchos aparatos aparte de las luces, un refrigerador o un abanico; ni siquiera se molestan en ir a revisar\u201d,<\/i>\u00a0manifest\u00f3.<\/p>\n<p class=\"Typography_text-default__P3otY Typography_weight-normal__pqUbH Typography_text-default__P3otY Typography_weight-normal__pqUbH\"><b class=\"bold\">Loza Ochoa<\/b>\u00a0plante\u00f3 que diputados federales deben gestionar una mesa de trabajo con autoridades de la\u00a0<b class=\"bold\">CFE<\/b>\u00a0en la\u00a0<b class=\"bold\">Ciudad de M\u00e9xico<\/b>\u00a0para buscar una soluci\u00f3n de fondo, incluida una tarifa el\u00e9ctrica especial para\u00a0<b class=\"bold\">Sinaloa<\/b>, debido a las altas temperaturas que se registran en la entidad.<\/p>\n<h3 class=\"Typography_text-xl__yFuoP Typography_weight-normal__pqUbH SubHead_sub-head__PVEMA\">Ciudadanos viven el calor para no elevar el cobro<\/h3>\n<p class=\"Typography_text-default__P3otY Typography_weight-normal__pqUbH Typography_text-default__P3otY Typography_weight-normal__pqUbH\">La discusi\u00f3n por los recibos altos tambi\u00e9n abri\u00f3 otro problema: el calor como carga econ\u00f3mica. En muchas casas, la electricidad no se usa solo para comodidad, sino para resistir temperaturas extremas. Apagar abanicos, limitar minisplits o dejar de usar refrigeraci\u00f3n por miedo al cobro se vuelve una forma de administrar el riesgo dentro del hogar.<\/p>\n<p class=\"Typography_text-default__P3otY Typography_weight-normal__pqUbH Typography_text-default__P3otY Typography_weight-normal__pqUbH\">En ese contexto, quedarse sin luz no significa \u00fanicamente perder un servicio. Para familias con ni\u00f1as, ni\u00f1os, personas adultas mayores o enfermas, un corte puede afectar el descanso, la conservaci\u00f3n de alimentos, el uso de medicamentos que requieren refrigeraci\u00f3n y la posibilidad de pasar el d\u00eda dentro de una vivienda calurosa.<\/p>\n<figure class=\"Picture_picture__jeuFM\"><img loading=\"lazy\" decoding=\"async\" class=\"Image_image__tzQM0 seedtag\" src=\"https:\/\/oem.com.mx\/elsoldesinaloa\/img\/30234278\/1779905896\/BASE_LANDSCAPE\/1200\/image.webp\" alt=\"Protesta-cfe-palacio\" width=\"0\" height=\"2133\" aria-description=\"Protesta-cfe-palacio\" data-nimg=\"1\" \/><figcaption><span class=\"Typography_text-default__P3otY Typography_weight-normal__pqUbH Typography_text-xs__Hgkfb Typography_weight-normal__pqUbH\">Villa Ju\u00e1rez se organiza para impedir cortes de luz mientras CFE no revise cobros.<\/span>\u00a0\/\u00a0<span class=\"Typography_text-default__P3otY Typography_weight-normal__pqUbH Typography_text-xs__Hgkfb Typography_weight-normal__pqUbH\">Foto: Dheyna Brito | El Sol de Sinaloa<\/span><\/figcaption><\/figure>\n<p class=\"Typography_text-default__P3otY Typography_weight-normal__pqUbH Typography_text-default__P3otY Typography_weight-normal__pqUbH\">Por eso, el conflicto ya no se concentra \u00fanicamente en cu\u00e1nto lleg\u00f3 en el recibo, sino en qu\u00e9 ocurre cuando una familia no puede pagarlo, no acepta reconocer como deuda y teme quedarse sin energ\u00eda en plena temporada de calor. La protesta pas\u00f3 de las oficinas de atenci\u00f3n a los grupos vecinales, de los recibos en mano a los plantones, y de la queja individual a la organizaci\u00f3n comunitaria.<\/p>\n<p class=\"Typography_text-default__P3otY Typography_weight-normal__pqUbH Typography_text-default__P3otY Typography_weight-normal__pqUbH\">En\u00a0<b class=\"bold\">Villa Ju\u00e1rez<\/b>,\u00a0<b class=\"bold\">Sonia L\u00f3pez Borbolla<\/b>\u00a0insiste en que la respuesta ser\u00e1 colectiva. Si llega una cuadrilla de la\u00a0<b class=\"bold\">CFE<\/b>, los vecinos saldr\u00e1n juntos. Para ellos, como para otros usuarios de\u00a0<b class=\"bold\">Sinaloa<\/b>, el recibo dej\u00f3 de ser un papel con una cifra alta: se convirti\u00f3 en una amenaza de apag\u00f3n.<\/p>\n<p>Con informaci\u00f3n de El Sol de Sinaloa<\/p>\n<\/div>\n<\/div>\n","protected":false},"excerpt":{"rendered":"<p>Los altos cobros de CFE dejaron de ser solo una queja por el recibo: en distintos municipios y colonias, usuarios comenzaron a organizarse para impedir suspensiones, rechazar convenios de pago y exigir que se revise si los montos corresponden realmente a su consumo. Dheyna Brito Culiac\u00e1n, Sin. &#8211; En\u00a0Sinaloa, el miedo al apag\u00f3n comenz\u00f3 a organizar a las familias. Los recibos elevados de la\u00a0Comisi\u00f3n Federal de Electricidad\u00a0pasaron de ser una inconformidad individual a un reclamo colectivo que ya se expresa en marchas, plantones, reuniones con legisladores y grupos vecinales para impedir cortes de luz. Para los ciudadanos inconformes, ese tipo [&hellip;]<\/p>\n","protected":false},"author":3,"featured_media":147491,"comment_status":"open","ping_status":"open","sticky":false,"template":"","format":"standard","meta":{"_jetpack_newsletter_access":"","_jetpack_dont_email_post_to_subs":false,"_jetpack_newsletter_tier_id":0,"_jetpack_memberships_contains_paywalled_content":false,"_jetpack_feature_clip_id":0,"_jetpack_memberships_contains_paid_content":false,"footnotes":"","jetpack_publicize_message":"","jetpack_publicize_feature_enabled":true,"jetpack_social_post_already_shared":true,"jetpack_social_options":{"image_generator_settings":{"template":"highway","default_image_id":0,"font":"","enabled":false},"version":2},"jetpack_post_was_ever_published":false},"categories":[90,72],"tags":[],"class_list":["post-147483","post","type-post","status-publish","format-standard","has-post-thumbnail","hentry","category-estatal","category-portada","post--single"],"jetpack_publicize_connections":[],"jetpack_featured_media_url":"https:\/\/ovelanalista.com\/wp-content\/uploads\/2026\/06\/image-5.webp","jetpack_sharing_enabled":true,"_links":{"self":[{"href":"https:\/\/ovelanalista.com\/index.php?rest_route=\/wp\/v2\/posts\/147483","targetHints":{"allow":["GET"]}}],"collection":[{"href":"https:\/\/ovelanalista.com\/index.php?rest_route=\/wp\/v2\/posts"}],"about":[{"href":"https:\/\/ovelanalista.com\/index.php?rest_route=\/wp\/v2\/types\/post"}],"author":[{"embeddable":true,"href":"https:\/\/ovelanalista.com\/index.php?rest_route=\/wp\/v2\/users\/3"}],"replies":[{"embeddable":true,"href":"https:\/\/ovelanalista.com\/index.php?rest_route=%2Fwp%2Fv2%2Fcomments&post=147483"}],"version-history":[{"count":2,"href":"https:\/\/ovelanalista.com\/index.php?rest_route=\/wp\/v2\/posts\/147483\/revisions"}],"predecessor-version":[{"id":147493,"href":"https:\/\/ovelanalista.com\/index.php?rest_route=\/wp\/v2\/posts\/147483\/revisions\/147493"}],"wp:featuredmedia":[{"embeddable":true,"href":"https:\/\/ovelanalista.com\/index.php?rest_route=\/wp\/v2\/media\/147491"}],"wp:attachment":[{"href":"https:\/\/ovelanalista.com\/index.php?rest_route=%2Fwp%2Fv2%2Fmedia&parent=147483"}],"wp:term":[{"taxonomy":"category","embeddable":true,"href":"https:\/\/ovelanalista.com\/index.php?rest_route=%2Fwp%2Fv2%2Fcategories&post=147483"},{"taxonomy":"post_tag","embeddable":true,"href":"https:\/\/ovelanalista.com\/index.php?rest_route=%2Fwp%2Fv2%2Ftags&post=147483"}],"curies":[{"name":"wp","href":"https:\/\/api.w.org\/{rel}","templated":true}]}}