{"id":147497,"date":"2026-06-01T16:30:33","date_gmt":"2026-06-01T23:30:33","guid":{"rendered":"https:\/\/ovelanalista.com\/?p=147497"},"modified":"2026-06-01T09:54:06","modified_gmt":"2026-06-01T16:54:06","slug":"gobierno-de-sinaloa-espera-informe-oficial-tras-rina-registrada-en-el-penal-de-aguaruto","status":"publish","type":"post","link":"https:\/\/ovelanalista.com\/?p=147497","title":{"rendered":"Gobierno de Sinaloa espera informe oficial tras ri\u00f1a registrada en el penal de Aguaruto"},"content":{"rendered":"<div class=\"Summary_summary__gpJTn\">\n<p class=\"Typography_text-xl__yFuoP Typography_weight-normal__pqUbH\">La mandataria estatal dijo que hasta el momento no cuenta con informaci\u00f3n actualizada sobre posibles v\u00edctimas o personas lesionadas derivadas del enfrentamiento<\/p>\n<p class=\"Typography_text-l__QLRR8 Typography_weight-bold__uT6mq\">Mario N\u00fa\u00f1ez<\/p>\n<p class=\"Typography_text-default__P3otY Typography_weight-normal__pqUbH Typography_text-default__P3otY Typography_weight-normal__pqUbH\">Culiac\u00e1n, Sin.- La gobernadora de Sinaloa,\u00a0<b class=\"bold\">Yeraldine Bonilla Valverde<\/b>, inform\u00f3 que se mantiene a la espera de un reporte oficial por parte de la Secretar\u00eda de Seguridad P\u00fablica estatal sobre los hechos ocurridos este s\u00e1bado en el\u00a0<b class=\"bold\">Centro Penitenciario de Aguaruto<\/b>, donde se registr\u00f3 una ri\u00f1a entre personas privadas de la libertad.<\/p>\n<p class=\"Typography_text-default__P3otY Typography_weight-normal__pqUbH Typography_text-default__P3otY Typography_weight-normal__pqUbH\">La mandataria estatal se\u00f1al\u00f3 que desde las primeras horas del d\u00eda sostuvo comunicaci\u00f3n con el secretario de Seguridad P\u00fablica, el general\u00a0<b class=\"bold\">\u00d3scar Renter\u00eda T\u00e9llez<\/b>, quien le confirm\u00f3 la ocurrencia del incidente al interior del penal.<\/p>\n<p class=\"Typography_text-default__P3otY Typography_weight-normal__pqUbH Typography_text-default__P3otY Typography_weight-normal__pqUbH\">Sin embargo, precis\u00f3 que hasta el momento no cuenta con informaci\u00f3n actualizada sobre posibles v\u00edctimas o personas lesionadas derivadas del enfrentamiento.<\/p>\n<p class=\"Typography_text-default__P3otY Typography_weight-normal__pqUbH Typography_text-default__P3otY Typography_weight-normal__pqUbH\">\u201cPor la ma\u00f1ana estuve en comunicaci\u00f3n con el general\u00a0<b class=\"bold\">T\u00e9llez<\/b>, quien me confirm\u00f3 los hechos que sucedieron en el penal de Aguaruto. Me coment\u00f3 que la situaci\u00f3n estaba controlada, pero no me confirm\u00f3 personas fallecidas ni heridas\u201d, expres\u00f3.<\/p>\n<p class=\"Typography_text-default__P3otY Typography_weight-normal__pqUbH Typography_text-default__P3otY Typography_weight-normal__pqUbH\"><b class=\"bold\">Bonilla Valverde<\/b>\u00a0indic\u00f3 que permanecer\u00e1 atenta a la informaci\u00f3n que proporcione la autoridad responsable una vez que concluyan las verificaciones correspondientes dentro del centro penitenciario.<\/p>\n<p class=\"Typography_text-default__P3otY Typography_weight-normal__pqUbH Typography_text-default__P3otY Typography_weight-normal__pqUbH\">Finalmente, la gobernadora reiter\u00f3 que ser\u00e1 la\u00a0<b class=\"bold\">Secretar\u00eda de Seguridad P\u00fablica<\/b>\u00a0la instancia encargada de informar oficialmente sobre las causas de la ri\u00f1a y el saldo que dej\u00f3 el incidente registrado en el penal de Aguaruto.<\/p>\n<p>Con informaci\u00f3n de El Sol de Mazatl\u00e1n<\/p>\n<\/div>\n","protected":false},"excerpt":{"rendered":"<p>La mandataria estatal dijo que hasta el momento no cuenta con informaci\u00f3n actualizada sobre posibles v\u00edctimas o personas lesionadas derivadas del enfrentamiento Mario N\u00fa\u00f1ez Culiac\u00e1n, Sin.- La gobernadora de Sinaloa,\u00a0Yeraldine Bonilla Valverde, inform\u00f3 que se mantiene a la espera de un reporte oficial por parte de la Secretar\u00eda de Seguridad P\u00fablica estatal sobre los hechos ocurridos este s\u00e1bado en el\u00a0Centro Penitenciario de Aguaruto, donde se registr\u00f3 una ri\u00f1a entre personas privadas de la libertad. La mandataria estatal se\u00f1al\u00f3 que desde las primeras horas del d\u00eda sostuvo comunicaci\u00f3n con el secretario de Seguridad P\u00fablica, el general\u00a0\u00d3scar Renter\u00eda T\u00e9llez, quien le confirm\u00f3 [&hellip;]<\/p>\n","protected":false},"author":3,"featured_media":147505,"comment_status":"open","ping_status":"open","sticky":false,"template":"","format":"standard","meta":{"_jetpack_newsletter_access":"","_jetpack_dont_email_post_to_subs":false,"_jetpack_newsletter_tier_id":0,"_jetpack_memberships_contains_paywalled_content":false,"_jetpack_feature_clip_id":0,"_jetpack_memberships_contains_paid_content":false,"footnotes":"","jetpack_publicize_message":"","jetpack_publicize_feature_enabled":true,"jetpack_social_post_already_shared":true,"jetpack_social_options":{"image_generator_settings":{"template":"highway","default_image_id":0,"font":"","enabled":false},"version":2},"jetpack_post_was_ever_published":false},"categories":[90],"tags":[],"class_list":["post-147497","post","type-post","status-publish","format-standard","has-post-thumbnail","hentry","category-estatal","post--single"],"jetpack_publicize_connections":[],"jetpack_featured_media_url":"https:\/\/ovelanalista.com\/wp-content\/uploads\/2026\/06\/image-6.webp","jetpack_sharing_enabled":true,"_links":{"self":[{"href":"https:\/\/ovelanalista.com\/index.php?rest_route=\/wp\/v2\/posts\/147497","targetHints":{"allow":["GET"]}}],"collection":[{"href":"https:\/\/ovelanalista.com\/index.php?rest_route=\/wp\/v2\/posts"}],"about":[{"href":"https:\/\/ovelanalista.com\/index.php?rest_route=\/wp\/v2\/types\/post"}],"author":[{"embeddable":true,"href":"https:\/\/ovelanalista.com\/index.php?rest_route=\/wp\/v2\/users\/3"}],"replies":[{"embeddable":true,"href":"https:\/\/ovelanalista.com\/index.php?rest_route=%2Fwp%2Fv2%2Fcomments&post=147497"}],"version-history":[{"count":1,"href":"https:\/\/ovelanalista.com\/index.php?rest_route=\/wp\/v2\/posts\/147497\/revisions"}],"predecessor-version":[{"id":147507,"href":"https:\/\/ovelanalista.com\/index.php?rest_route=\/wp\/v2\/posts\/147497\/revisions\/147507"}],"wp:featuredmedia":[{"embeddable":true,"href":"https:\/\/ovelanalista.com\/index.php?rest_route=\/wp\/v2\/media\/147505"}],"wp:attachment":[{"href":"https:\/\/ovelanalista.com\/index.php?rest_route=%2Fwp%2Fv2%2Fmedia&parent=147497"}],"wp:term":[{"taxonomy":"category","embeddable":true,"href":"https:\/\/ovelanalista.com\/index.php?rest_route=%2Fwp%2Fv2%2Fcategories&post=147497"},{"taxonomy":"post_tag","embeddable":true,"href":"https:\/\/ovelanalista.com\/index.php?rest_route=%2Fwp%2Fv2%2Ftags&post=147497"}],"curies":[{"name":"wp","href":"https:\/\/api.w.org\/{rel}","templated":true}]}}