{"id":147508,"date":"2026-06-01T10:29:04","date_gmt":"2026-06-01T17:29:04","guid":{"rendered":"https:\/\/ovelanalista.com\/?p=147508"},"modified":"2026-06-01T10:29:04","modified_gmt":"2026-06-01T17:29:04","slug":"abundante-evidencia-contra-merida-sanchez-y-10-acusados-dice-juez-de-new-york","status":"publish","type":"post","link":"https:\/\/ovelanalista.com\/?p=147508","title":{"rendered":"\u201cAbundante evidencia\u201d contra M\u00e9rida S\u00e1nchez y 10 acusados dice Juez de New York."},"content":{"rendered":"<div><\/div>\n<div><\/div>\n<div><strong>Oswaldo Villase\u00f1or.<\/strong><\/div>\n<div><\/div>\n<div><\/div>\n<div>La situaci\u00f3n para el gobernador Rub\u00e9n Rocha Moya, Enrique Inzunza, Juan de Dios G\u00e1mez y dem\u00e1s acusados por el departamento de justicia de Estados Unidos se complica lueho de la primera audiencia en contra del General Gerardo M\u00e9rida y la juez que lleva su caso determinar\u00e1 que hay evidencia suficiente y abundante para procesarlo por los delitos atribuidos.<\/div>\n<div><\/div>\n<div>Gerardo M\u00e9rida lleg\u00f3 a la Corte esposado de pies y manos y durante poco m\u00e1s de 20 minutos que dur\u00f3 la audiencia,\u00a0 la Fiscal\u00eda Federal mostr\u00f3 las evidencias del caso frente a la juez y ante el propio acusado, M\u00e9rida S\u00e1nchez. La jueza determin\u00f3 que\u00a0 hay evidencia suficiente.<\/div>\n<div><\/div>\n<div>La jueza Katherine Polk revela que la evidencia en el caso en contra del ex secretario de Seguridad de Sinaloa y de otros ciudadanos mexicanos \u201ces abundante\u201d por lo que dio un plazo de 60 d\u00edas para que la evidencia sea procesada.<\/div>\n<div><\/div>\n<div>La jueza Polk le explic\u00f3 a M\u00e9rida que puede revisar la evidencia para \u201cevaluar sus opciones\u201d.<\/div>\n<div>La pr\u00f3xima audiencia ser\u00e1 el 4 de agosto.<\/div>\n","protected":false},"excerpt":{"rendered":"<p>Oswaldo Villase\u00f1or. La situaci\u00f3n para el gobernador Rub\u00e9n Rocha Moya, Enrique Inzunza, Juan de Dios G\u00e1mez y dem\u00e1s acusados por el departamento de justicia de Estados Unidos se complica lueho de la primera audiencia en contra del General Gerardo M\u00e9rida y la juez que lleva su caso determinar\u00e1 que hay evidencia suficiente y abundante para procesarlo por los delitos atribuidos. Gerardo M\u00e9rida lleg\u00f3 a la Corte esposado de pies y manos y durante poco m\u00e1s de 20 minutos que dur\u00f3 la audiencia,\u00a0 la Fiscal\u00eda Federal mostr\u00f3 las evidencias del caso frente a la juez y ante el propio acusado, M\u00e9rida [&hellip;]<\/p>\n","protected":false},"author":3,"featured_media":147509,"comment_status":"open","ping_status":"open","sticky":false,"template":"","format":"standard","meta":{"_jetpack_newsletter_access":"","_jetpack_dont_email_post_to_subs":false,"_jetpack_newsletter_tier_id":0,"_jetpack_memberships_contains_paywalled_content":false,"_jetpack_feature_clip_id":0,"_jetpack_memberships_contains_paid_content":false,"footnotes":"","jetpack_publicize_message":"","jetpack_publicize_feature_enabled":true,"jetpack_social_post_already_shared":true,"jetpack_social_options":{"image_generator_settings":{"template":"highway","default_image_id":0,"font":"","enabled":false},"version":2},"jetpack_post_was_ever_published":false},"categories":[90,89,75,72],"tags":[],"class_list":["post-147508","post","type-post","status-publish","format-standard","has-post-thumbnail","hentry","category-estatal","category-internacional","category-nacional","category-portada","post--single"],"jetpack_publicize_connections":[],"jetpack_featured_media_url":"https:\/\/ovelanalista.com\/wp-content\/uploads\/2026\/06\/f99f3fa0-ad91-404c-9146-109e17b8646f-scaled-1.jpg","jetpack_sharing_enabled":true,"_links":{"self":[{"href":"https:\/\/ovelanalista.com\/index.php?rest_route=\/wp\/v2\/posts\/147508","targetHints":{"allow":["GET"]}}],"collection":[{"href":"https:\/\/ovelanalista.com\/index.php?rest_route=\/wp\/v2\/posts"}],"about":[{"href":"https:\/\/ovelanalista.com\/index.php?rest_route=\/wp\/v2\/types\/post"}],"author":[{"embeddable":true,"href":"https:\/\/ovelanalista.com\/index.php?rest_route=\/wp\/v2\/users\/3"}],"replies":[{"embeddable":true,"href":"https:\/\/ovelanalista.com\/index.php?rest_route=%2Fwp%2Fv2%2Fcomments&post=147508"}],"version-history":[{"count":1,"href":"https:\/\/ovelanalista.com\/index.php?rest_route=\/wp\/v2\/posts\/147508\/revisions"}],"predecessor-version":[{"id":147510,"href":"https:\/\/ovelanalista.com\/index.php?rest_route=\/wp\/v2\/posts\/147508\/revisions\/147510"}],"wp:featuredmedia":[{"embeddable":true,"href":"https:\/\/ovelanalista.com\/index.php?rest_route=\/wp\/v2\/media\/147509"}],"wp:attachment":[{"href":"https:\/\/ovelanalista.com\/index.php?rest_route=%2Fwp%2Fv2%2Fmedia&parent=147508"}],"wp:term":[{"taxonomy":"category","embeddable":true,"href":"https:\/\/ovelanalista.com\/index.php?rest_route=%2Fwp%2Fv2%2Fcategories&post=147508"},{"taxonomy":"post_tag","embeddable":true,"href":"https:\/\/ovelanalista.com\/index.php?rest_route=%2Fwp%2Fv2%2Ftags&post=147508"}],"curies":[{"name":"wp","href":"https:\/\/api.w.org\/{rel}","templated":true}]}}