{"id":147513,"date":"2026-06-02T09:29:31","date_gmt":"2026-06-02T16:29:31","guid":{"rendered":"https:\/\/ovelanalista.com\/?p=147513"},"modified":"2026-06-02T09:29:31","modified_gmt":"2026-06-02T16:29:31","slug":"en-el-blanco-fernando-zepeda-h-3","status":"publish","type":"post","link":"https:\/\/ovelanalista.com\/?p=147513","title":{"rendered":"En el blanco Fernando Zepeda H."},"content":{"rendered":"<p class=\"p2\"><em><strong><span class=\"s1\">*Sheinbaum paso de la \u201ccabeza fr\u00eda\u201d al discurso incendiario enarbolando una defensa de la soberan\u00eda que en realidad oculta la defensa a ultranza de quienes han sido acusados de ser c\u00f3mplices de narcos<\/span><\/strong><\/em><\/p>\n<p class=\"p2\"><em><strong><span class=\"s1\">*De la expresi\u00f3n de que \u201cno somos pi\u00f1ata de nadie\u201d, pasando por una \u201cintenci\u00f3n de injerencia extranjera\u201d y rematando con primero vienen por unos y vendr\u00e1n despu\u00e9s por m\u00e1s, mostro la ausencia de la estadista<\/span><\/strong><\/em><\/p>\n<p class=\"p2\"><em><strong><span class=\"s1\">*Quien dio la sorpresa fue el Embajador de EEUU en M\u00e9xico Ronald Johnson con una respuesta sensata e inteligente<\/span><\/strong><\/em><\/p>\n<p class=\"p2\"><em><strong><span class=\"s1\">*La jueza Katherine Polk que condujo la comparencia del General M\u00e9rida S\u00e1nchez adelanto que hay un cumulo de evidencias y olas de implicados que est\u00e1n llegando<\/span><\/strong><\/em><\/p>\n<p class=\"p2\"><em><strong><span class=\"s1\">*Los cientos de miles que abarrotaron la explanada de Palacio de Gobierno en Culiac\u00e1n en su mayor\u00eda fueron obligados a asistir al evento. La misma practica del PRI<\/span><\/strong><\/em><\/p>\n<p class=\"p2\"><em><strong><span class=\"s1\">*La CNTE amenaza con boicotear el Mundial de futbol y los productores del campo con tomar casetas de peaje<\/span><\/strong><\/em><\/p>\n<p class=\"p2\"><em><strong><span class=\"s1\">*Al pasar el mes de que Rocha Moya solicito licencia al cargo, ya hay quienes esperan que el Congreso del Estado de el siguiente paso<\/span><\/strong><\/em><\/p>\n<p class=\"p2\"><em><strong><span class=\"s1\">*Se conmemoro ayer el \u201cDia de la Marina\u201d. Una ceremonia emotiva que siempre mueve a cientos de mazatlecos<\/span><\/strong><\/em><\/p>\n<p class=\"p2\"><span class=\"s1\"><em><strong>\u00bfQu\u00e9 sucedi\u00f3 con Sheinbaum<\/strong><\/em>?. La estrategia de la Presidenta Claudia Sheinbaum ante el Presidente Donald Trump cambio radicalmente el pasado domingo. Ya no fue aquella que de manera inteligente y sonrisa en ristre respond\u00eda a las embestidas cada vez m\u00e1s punzantes de Trump y de pr\u00e1cticamente todo su gabinete. Donde quedo aquella que aseguraba \u201ccabeza fr\u00eda\u201d ante los se\u00f1alamientos de Trump. Dejo de lado la esgrima, la aparente tranquilidad, para dar paso a expresiones m\u00e1s viscerales que cerebrales.<br \/>\n<\/span><\/p>\n<p><img loading=\"lazy\" decoding=\"async\" class=\"alignnone size-full wp-image-226545 td-animation-stack-type0-2\" src=\"https:\/\/sinaloaenlinea.com\/wp-content\/uploads\/2026\/06\/IMG_2139.webp\" sizes=\"auto, (max-width: 760px) 100vw, 760px\" srcset=\"https:\/\/sinaloaenlinea.com\/wp-content\/uploads\/2026\/06\/IMG_2139.webp 760w, https:\/\/sinaloaenlinea.com\/wp-content\/uploads\/2026\/06\/IMG_2139-300x169.webp 300w, https:\/\/sinaloaenlinea.com\/wp-content\/uploads\/2026\/06\/IMG_2139-746x420.webp 746w, https:\/\/sinaloaenlinea.com\/wp-content\/uploads\/2026\/06\/IMG_2139-150x84.webp 150w, https:\/\/sinaloaenlinea.com\/wp-content\/uploads\/2026\/06\/IMG_2139-696x392.webp 696w\" alt=\"\" width=\"760\" height=\"428\" \/><\/p>\n<p class=\"p2\"><span class=\"s1\">Se dejo ir con el discurso del \u201cpatriotismo\u201d y de la \u201cdefensa a la soberan\u00eda\u201d. El discurso que lanzo Sheinbaum en la Plaza de la Revoluci\u00f3n de la Ciudad de M\u00e9xico y que se replico en las principales plazas del pa\u00eds, fue una especie de declaraci\u00f3n de guerra contra Estados Unidos. Se erigi\u00f3 en la defensa de los 10 sinaloenses acusados en el Tribunal Federal del sur de Nueva York. Porque despu\u00e9s de ellos, vendr\u00e1n por m\u00e1s. No fue un discurso de estadista. M\u00e1s bien pareci\u00f3 un discurso de un l\u00edder partidista, en este caso de Morena, que sali\u00f3 en defensa de su partido con el pretexto de defender a los mexicanos. La advertencia de que M\u00e9xico \u201cno ser\u00e1 pi\u00f1ata de nadie\u201d, es una frase que pega en las masas. Pero no cuando hay una autoridad, dentro o fuera del pa\u00eds que acusa y pide juicio contra supuestos delincuentes. Consider\u00f3 que no es colaboraci\u00f3n la que pide Estados Unidos, lo que es una injerencia. Fue a todas luces un discurso duro. Que, en las circunstancias actuales, debe de preocupar a muchos.<br \/>\n<\/span><\/p>\n<p><img loading=\"lazy\" decoding=\"async\" class=\"alignnone size-large wp-image-226546 td-animation-stack-type0-2\" src=\"https:\/\/sinaloaenlinea.com\/wp-content\/uploads\/2026\/06\/IMG_2140-1024x576.jpeg\" sizes=\"auto, (max-width: 696px) 100vw, 696px\" srcset=\"https:\/\/sinaloaenlinea.com\/wp-content\/uploads\/2026\/06\/IMG_2140-1024x576.jpeg 1024w, https:\/\/sinaloaenlinea.com\/wp-content\/uploads\/2026\/06\/IMG_2140-300x169.jpeg 300w, https:\/\/sinaloaenlinea.com\/wp-content\/uploads\/2026\/06\/IMG_2140-768x432.jpeg 768w, https:\/\/sinaloaenlinea.com\/wp-content\/uploads\/2026\/06\/IMG_2140-747x420.jpeg 747w, https:\/\/sinaloaenlinea.com\/wp-content\/uploads\/2026\/06\/IMG_2140-150x84.jpeg 150w, https:\/\/sinaloaenlinea.com\/wp-content\/uploads\/2026\/06\/IMG_2140-696x392.jpeg 696w, https:\/\/sinaloaenlinea.com\/wp-content\/uploads\/2026\/06\/IMG_2140-1068x601.jpeg 1068w, https:\/\/sinaloaenlinea.com\/wp-content\/uploads\/2026\/06\/IMG_2140.jpeg 1280w\" alt=\"\" width=\"696\" height=\"392\" \/><\/p>\n<p class=\"p2\"><span class=\"s1\">La arenga hace recordar aquella que realizo Nicolas Maduro ante miles de sus seguidores en Venezuela. \u201cVengan por m\u00ed, aqu\u00ed los espero\u201d, grito. Y Estados Unidos, Donald Trump le tomo la palabra y fue por \u00e9l. Sheinbaum perdi\u00f3 la diplomacia. La sensatez que hab\u00eda mostrado a lo largo de los \u00faltimos meses ante Trump. Surgi\u00f3 lo visceral. Y eso es delicado.<\/span><\/p>\n<p class=\"p2\"><span class=\"s1\"><em><strong>Johnson m\u00e1s diplom\u00e1tico.<\/strong><\/em>\u00a0La primera respuesta al discurso de Sheinbaum llego v\u00eda el Embajador de Estados Unidos en M\u00e9xico Ronald Johnson. Rechazo convertir los temas de seguridad en una discusi\u00f3n pol\u00edtica. Esto representa dijo \u201cuna oportunidad perdida para fortalecer nuestra cooperaci\u00f3n y proteger a las personas a las que servimos\u201d.<br \/>\n<\/span><\/p>\n<p><img loading=\"lazy\" decoding=\"async\" class=\"alignnone size-full wp-image-226547 td-animation-stack-type0-2\" src=\"https:\/\/sinaloaenlinea.com\/wp-content\/uploads\/2026\/06\/IMG_2141.jpeg\" sizes=\"auto, (max-width: 980px) 100vw, 980px\" srcset=\"https:\/\/sinaloaenlinea.com\/wp-content\/uploads\/2026\/06\/IMG_2141.jpeg 980w, https:\/\/sinaloaenlinea.com\/wp-content\/uploads\/2026\/06\/IMG_2141-300x300.jpeg 300w, https:\/\/sinaloaenlinea.com\/wp-content\/uploads\/2026\/06\/IMG_2141-150x150.jpeg 150w, https:\/\/sinaloaenlinea.com\/wp-content\/uploads\/2026\/06\/IMG_2141-768x768.jpeg 768w, https:\/\/sinaloaenlinea.com\/wp-content\/uploads\/2026\/06\/IMG_2141-420x420.jpeg 420w, https:\/\/sinaloaenlinea.com\/wp-content\/uploads\/2026\/06\/IMG_2141-696x696.jpeg 696w\" alt=\"\" width=\"980\" height=\"980\" \/><\/p>\n<p class=\"p2\"><span class=\"s1\">A trav\u00e9s de sus redes sociales, el Embajador de Estados Unidos en M\u00e9xico sostuvo que \u201cla lucha contra los c\u00e1rteles deber\u00eda unirnos, no dividirnos. La gente a ambos lados de nuestra frontera quiere vivir segura y en paz. Merecen libertad de la intimidaci\u00f3n, la corrupci\u00f3n y el miedo que infligen los c\u00e1rteles\u201d. Y remato que \u201cqueda momento dedicado a convertir este desaf\u00edo compartido de seguridad en una disputa pol\u00edtica es una oportunidad perdida para fortalecer nuestra asociaci\u00f3n y proteger a las personas a las que servimos\u201d. Quien fuera criticado al ser nombrado Embajador en M\u00e9xico por provenir de la CIA, resulto m\u00e1s diplom\u00e1tico que polic\u00eda. M\u00e1s correcto que las arengas lanzadas en la celebraci\u00f3n del segundo aniversario del triunfo de la Presidenta Claudia Sheinbaum.<\/span><\/p>\n<p class=\"p2\"><span class=\"s1\"><em><strong>Pues si hay pruebas\u2026Y olas de implicados. La<\/strong><\/em>\u00a0jueza Katherine Polk que lleva presidio la comparecencia ayer del general Gerardo M\u00e9rida S\u00e1nchez queriendo o no respondi\u00f3 a la Presidenta Claudia Shienbaum en su repetida y reiterada pregunta: Pruebas\u2026Pruebas\u2026Queremos pruebas. En el argumento-defensa al Gobernador de Sinaloa con licencia Ruben Rocha Moya, del Senador que ridiculizo a todos, con un \u201cmini licencia\u201d Enrique Inzunza Cazarez, del Alcalde de Culiac\u00e1n con licencia Juan de Dios G\u00e1mez y coacusados.<br \/>\n<\/span><\/p>\n<p><img loading=\"lazy\" decoding=\"async\" class=\"alignnone size-full wp-image-226548 td-animation-stack-type0-2\" src=\"https:\/\/sinaloaenlinea.com\/wp-content\/uploads\/2026\/06\/IMG_2143.jpeg\" sizes=\"auto, (max-width: 400px) 100vw, 400px\" srcset=\"https:\/\/sinaloaenlinea.com\/wp-content\/uploads\/2026\/06\/IMG_2143.jpeg 400w, https:\/\/sinaloaenlinea.com\/wp-content\/uploads\/2026\/06\/IMG_2143-300x169.jpeg 300w, https:\/\/sinaloaenlinea.com\/wp-content\/uploads\/2026\/06\/IMG_2143-150x84.jpeg 150w\" alt=\"\" width=\"400\" height=\"225\" \/><img loading=\"lazy\" decoding=\"async\" class=\"alignnone size-full wp-image-226548 td-animation-stack-type0-2\" src=\"https:\/\/sinaloaenlinea.com\/wp-content\/uploads\/2026\/06\/IMG_2143.jpeg\" sizes=\"auto, (max-width: 400px) 100vw, 400px\" srcset=\"https:\/\/sinaloaenlinea.com\/wp-content\/uploads\/2026\/06\/IMG_2143.jpeg 400w, https:\/\/sinaloaenlinea.com\/wp-content\/uploads\/2026\/06\/IMG_2143-300x169.jpeg 300w, https:\/\/sinaloaenlinea.com\/wp-content\/uploads\/2026\/06\/IMG_2143-150x84.jpeg 150w\" alt=\"\" width=\"400\" height=\"225\" \/><\/p>\n<p class=\"p2\"><span class=\"s1\">Pues ayer la jueza Polk dio a conocer que la evidencia contra M\u00e9rida S\u00e1nchez \u201ces abundante\u201d y en gran volumen acumulada por los fiscales. Pero la expresi\u00f3n no quedo solamente en eso. La jueza aseguro que \u201chay muchos acusados en este caso y est\u00e1n llenando en olas\u201d. Ante el cumulo de evidencias, la jueza fijo la fecha para la segunda audiencia para el 4 de agosto. Medios de comunicaci\u00f3n dieron a conocer la forma en que arribo a la sala el General M\u00e9rida S\u00e1nchez. Encadenado de pies y manos, como si se trata de un peligroso delincuente.<\/span><\/p>\n<p class=\"p2\"><span class=\"s1\"><em><strong>Se enga\u00f1an solos.<\/strong><\/em>\u00a0En Culiac\u00e1n la concentraci\u00f3n en la explanada de Palacio de Gobierno fue de cientos de miles. De eso nadie puede especular. Lo que, si es un hecho de que en su mayor\u00eda fueron trabajadores de las diferentes \u00e1reas del gobierno estatal y de las estructuras municipales, quienes fueron \u201cinvitados\u201d a viajar a la capital del estado para enviar el mensaje que, en Sinaloa, se apoya a la Presidenta. Muchos trabajadores fueron hasta amenazados para obligarlos a asistir al evento del domingo. A Morena deber\u00eda de servirle la experiencia del PRI que se gan\u00f3 por mucho tiempo el odio de los trabajadores porque eran precisamente como el domingo pasado, obligados a acudir a m\u00edtines y marchas, sacrificando su d\u00eda de descanso y el d\u00eda que le dedican a sus familias. Al PRI se la cobraron. A Morena veremos qu\u00e9 pasa.<\/span><\/p>\n<p class=\"p2\"><span class=\"s1\"><em><strong>Complicaciones a la vista.<\/strong><\/em>\u00a0A la Presidenta Sheinbaum le han \u201ccrecido los enanos\u201d y se le han agravado los conflictos por falta de soluciones r\u00e1pidas. Los maestros de la CNTE se lanzaron a realizar \u201cplantones\u201d en la Ciudad de M\u00e9xico. Y han anunciado huelga general y amenazado con boicotear el Mundial de futbol que arrancar\u00e1 en el pa\u00eds en 11 d\u00edas. Pero si eso no fuera delicado, productores agr\u00edcolas se dijeron cansados de esperar respuestas a sus demandas. El campo no espera. Los tiempos lo ahogan. Y adelantaron que se lanzar\u00e1n a la toma de casetas de peaje. Sheinbaum desde su ma\u00f1anera, les mando el mensaje a los de la CNTE de que sus demandas ser\u00e1n atendidas. Pero reconoci\u00f3 que hay algunas que por presupuesto no se pueden resolver. Pero otros s\u00ed. Se dijo confiar en la Secretaria de Gobernaci\u00f3n Rosa Icela Rodr\u00edguez y el titular de la SEP Mario Delgado, quienes conducen la mesa de negociaci\u00f3n con la CNTE. Pero anoche, los lideres magisteriales advirtieron que no se sentar\u00e1n con Rodr\u00edguez y tampoco con Delgado, quieren a Sheinbaum en la mesa. As\u00ed de delicadas las cosas.<\/span><\/p>\n<p class=\"p2\"><span class=\"s1\"><em><strong>Un mes y contando.<\/strong><\/em>\u00a0A un mes de que el Gobernador Ruben Rocha Moya solicito licencia al cargo, han comenzado a surgir voces de qu\u00e9 es lo que sigue. La solicitud de Rocha Moya fue por \u201c30 d\u00edas o m\u00e1s\u201d. El agregado de la palabra \u201cm\u00e1s\u201d, provoco que el procedimiento legal de las ausencias del Gobernador se brincada un paso. Es decir, en ausencias hasta por 30 d\u00edas, por ministerio de Ley le corresponder\u00eda al Secretario general de Gobierno asumir el cargo de Gobernador. Pero en este caso se brincaron este punto y se fueron directos a la intervenci\u00f3n del Congreso del Estado para que se nombrara un \u201cinterino\u201d. Ese fue el caso del nombramiento de Yeraldine Bonilla que se nombr\u00f3 como \u201cGobernadora interina\u201d. Pero tendr\u00e1 que llegar el momento para que se nombre un \u201cGobernador sustituto\u201d que ser\u00eda para terminar el sexenio que inicio Rocha Moya. Los tiempos corren. Y las decisiones est\u00e1n por conocerse.<\/span><\/p>\n<p class=\"p2\"><span class=\"s1\"><strong><em>Dia de la Marina.<\/em>\u00a0<\/strong>Como en todo el pa\u00eds, ayer se celebro el \u201cDia de la Marina\u201d. En Mazatl\u00e1n autoridades navales, civiles y militares se reunieron en \u201cLa Puntilla\u201d para conmemorar la fecha. Despu\u00e9s de la emotiva ceremonia, se abord\u00f3 una embarcaci\u00f3n para lanzar la ofrenda floral al mar en memoria de los marinos ca\u00eddos. Una celebraci\u00f3n que desde siempre tiene su toque de emotividad, sobre todo para aquellos que por diferentes razones y circunstancias han perdido un ser querido en el mar.<\/span><\/p>\n","protected":false},"excerpt":{"rendered":"<p>*Sheinbaum paso de la \u201ccabeza fr\u00eda\u201d al discurso incendiario enarbolando una defensa de la soberan\u00eda que en realidad oculta la defensa a ultranza de quienes han sido acusados de ser c\u00f3mplices de narcos *De la expresi\u00f3n de que \u201cno somos pi\u00f1ata de nadie\u201d, pasando por una \u201cintenci\u00f3n de injerencia extranjera\u201d y rematando con primero vienen por unos y vendr\u00e1n despu\u00e9s por m\u00e1s, mostro la ausencia de la estadista *Quien dio la sorpresa fue el Embajador de EEUU en M\u00e9xico Ronald Johnson con una respuesta sensata e inteligente *La jueza Katherine Polk que condujo la comparencia del General M\u00e9rida S\u00e1nchez adelanto [&hellip;]<\/p>\n","protected":false},"author":3,"featured_media":92500,"comment_status":"open","ping_status":"open","sticky":false,"template":"","format":"standard","meta":{"_jetpack_newsletter_access":"","_jetpack_dont_email_post_to_subs":false,"_jetpack_newsletter_tier_id":0,"_jetpack_memberships_contains_paywalled_content":false,"_jetpack_feature_clip_id":0,"_jetpack_memberships_contains_paid_content":false,"footnotes":"","jetpack_publicize_message":"","jetpack_publicize_feature_enabled":true,"jetpack_social_post_already_shared":true,"jetpack_social_options":{"image_generator_settings":{"template":"highway","default_image_id":0,"font":"","enabled":false},"version":2},"jetpack_post_was_ever_published":false},"categories":[79],"tags":[],"class_list":["post-147513","post","type-post","status-publish","format-standard","has-post-thumbnail","hentry","category-columnistas-nacionales","post--single"],"jetpack_publicize_connections":[],"jetpack_featured_media_url":"https:\/\/ovelanalista.com\/wp-content\/uploads\/2024\/03\/Fernando-Zepeda-Hurtado-300x150-1.png","jetpack_sharing_enabled":true,"_links":{"self":[{"href":"https:\/\/ovelanalista.com\/index.php?rest_route=\/wp\/v2\/posts\/147513","targetHints":{"allow":["GET"]}}],"collection":[{"href":"https:\/\/ovelanalista.com\/index.php?rest_route=\/wp\/v2\/posts"}],"about":[{"href":"https:\/\/ovelanalista.com\/index.php?rest_route=\/wp\/v2\/types\/post"}],"author":[{"embeddable":true,"href":"https:\/\/ovelanalista.com\/index.php?rest_route=\/wp\/v2\/users\/3"}],"replies":[{"embeddable":true,"href":"https:\/\/ovelanalista.com\/index.php?rest_route=%2Fwp%2Fv2%2Fcomments&post=147513"}],"version-history":[{"count":1,"href":"https:\/\/ovelanalista.com\/index.php?rest_route=\/wp\/v2\/posts\/147513\/revisions"}],"predecessor-version":[{"id":147517,"href":"https:\/\/ovelanalista.com\/index.php?rest_route=\/wp\/v2\/posts\/147513\/revisions\/147517"}],"wp:featuredmedia":[{"embeddable":true,"href":"https:\/\/ovelanalista.com\/index.php?rest_route=\/wp\/v2\/media\/92500"}],"wp:attachment":[{"href":"https:\/\/ovelanalista.com\/index.php?rest_route=%2Fwp%2Fv2%2Fmedia&parent=147513"}],"wp:term":[{"taxonomy":"category","embeddable":true,"href":"https:\/\/ovelanalista.com\/index.php?rest_route=%2Fwp%2Fv2%2Fcategories&post=147513"},{"taxonomy":"post_tag","embeddable":true,"href":"https:\/\/ovelanalista.com\/index.php?rest_route=%2Fwp%2Fv2%2Ftags&post=147513"}],"curies":[{"name":"wp","href":"https:\/\/api.w.org\/{rel}","templated":true}]}}