{"id":147515,"date":"2026-06-02T09:31:10","date_gmt":"2026-06-02T16:31:10","guid":{"rendered":"https:\/\/ovelanalista.com\/?p=147515"},"modified":"2026-06-02T09:31:10","modified_gmt":"2026-06-02T16:31:10","slug":"se-alista-enrique-diaz-vega-y-familia-en-eu-para-enfrentar-acusacion-en-caso-rocha-moya","status":"publish","type":"post","link":"https:\/\/ovelanalista.com\/?p=147515","title":{"rendered":"SE ALISTA ENRIQUE D\u00cdAZ VEGA Y FAMILIA EN EU PARA ENFRENTAR ACUSACI\u00d3N EN CASO ROCHA MOYA"},"content":{"rendered":"<p class=\"wp-block-paragraph\">Sus hijos y esposa, ya se encuentran en territorio estadounidense bajo cuidado de su equipo legal.<\/p>\n<p class=\"wp-block-paragraph\"><strong>Por V\u00edctor Hugo Arteaga<\/strong><\/p>\n<p class=\"wp-block-paragraph\">CIUDAD DE M\u00c9XICO, junio 1 (XPFM).-El ex secretario de administraci\u00f3n y finanzas del gobierno de Sinaloa,\u00a0<strong>Enrique D\u00edaz Vega<\/strong>, alista su defensa en territorio estadounidense, donde tambi\u00e9n ya se encuentra su familia bajo protecci\u00f3n y vigilancia de las autoridades de ese pa\u00eds.<\/p>\n<p class=\"wp-block-paragraph\">Fuentes de alto nivel y dignas de total credibilidad confiaron a\u00a0<strong>XPECTRO FM<\/strong>\u00a0que los hijos de D\u00edaz Vega que estudian en Irlanda, Jalisco y Sinaloa, as\u00ed como su esposa Berenice, quien se encontraba de viaje en Europa en viaje de turismo, est\u00e1n en los Estados Unidos desde la semana anterior.<\/p>\n<p class=\"wp-block-paragraph\"><strong>Las mismas fuentes confirmaron que D\u00edaz Vega fue el primero de los diez acusados en contactar a las autoridades de los Estados Unidos desde Irlanda<\/strong>, donde se encontraba con dos de sus hijos, para aclarar su situaci\u00f3n legal en la acusaci\u00f3n contra el gobernador de Sinaloa Rub\u00e9n Rocha Moya.<\/p>\n<p class=\"wp-block-paragraph\">Por ello D\u00edaz Vega mantiene un trato especial en el caso y su equipo de abogados ya alista el acuerdo con el fiscal encargado del caso Jay Clayton y que en los pr\u00f3ximos d\u00edas podr\u00eda comparecer ante el tribunal del Distrito Sur de Nueva York.<\/p>\n<p class=\"wp-block-paragraph\">Podr\u00eda interesarte:\u00a0<a href=\"https:\/\/xpectrofm.com\/comparece-gerardo-merida-este-lunes-en-corte-de-ny\/\">Comparece Gerardo M\u00e9rida este lunes en Corte de NY<\/a><\/p>\n<figure class=\"wp-block-image size-large\"><img loading=\"lazy\" decoding=\"async\" class=\"wp-image-67891 td-animation-stack-type0-2\" src=\"https:\/\/xpectrofm.com\/wp-content\/uploads\/2026\/05\/INFOGRAFIA2-DIAZ-VEGA-1024x683.jpg\" sizes=\"auto, (max-width: 1024px) 100vw, 1024px\" srcset=\"https:\/\/xpectrofm.com\/wp-content\/uploads\/2026\/05\/INFOGRAFIA2-DIAZ-VEGA-1024x683.jpg 1024w, https:\/\/xpectrofm.com\/wp-content\/uploads\/2026\/05\/INFOGRAFIA2-DIAZ-VEGA-300x200.jpg 300w, https:\/\/xpectrofm.com\/wp-content\/uploads\/2026\/05\/INFOGRAFIA2-DIAZ-VEGA-768x512.jpg 768w, https:\/\/xpectrofm.com\/wp-content\/uploads\/2026\/05\/INFOGRAFIA2-DIAZ-VEGA-150x100.jpg 150w, https:\/\/xpectrofm.com\/wp-content\/uploads\/2026\/05\/INFOGRAFIA2-DIAZ-VEGA-600x400.jpg 600w, https:\/\/xpectrofm.com\/wp-content\/uploads\/2026\/05\/INFOGRAFIA2-DIAZ-VEGA-696x464.jpg 696w, https:\/\/xpectrofm.com\/wp-content\/uploads\/2026\/05\/INFOGRAFIA2-DIAZ-VEGA-1068x712.jpg 1068w, https:\/\/xpectrofm.com\/wp-content\/uploads\/2026\/05\/INFOGRAFIA2-DIAZ-VEGA.jpg 1300w\" alt=\"\" width=\"1024\" height=\"683\" \/><\/figure>\n<p class=\"wp-block-paragraph\">Enrique D\u00edaz Vega es una pieza fundamental en el caso contra Rub\u00e9n Rocha Moya, al conocer los movimientos y desv\u00edos desde la administraci\u00f3n de recursos financieros en Sinaloa a decenas de empresas suyas y de sus socios en empresas, los hijos del mandatario estatal.<\/p>\n<p class=\"wp-block-paragraph\">El ex funcionario sinaloense conoce el andamiaje financiero que Rub\u00e9n Rocha Moya y sus hijos sosten\u00edan con empresas relacionadas con el C\u00e1rtel de Sinaloa, a quien se otorgaron distintos contratos de obra p\u00fablica y provedur\u00eda de servicios del a\u00f1o 2021 al 2024.<\/p>\n<p class=\"wp-block-paragraph\">D\u00edaz Vega adem\u00e1s fue el principal aportante de dinero en la campa\u00f1a de Rocha Moya entre los empresarios sinaloenses, raz\u00f3n por la que fue nombrado secretario de administraci\u00f3n y finanzas a la llegada de Rocha Moya al poder.<\/p>\n<p class=\"wp-block-paragraph\"><strong>Acusaciones contra D\u00edaz Vega<\/strong><\/p>\n<p class=\"wp-block-paragraph\">El ex hombre fuerte de las finanzas del gobierno de Rocha Moya es acusado por los estados Unidos de los presuntos delitos de\u00a0<em>conspiraci\u00f3n para la importaci\u00f3n de narc\u00f3ticos; posesi\u00f3n de ametralladoras y artefactos explosivos.<\/em><\/p>\n<p class=\"wp-block-paragraph\">Adem\u00e1s por<em>\u00a0conspiraci\u00f3n para poseer ametralladoras y dispositivos destructivos; secuestros con resultado de muerte y conspiraci\u00f3n para cometer secuestro con resultado de muerte.<\/em><\/p>\n<p class=\"wp-block-paragraph\">El tambi\u00e9n empresario del ramo de la construcci\u00f3n,\u00a0<strong>es se\u00f1alado por las autoridades estadounidenses de ser quien dio los nombres y las direcciones de candidatos y operadores rivales de Morena al C\u00e1rtel de Sinaloa<\/strong>, en la contienda electoral de Sinaloa en el 2021, para intimidarlos, secuestrarlos y agredirlos.<\/p>\n<figure class=\"wp-block-image size-large\"><img loading=\"lazy\" decoding=\"async\" class=\"wp-image-67892 td-animation-stack-type0-2\" src=\"https:\/\/xpectrofm.com\/wp-content\/uploads\/2026\/05\/INFOGRAFIA3-DIAZ-VEAGA-1024x683.jpg\" sizes=\"auto, (max-width: 1024px) 100vw, 1024px\" srcset=\"https:\/\/xpectrofm.com\/wp-content\/uploads\/2026\/05\/INFOGRAFIA3-DIAZ-VEAGA-1024x683.jpg 1024w, https:\/\/xpectrofm.com\/wp-content\/uploads\/2026\/05\/INFOGRAFIA3-DIAZ-VEAGA-300x200.jpg 300w, https:\/\/xpectrofm.com\/wp-content\/uploads\/2026\/05\/INFOGRAFIA3-DIAZ-VEAGA-768x512.jpg 768w, https:\/\/xpectrofm.com\/wp-content\/uploads\/2026\/05\/INFOGRAFIA3-DIAZ-VEAGA-150x100.jpg 150w, https:\/\/xpectrofm.com\/wp-content\/uploads\/2026\/05\/INFOGRAFIA3-DIAZ-VEAGA-600x400.jpg 600w, https:\/\/xpectrofm.com\/wp-content\/uploads\/2026\/05\/INFOGRAFIA3-DIAZ-VEAGA-696x464.jpg 696w, https:\/\/xpectrofm.com\/wp-content\/uploads\/2026\/05\/INFOGRAFIA3-DIAZ-VEAGA-1068x712.jpg 1068w, https:\/\/xpectrofm.com\/wp-content\/uploads\/2026\/05\/INFOGRAFIA3-DIAZ-VEAGA.jpg 1300w\" alt=\"\" width=\"1024\" height=\"683\" \/><\/figure>\n<p class=\"wp-block-paragraph\">Hoy se sabe que previo a la jornada electoral del 2021, comandos de \u201cLos Chapitos\u201d y el C\u00e1rtel de Sinaloa, privaron de la libertad a candidatos, operadores y funcionarios de los partidos opositores para impedir que trabajaran los d\u00edas previo y durante la jornada electoral, ayudando a que Rocha Moya ganara la elecci\u00f3n.<\/p>\n<p class=\"wp-block-paragraph\">Durante la jornada electoral de junio del 2021, fueron robadas, quemadas y destruidas urnas electorales por comandos armados, sobre todo en las regiones en las que PRI y PAN ten\u00edan ventaja.<\/p>\n<p class=\"wp-block-paragraph\"><strong>Denuncia de la Fiscal\u00eda de NY se basa en diversas investigaciones<\/strong><\/p>\n<p class=\"wp-block-paragraph\">El fiscal del Distrito Sur de Nueva York,\u00a0<strong>Jay Clayton<\/strong>, destac\u00f3 que la denuncia realizada contra Rocha Moya, Inzunza C\u00e1zarez, Gerardo M\u00e9rida y Enrique D\u00edaz Vega se da gracias a las investigaciones de m\u00faltiples organismos de justicia estadounidenses.<\/p>\n<p class=\"wp-block-paragraph\">Clayton destac\u00f3 que la denuncia contra Rocha Moya y \u201csu gente\u201d se da gracias a las investigaciones bilaterales en las oficinas de la<strong>\u00a0DEA<\/strong>\u00a0en M\u00e9xico y Phoenix; la Oficina de Asuntos Internacionales de la Divisi\u00f3n Penal del Departamento de Justicia.<\/p>\n<figure class=\"wp-block-image size-large is-resized\"><img loading=\"lazy\" decoding=\"async\" class=\"wp-image-67893 td-animation-stack-type0-2\" src=\"https:\/\/xpectrofm.com\/wp-content\/uploads\/2026\/05\/JAY-CLAYTON-1024x576.jpg\" sizes=\"auto, (max-width: 1024px) 100vw, 1024px\" srcset=\"https:\/\/xpectrofm.com\/wp-content\/uploads\/2026\/05\/JAY-CLAYTON-1024x576.jpg 1024w, https:\/\/xpectrofm.com\/wp-content\/uploads\/2026\/05\/JAY-CLAYTON-300x169.jpg 300w, https:\/\/xpectrofm.com\/wp-content\/uploads\/2026\/05\/JAY-CLAYTON-768x432.jpg 768w, https:\/\/xpectrofm.com\/wp-content\/uploads\/2026\/05\/JAY-CLAYTON-150x84.jpg 150w, https:\/\/xpectrofm.com\/wp-content\/uploads\/2026\/05\/JAY-CLAYTON-600x338.jpg 600w, https:\/\/xpectrofm.com\/wp-content\/uploads\/2026\/05\/JAY-CLAYTON-696x392.jpg 696w, https:\/\/xpectrofm.com\/wp-content\/uploads\/2026\/05\/JAY-CLAYTON-1068x601.jpg 1068w, https:\/\/xpectrofm.com\/wp-content\/uploads\/2026\/05\/JAY-CLAYTON.jpg 1280w\" alt=\"\" width=\"1024\" height=\"576\" \/><\/figure>\n<p class=\"wp-block-paragraph\"><strong><em>Imagen: Jay Clayton, fiscal del Distrito Sur de Nueva York.<\/em><\/strong><\/p>\n<p class=\"wp-block-paragraph\">El fiscal neoyorkino tambi\u00e9n agradeci\u00f3 al Gobierno de M\u00e9xico por participar en la investigaci\u00f3n; las fiscal\u00edas de los Estados Unidos en Illinoins y la del Distrito Sur de California, adem\u00e1s de la Secci\u00f3n de Lavado de Dinero, Narc\u00f3ticos y Decomisos del Departamento de Justicia.<\/p>\n<p class=\"wp-block-paragraph\">Como \u00faltimo le agradeci\u00f3 al Grupo de Trabajo de Seguridad Nacional, que es un sector intergubernamental dedicado eliminar c\u00e1rteles criminales, bandas extranjeras y organizaciones criminales internacionales.<\/p>\n<p class=\"wp-block-paragraph\"><strong>La acusaci\u00f3n del caso Rocha Moya est\u00e1 a cargo de la Unidad de Seguridad Nacional y Narc\u00f3ticos Internacionales de la Fiscal\u00eda.<\/strong><\/p>\n<p class=\"wp-block-paragraph\">Con esto el fiscal Clayton deja en claro que la denuncia contra Rocha Moya y su grupo fue en base a una serie de investigaciones bien estructuradas y ejecutadas por diversas fiscal\u00edas, unidades de investigaci\u00f3n gubernamentales y agencias de seguridad nacional y no s\u00f3lo por \u201cuna oficina del Departamento de Justicia de Nueva York\u201d, como en su momento lo minimiz\u00f3 la Presidente de M\u00e9xico, Claudia Sheinbaum.<\/p>\n<p>&nbsp;<\/p>\n<p>Con informaci\u00f3n de xpectrofm<\/p>\n","protected":false},"excerpt":{"rendered":"<p>Sus hijos y esposa, ya se encuentran en territorio estadounidense bajo cuidado de su equipo legal. Por V\u00edctor Hugo Arteaga CIUDAD DE M\u00c9XICO, junio 1 (XPFM).-El ex secretario de administraci\u00f3n y finanzas del gobierno de Sinaloa,\u00a0Enrique D\u00edaz Vega, alista su defensa en territorio estadounidense, donde tambi\u00e9n ya se encuentra su familia bajo protecci\u00f3n y vigilancia de las autoridades de ese pa\u00eds. Fuentes de alto nivel y dignas de total credibilidad confiaron a\u00a0XPECTRO FM\u00a0que los hijos de D\u00edaz Vega que estudian en Irlanda, Jalisco y Sinaloa, as\u00ed como su esposa Berenice, quien se encontraba de viaje en Europa en viaje de [&hellip;]<\/p>\n","protected":false},"author":3,"featured_media":147518,"comment_status":"open","ping_status":"open","sticky":false,"template":"","format":"standard","meta":{"_jetpack_newsletter_access":"","_jetpack_dont_email_post_to_subs":false,"_jetpack_newsletter_tier_id":0,"_jetpack_memberships_contains_paywalled_content":false,"_jetpack_feature_clip_id":0,"_jetpack_memberships_contains_paid_content":false,"footnotes":"","jetpack_publicize_message":"","jetpack_publicize_feature_enabled":true,"jetpack_social_post_already_shared":true,"jetpack_social_options":{"image_generator_settings":{"template":"highway","default_image_id":0,"font":"","enabled":false},"version":2},"jetpack_post_was_ever_published":false},"categories":[90,72],"tags":[],"class_list":["post-147515","post","type-post","status-publish","format-standard","has-post-thumbnail","hentry","category-estatal","category-portada","post--single"],"jetpack_publicize_connections":[],"jetpack_featured_media_url":"https:\/\/ovelanalista.com\/wp-content\/uploads\/2026\/06\/INFOGRAFIA-DIAZ-VEGA.jpg","jetpack_sharing_enabled":true,"_links":{"self":[{"href":"https:\/\/ovelanalista.com\/index.php?rest_route=\/wp\/v2\/posts\/147515","targetHints":{"allow":["GET"]}}],"collection":[{"href":"https:\/\/ovelanalista.com\/index.php?rest_route=\/wp\/v2\/posts"}],"about":[{"href":"https:\/\/ovelanalista.com\/index.php?rest_route=\/wp\/v2\/types\/post"}],"author":[{"embeddable":true,"href":"https:\/\/ovelanalista.com\/index.php?rest_route=\/wp\/v2\/users\/3"}],"replies":[{"embeddable":true,"href":"https:\/\/ovelanalista.com\/index.php?rest_route=%2Fwp%2Fv2%2Fcomments&post=147515"}],"version-history":[{"count":1,"href":"https:\/\/ovelanalista.com\/index.php?rest_route=\/wp\/v2\/posts\/147515\/revisions"}],"predecessor-version":[{"id":147519,"href":"https:\/\/ovelanalista.com\/index.php?rest_route=\/wp\/v2\/posts\/147515\/revisions\/147519"}],"wp:featuredmedia":[{"embeddable":true,"href":"https:\/\/ovelanalista.com\/index.php?rest_route=\/wp\/v2\/media\/147518"}],"wp:attachment":[{"href":"https:\/\/ovelanalista.com\/index.php?rest_route=%2Fwp%2Fv2%2Fmedia&parent=147515"}],"wp:term":[{"taxonomy":"category","embeddable":true,"href":"https:\/\/ovelanalista.com\/index.php?rest_route=%2Fwp%2Fv2%2Fcategories&post=147515"},{"taxonomy":"post_tag","embeddable":true,"href":"https:\/\/ovelanalista.com\/index.php?rest_route=%2Fwp%2Fv2%2Ftags&post=147515"}],"curies":[{"name":"wp","href":"https:\/\/api.w.org\/{rel}","templated":true}]}}