{"id":147520,"date":"2026-06-02T13:30:25","date_gmt":"2026-06-02T20:30:25","guid":{"rendered":"https:\/\/ovelanalista.com\/?p=147520"},"modified":"2026-06-02T13:06:14","modified_gmt":"2026-06-02T20:06:14","slug":"bloqueos-de-la-cnte-impiden-reunion-de-sheinbaum-con-vicepresidente-primero-del-gobierno-espanol","status":"publish","type":"post","link":"https:\/\/ovelanalista.com\/?p=147520","title":{"rendered":"Bloqueos de la CNTE impiden reuni\u00f3n de Sheinbaum con vicepresidente primero del Gobierno espa\u00f1ol"},"content":{"rendered":"<p>El vicepresidente primero del Gobierno espa\u00f1ol, Carlos Cuerpo, no pudo asistir a Palacio Nacional por los bloqueos de la CNTE.<\/p>\n<p>La presidenta\u00a0<strong>Claudia Sheinbaum<\/strong>\u00a0se reuni\u00f3 este martes de\u00a0<strong>modo virtual<\/strong>\u00a0con el\u00a0<strong>vicepresidente primero<\/strong>\u00a0del\u00a0<strong>Gobierno espa\u00f1ol<\/strong>, Carlos Cuerpo, desde la sede de la Secretar\u00eda de Econom\u00eda, ya que las\u00a0<strong>protestas<\/strong>\u00a0en el centro de Ciudad de M\u00e9xico\u00a0<strong>impidieron<\/strong>\u00a0el\u00a0<strong>desplazamiento<\/strong>\u00a0de la\u00a0<strong>delegaci\u00f3n espa\u00f1ola<\/strong>\u00a0hasta Palacio Nacional, informaron a EFE fuentes espa\u00f1olas.<\/p>\n<p>Cuerpo, que se encuentra en M\u00e9xico de visita oficial, ten\u00eda previsto verse con Sheinbaum en Palacio Nacional junto a una delegaci\u00f3n de\u00a0<strong>empresarios<\/strong>\u00a0<strong>espa\u00f1oles<\/strong>, pero el centro hist\u00f3rico de la capital mexicana se encuentra bloqueado por la\u00a0<strong>manifestaciones<\/strong>\u00a0de la\u00a0<strong>CNTE<\/strong>\u00a0que demanda mejoras laborales.<\/p>\n<p>https:\/\/x.com\/carlos_cuerpo\/status\/2061863992604172648?ref_src=twsrc%5Etfw%7Ctwcamp%5Etweetembed%7Ctwterm%5E2061863992604172648%7Ctwgr%5Edf85d48b09c822934747eb313b94416369eae389%7Ctwcon%5Es1_c10&#038;ref_url=https%3A%2F%2Flopezdoriga.com%2Fnacional%2Fbloqueos-cnte-impiden-reunion-sheinbaum-vicepresidente-primero-gobierno-espanol%2F<\/p>\n<p>El vicepresidente espa\u00f1ol se encontraba acompa\u00f1ado por altos cargos mexicanos como el secretario de Econom\u00eda, Marcelo Ebrard; el secretario de Relaciones Exteriores, Roberto Velasco; y el secretario de Hacienda, \u00c9dgar Amador Zamora, seg\u00fan indicaron esas fuentes.<\/p>\n<p>A primera hora, Cuerpo inaugur\u00f3 junto a Ebrard el\u00a0<strong>Encuentro Empresarial Espa\u00f1a-M\u00e9xico<\/strong>, en la remarc\u00f3 los estrechos lazos econ\u00f3micos entre ambas partes y defendieron una relaci\u00f3n \u201cambiciosa\u201d y \u201cde largo plazo entre dos socios estrat\u00e9gicos\u201d.<\/p>\n<div id=\"ros-inread-multiple-7glcov\" class=\"ad-container dfp-ad-unit ad-inread ad-slot\" data-ad-type=\"inreadbox\" data-slot=\"inread-multiple\" data-ad-loaded=\"1\" data-ad-setup=\"{&quot;postID&quot;:1789462,&quot;canRefresh&quot;:false,&quot;infinitescroll&quot;:false}\" data-google-query-id=\"COiwpqWt6ZQDFSQQRAgd-T84zA\"><\/div>\n<div data-ad-type=\"inreadbox\" data-slot=\"inread-multiple\" data-ad-loaded=\"1\" data-ad-setup=\"{&quot;postID&quot;:1789462,&quot;canRefresh&quot;:false,&quot;infinitescroll&quot;:false}\" data-google-query-id=\"COiwpqWt6ZQDFSQQRAgd-T84zA\">\n<p>\u201cQueremos seguir aumentando esa inversi\u00f3n bilateral y tambi\u00e9n el comercio entre nuestros pa\u00edses\u201d, afirm\u00f3 Cuerpo en declaraciones a medios tras el acto de apertura.<\/p>\n<p><strong>M\u00e9xico<\/strong>\u00a0y\u00a0<strong>Espa\u00f1a<\/strong>\u00a0se comprometieron este martes a trabajar para\u00a0<strong>duplicar<\/strong>\u00a0el\u00a0<strong>comercio bilateral<\/strong>\u00a0hacia 2030 y<strong>\u00a0elevar la inversi\u00f3n<\/strong>\u00a0en al menos un 50 por ciento, en una nueva etapa de relaci\u00f3n econ\u00f3mica apoyada en el acuerdo modernizado entre M\u00e9xico y la Uni\u00f3n Europea (UE).<\/p>\n<p>La propuesta se da tras la firma del\u00a0<strong>acuerdo modernizado<\/strong>\u00a0entre M\u00e9xico y la\u00a0<strong>Uni\u00f3n<\/strong>\u00a0<strong>Europea<\/strong>, que ambos presentaron como el marco que dar\u00e1 reglas claras, previsibilidad y facilidades para la relaci\u00f3n econ\u00f3mica durante las pr\u00f3ximas d\u00e9cadas.<\/p>\n<p>\u201cS\u00ed, hay incertidumbres en el mundo, pero en la relaci\u00f3n entre la Uni\u00f3n Europea y espec\u00edficamente Espa\u00f1a con M\u00e9xico no la hay. Al contrario, ya est\u00e1 muy claro cu\u00e1les son las reglas, c\u00f3mo funcionan, cu\u00e1les son las facilidades que tenemos y ahora el reto es aprovechar esa oportunidad\u201d, expuso Ebrard.<\/p>\n<p>Ambos funcionarios mexicanos defendieron que la relaci\u00f3n vive un momento de fortalecimiento, tras la reciente visita a Espa\u00f1a de Sheinbaum, la primera de un mandatario mexicano desde 2018, y su reuni\u00f3n con el presidente del Gobierno espa\u00f1ol, Pedro S\u00e1nchez.<\/p>\n<p>Con informaci\u00f3n de EFE<\/p>\n<\/div>\n","protected":false},"excerpt":{"rendered":"<p>El vicepresidente primero del Gobierno espa\u00f1ol, Carlos Cuerpo, no pudo asistir a Palacio Nacional por los bloqueos de la CNTE. La presidenta\u00a0Claudia Sheinbaum\u00a0se reuni\u00f3 este martes de\u00a0modo virtual\u00a0con el\u00a0vicepresidente primero\u00a0del\u00a0Gobierno espa\u00f1ol, Carlos Cuerpo, desde la sede de la Secretar\u00eda de Econom\u00eda, ya que las\u00a0protestas\u00a0en el centro de Ciudad de M\u00e9xico\u00a0impidieron\u00a0el\u00a0desplazamiento\u00a0de la\u00a0delegaci\u00f3n espa\u00f1ola\u00a0hasta Palacio Nacional, informaron a EFE fuentes espa\u00f1olas. Cuerpo, que se encuentra en M\u00e9xico de visita oficial, ten\u00eda previsto verse con Sheinbaum en Palacio Nacional junto a una delegaci\u00f3n de\u00a0empresarios\u00a0espa\u00f1oles, pero el centro hist\u00f3rico de la capital mexicana se encuentra bloqueado por la\u00a0manifestaciones\u00a0de la\u00a0CNTE\u00a0que demanda mejoras laborales. https:\/\/x.com\/carlos_cuerpo\/status\/2061863992604172648?ref_src=twsrc%5Etfw%7Ctwcamp%5Etweetembed%7Ctwterm%5E2061863992604172648%7Ctwgr%5Edf85d48b09c822934747eb313b94416369eae389%7Ctwcon%5Es1_c10&#038;ref_url=https%3A%2F%2Flopezdoriga.com%2Fnacional%2Fbloqueos-cnte-impiden-reunion-sheinbaum-vicepresidente-primero-gobierno-espanol%2F El [&hellip;]<\/p>\n","protected":false},"author":3,"featured_media":147526,"comment_status":"open","ping_status":"open","sticky":false,"template":"","format":"standard","meta":{"_jetpack_newsletter_access":"","_jetpack_dont_email_post_to_subs":false,"_jetpack_newsletter_tier_id":0,"_jetpack_memberships_contains_paywalled_content":false,"_jetpack_feature_clip_id":0,"_jetpack_memberships_contains_paid_content":false,"footnotes":"","jetpack_publicize_message":"","jetpack_publicize_feature_enabled":true,"jetpack_social_post_already_shared":true,"jetpack_social_options":{"image_generator_settings":{"template":"highway","default_image_id":0,"font":"","enabled":false},"version":2},"jetpack_post_was_ever_published":false},"categories":[75],"tags":[],"class_list":["post-147520","post","type-post","status-publish","format-standard","has-post-thumbnail","hentry","category-nacional","post--single"],"jetpack_publicize_connections":[],"jetpack_featured_media_url":"https:\/\/ovelanalista.com\/wp-content\/uploads\/2026\/06\/presidenta-claudia-sheinbaum-y-el-vicepresidente-primero-del-gobierno-espanol-carlos-cuerpo.jpg","jetpack_sharing_enabled":true,"_links":{"self":[{"href":"https:\/\/ovelanalista.com\/index.php?rest_route=\/wp\/v2\/posts\/147520","targetHints":{"allow":["GET"]}}],"collection":[{"href":"https:\/\/ovelanalista.com\/index.php?rest_route=\/wp\/v2\/posts"}],"about":[{"href":"https:\/\/ovelanalista.com\/index.php?rest_route=\/wp\/v2\/types\/post"}],"author":[{"embeddable":true,"href":"https:\/\/ovelanalista.com\/index.php?rest_route=\/wp\/v2\/users\/3"}],"replies":[{"embeddable":true,"href":"https:\/\/ovelanalista.com\/index.php?rest_route=%2Fwp%2Fv2%2Fcomments&post=147520"}],"version-history":[{"count":1,"href":"https:\/\/ovelanalista.com\/index.php?rest_route=\/wp\/v2\/posts\/147520\/revisions"}],"predecessor-version":[{"id":147527,"href":"https:\/\/ovelanalista.com\/index.php?rest_route=\/wp\/v2\/posts\/147520\/revisions\/147527"}],"wp:featuredmedia":[{"embeddable":true,"href":"https:\/\/ovelanalista.com\/index.php?rest_route=\/wp\/v2\/media\/147526"}],"wp:attachment":[{"href":"https:\/\/ovelanalista.com\/index.php?rest_route=%2Fwp%2Fv2%2Fmedia&parent=147520"}],"wp:term":[{"taxonomy":"category","embeddable":true,"href":"https:\/\/ovelanalista.com\/index.php?rest_route=%2Fwp%2Fv2%2Fcategories&post=147520"},{"taxonomy":"post_tag","embeddable":true,"href":"https:\/\/ovelanalista.com\/index.php?rest_route=%2Fwp%2Fv2%2Ftags&post=147520"}],"curies":[{"name":"wp","href":"https:\/\/api.w.org\/{rel}","templated":true}]}}