{"id":147521,"date":"2026-06-02T14:00:45","date_gmt":"2026-06-02T21:00:45","guid":{"rendered":"https:\/\/ovelanalista.com\/?p=147521"},"modified":"2026-06-02T13:07:50","modified_gmt":"2026-06-02T20:07:50","slug":"video-secuestran-a-periodista-en-veracruz-la-sacaron-por-la-fuerza-de-su-casa","status":"publish","type":"post","link":"https:\/\/ovelanalista.com\/?p=147521","title":{"rendered":"Video: Secuestran a periodista en Veracruz; la sacaron por la fuerza de su casa"},"content":{"rendered":"<p>La Fiscal\u00eda de Veracruz abri\u00f3 una carpeta de investigaci\u00f3n e inici\u00f3 la b\u00fasqueda de la periodista Roxana Berenice Guzm\u00e1n Ram\u00edrez.<\/p>\n<p>La\u00a0<strong>periodista<\/strong>\u00a0<strong>Roxana Berenice Guzm\u00e1n Ram\u00edrez<\/strong>\u00a0fue\u00a0<strong>secuestrada<\/strong>\u00a0en\u00a0<strong>Veracruz<\/strong>.<\/p>\n<div class=\"twitter-tweet twitter-tweet-rendered\"><iframe id=\"twitter-widget-0\" class=\"\" title=\"X Post\" src=\"https:\/\/platform.twitter.com\/embed\/Tweet.html?creatorScreenName=lopezdoriga&amp;dnt=false&amp;embedId=twitter-widget-0&amp;features=eyJ0ZndfdGltZWxpbmVfbGlzdCI6eyJidWNrZXQiOltdLCJ2ZXJzaW9uIjpudWxsfSwidGZ3X2ZvbGxvd2VyX2NvdW50X3N1bnNldCI6eyJidWNrZXQiOnRydWUsInZlcnNpb24iOm51bGx9LCJ0ZndfdHdlZXRfZWRpdF9iYWNrZW5kIjp7ImJ1Y2tldCI6Im9uIiwidmVyc2lvbiI6bnVsbH0sInRmd19yZWZzcmNfc2Vzc2lvbiI6eyJidWNrZXQiOiJvbiIsInZlcnNpb24iOm51bGx9LCJ0ZndfZm9zbnJfc29mdF9pbnRlcnZlbnRpb25zX2VuYWJsZWQiOnsiYnVja2V0Ijoib24iLCJ2ZXJzaW9uIjpudWxsfSwidGZ3X21peGVkX21lZGlhXzE1ODk3Ijp7ImJ1Y2tldCI6InRyZWF0bWVudCIsInZlcnNpb24iOm51bGx9LCJ0ZndfZXhwZXJpbWVudHNfY29va2llX2V4cGlyYXRpb24iOnsiYnVja2V0IjoxMjA5NjAwLCJ2ZXJzaW9uIjpudWxsfSwidGZ3X3Nob3dfYmlyZHdhdGNoX3Bpdm90c19lbmFibGVkIjp7ImJ1Y2tldCI6Im9uIiwidmVyc2lvbiI6bnVsbH0sInRmd19kdXBsaWNhdGVfc2NyaWJlc190b19zZXR0aW5ncyI6eyJidWNrZXQiOiJvbiIsInZlcnNpb24iOm51bGx9LCJ0ZndfdXNlX3Byb2ZpbGVfaW1hZ2Vfc2hhcGVfZW5hYmxlZCI6eyJidWNrZXQiOiJvbiIsInZlcnNpb24iOm51bGx9LCJ0ZndfdmlkZW9faGxzX2R5bmFtaWNfbWFuaWZlc3RzXzE1MDgyIjp7ImJ1Y2tldCI6InRydWVfYml0cmF0ZSIsInZlcnNpb24iOm51bGx9LCJ0ZndfbGVnYWN5X3RpbWVsaW5lX3N1bnNldCI6eyJidWNrZXQiOnRydWUsInZlcnNpb24iOm51bGx9LCJ0ZndfdHdlZXRfZWRpdF9mcm9udGVuZCI6eyJidWNrZXQiOiJvbiIsInZlcnNpb24iOm51bGx9fQ%3D%3D&amp;frame=false&amp;hideCard=false&amp;hideThread=false&amp;id=2061869583070310841&amp;lang=es&amp;maxWidth=560px&amp;origin=https%3A%2F%2Flopezdoriga.com%2Fnacional%2Fvideo-secuestran-periodista-veracruz-la-sacaron-fuerza-su-casa%2F&amp;sessionId=07adeebd87a056d6c2c2cf55db5b2e600109fa94&amp;siteScreenName=lopezdoriga&amp;theme=light&amp;widgetsVersion=6a3ad42b224df%3A1778106238597&amp;width=550px\" frameborder=\"0\" scrolling=\"no\" allowfullscreen=\"allowfullscreen\" data-tweet-id=\"2061869583070310841\" data-mce-fragment=\"1\"><\/iframe><\/div>\n<p>&nbsp;<\/p>\n<div id=\"ros-inread-edvfws\" class=\"ad-container dfp-ad-unit ad-inread ad-main-inread ad-slot\" data-ad-type=\"inread\" data-slot=\"inread\" data-ad-loaded=\"1\" data-ad-setup=\"{&quot;postID&quot;:1789453,&quot;canRefresh&quot;:false,&quot;infinitescroll&quot;:false}\" data-google-query-id=\"CJWltdOt6ZQDFcLa_QUdyTsxQQ\"><\/div>\n<div data-ad-type=\"inread\" data-slot=\"inread\" data-ad-loaded=\"1\" data-ad-setup=\"{&quot;postID&quot;:1789453,&quot;canRefresh&quot;:false,&quot;infinitescroll&quot;:false}\" data-google-query-id=\"CJWltdOt6ZQDFcLa_QUdyTsxQQ\">\n<p>Los hechos se registraron la ma\u00f1ana de este 2 de junio en la\u00a0<strong>colonia Primera de Mayo<\/strong>\u00a0de\u00a0<strong>Nanchital<\/strong>.<\/p>\n<p>Un video de los hechos muestra el momento en el que dos sujetos con pasamonta\u00f1as llegan a la vivienda de la periodista.<\/p>\n<p>Uno de ellos golpea la puerta con un marro y rompe dos cristales, mientras que el otro apunta hacia dentro con un arma larga.<\/p>\n<blockquote><p>Hay una beb\u00e9, c\u00e1lmate\u201d, dice un hombre.<\/p><\/blockquote>\n<p>Cuando el primer sujeto logra vencer la parte baja de la puerta ingresan otros dos individuos armados, uno de los cuales ordena a la periodista y otro hombre que se encontraba dentro que se tiren al piso.<\/p>\n<p>Primeros informes se\u00f1alan que la\u00a0<strong>periodista Roxana Berenice Guzm\u00e1n<\/strong>\u00a0fue\u00a0<strong>llevada por la fuerza<\/strong>, sin que hasta el momento se conozca su paradero.<\/p>\n<p>La Fiscal\u00eda General del Estado (<strong>FGE<\/strong>) de\u00a0<strong>Veracruz<\/strong>\u00a0abri\u00f3 una carpeta de investigaci\u00f3n por privaci\u00f3n de la libertad ilegal y despleg\u00f3 autoridades para el hallazgo de la comunicadora.<\/p>\n<blockquote><p>Desde el momento que se tuvo conocimiento de los hechos, la trilog\u00eda investigadora integrada por fiscales, peritos y polic\u00edas ministeriales realizan actos de investigaci\u00f3n para esclarecer los hechos, localizar a la v\u00edctima y determinar la identidad de quien o quienes resulten responsables\u201d, expuso en un\u00a0<a href=\"https:\/\/www.facebook.com\/fgeveracruz\/posts\/pfbid06tjRSfmuUuvpQSbeQiNAKmH98PQy5b5dgSGQSqjVouSgJZwkbPjS4eWK8s8byZo9l?rdid=ILDX1lQqD21iNeQM#\" target=\"_blank\" rel=\"noopener noreferrer\">comunicado<\/a>.<\/p><\/blockquote>\n<p><strong>Roxana Berenice<\/strong>\u00a0es directora general del medio\u00a0<strong>Pulso Informativo del Sureste<\/strong>.<\/p>\n<\/div>\n<div class=\"ad-container dfp-ad-unit ad-inread ad-slot\" data-ad-type=\"inreadbox\" data-slot=\"inread-multiple\" data-ad-loaded=\"1\" data-ad-setup=\"{&quot;postID&quot;:1789453,&quot;canRefresh&quot;:false,&quot;infinitescroll&quot;:false}\" data-google-query-id=\"CKH9lNet6ZQDFVXXfwQdHhUzvQ\">Con informaci\u00f3n de L\u00f3pez-D\u00f3riga Digital<\/div>\n","protected":false},"excerpt":{"rendered":"<p>La Fiscal\u00eda de Veracruz abri\u00f3 una carpeta de investigaci\u00f3n e inici\u00f3 la b\u00fasqueda de la periodista Roxana Berenice Guzm\u00e1n Ram\u00edrez. La\u00a0periodista\u00a0Roxana Berenice Guzm\u00e1n Ram\u00edrez\u00a0fue\u00a0secuestrada\u00a0en\u00a0Veracruz. &nbsp; Los hechos se registraron la ma\u00f1ana de este 2 de junio en la\u00a0colonia Primera de Mayo\u00a0de\u00a0Nanchital. Un video de los hechos muestra el momento en el que dos sujetos con pasamonta\u00f1as llegan a la vivienda de la periodista. Uno de ellos golpea la puerta con un marro y rompe dos cristales, mientras que el otro apunta hacia dentro con un arma larga. Hay una beb\u00e9, c\u00e1lmate\u201d, dice un hombre. Cuando el primer sujeto logra vencer [&hellip;]<\/p>\n","protected":false},"author":3,"featured_media":147528,"comment_status":"open","ping_status":"open","sticky":false,"template":"","format":"standard","meta":{"_jetpack_newsletter_access":"","_jetpack_dont_email_post_to_subs":false,"_jetpack_newsletter_tier_id":0,"_jetpack_memberships_contains_paywalled_content":false,"_jetpack_feature_clip_id":0,"_jetpack_memberships_contains_paid_content":false,"footnotes":"","jetpack_publicize_message":"","jetpack_publicize_feature_enabled":true,"jetpack_social_post_already_shared":true,"jetpack_social_options":{"image_generator_settings":{"template":"highway","default_image_id":0,"font":"","enabled":false},"version":2},"jetpack_post_was_ever_published":false},"categories":[75],"tags":[],"class_list":["post-147521","post","type-post","status-publish","format-standard","has-post-thumbnail","hentry","category-nacional","post--single"],"jetpack_publicize_connections":[],"jetpack_featured_media_url":"https:\/\/ovelanalista.com\/wp-content\/uploads\/2026\/06\/secuestro-de-la-periodista-roxana-berenice-guzman-en-veracruz.jpg","jetpack_sharing_enabled":true,"_links":{"self":[{"href":"https:\/\/ovelanalista.com\/index.php?rest_route=\/wp\/v2\/posts\/147521","targetHints":{"allow":["GET"]}}],"collection":[{"href":"https:\/\/ovelanalista.com\/index.php?rest_route=\/wp\/v2\/posts"}],"about":[{"href":"https:\/\/ovelanalista.com\/index.php?rest_route=\/wp\/v2\/types\/post"}],"author":[{"embeddable":true,"href":"https:\/\/ovelanalista.com\/index.php?rest_route=\/wp\/v2\/users\/3"}],"replies":[{"embeddable":true,"href":"https:\/\/ovelanalista.com\/index.php?rest_route=%2Fwp%2Fv2%2Fcomments&post=147521"}],"version-history":[{"count":1,"href":"https:\/\/ovelanalista.com\/index.php?rest_route=\/wp\/v2\/posts\/147521\/revisions"}],"predecessor-version":[{"id":147529,"href":"https:\/\/ovelanalista.com\/index.php?rest_route=\/wp\/v2\/posts\/147521\/revisions\/147529"}],"wp:featuredmedia":[{"embeddable":true,"href":"https:\/\/ovelanalista.com\/index.php?rest_route=\/wp\/v2\/media\/147528"}],"wp:attachment":[{"href":"https:\/\/ovelanalista.com\/index.php?rest_route=%2Fwp%2Fv2%2Fmedia&parent=147521"}],"wp:term":[{"taxonomy":"category","embeddable":true,"href":"https:\/\/ovelanalista.com\/index.php?rest_route=%2Fwp%2Fv2%2Fcategories&post=147521"},{"taxonomy":"post_tag","embeddable":true,"href":"https:\/\/ovelanalista.com\/index.php?rest_route=%2Fwp%2Fv2%2Ftags&post=147521"}],"curies":[{"name":"wp","href":"https:\/\/api.w.org\/{rel}","templated":true}]}}