{"id":147549,"date":"2026-06-03T10:00:31","date_gmt":"2026-06-03T17:00:31","guid":{"rendered":"https:\/\/ovelanalista.com\/?p=147549"},"modified":"2026-06-03T08:55:01","modified_gmt":"2026-06-03T15:55:01","slug":"exigen-cancelar-proyecto-de-planta-de-amoniaco-en-topolobampo-sinaloa","status":"publish","type":"post","link":"https:\/\/ovelanalista.com\/?p=147549","title":{"rendered":"Exigen cancelar proyecto de planta de amoniaco en Topolobampo, Sinaloa"},"content":{"rendered":"<p class=\"subheadline\"><strong>Aseguran que el arribo de equipos industriales a la zona concluy\u00f3 en fallas en el suministro el\u00e9ctrico.<\/strong><\/p>\n<div class=\"img_author\"><\/div>\n<div class=\"text_author\"><strong>Por <span class=\"name_author\"><a href=\"https:\/\/vanguardia.com.mx\/autor\/-\/meta\/karla-velazquez\" data-mrf-link=\"https:\/\/vanguardia.com.mx\/autor\/-\/meta\/karla-velazquez\">Karla Vel\u00e1zquez<\/a><\/span><\/strong><\/div>\n<div><\/div>\n<div>\n<p class=\"p_0\" data-mrf-recirculation=\"Links p\u00e1rrafos\">La llegada de estructuras destinadas a la planta de amoniaco de Gas y Petroqu\u00edmica de Occidente (GPO), junto con los cortes de energ\u00eda el\u00e9ctrica y la presunta falta de informaci\u00f3n sobre las maniobras realizadas en la zona de Topolobampo y la Bah\u00eda de Ohuira, en Ahome,\u00a0<a href=\"https:\/\/vanguardia.com.mx\/localizaciones\/-\/meta\/sinaloa\" data-mrf-link=\"https:\/\/vanguardia.com.mx\/localizaciones\/-\/meta\/sinaloa\">Sinaloa<\/a>, ha provocado la exigencia de cancelar otro megaproyecto que amenaza al medio ambiente y la seguridad de los mexicanos y mexicanas.<\/p>\n<p class=\"p_1\" data-mrf-recirculation=\"Links p\u00e1rrafos\">La denuncia ciudadana, a la que tambi\u00e9n se han sumado influencers y usuarios de redes sociales, se opone a la construcci\u00f3n de la planta de amoniaco por la GPO, filia de la empresa suizo-alemana Proman AG, responsable del proyecto estructural.<\/p>\n<p data-mrf-recirculation=\"Links p\u00e1rrafos\">El pasado 26 de mayo, la comunidad denunci\u00f3 el arribo de la infraestructura para la planta, la situaci\u00f3n gener\u00f3 inconformidad entre la poblaci\u00f3n que se mantiene en oposici\u00f3n al proyecto; se\u00f1alan la falta de informaci\u00f3n por parte de autoridades y la empresa respecto a las maniobras.<\/p>\n<p class=\"p_3\" data-mrf-recirculation=\"Links p\u00e1rrafos\"><b>LLEGADA DE ESTRUCTURAS Y CORTES DE ENERG\u00cdA EL\u00c9CTRICA<\/b><\/p>\n<p class=\"p_4\" data-mrf-recirculation=\"Links p\u00e1rrafos\">La comunidad report\u00f3 que la llega de la infraestructura estar\u00eda vinculado a apagones entre el viernes 29 y el domingo 31 con el traslado de las estructuras.<\/p>\n<p class=\"p_5\" data-mrf-recirculation=\"Links p\u00e1rrafos\">Seg\u00fan reportes de medios, los cortes de energ\u00eda el\u00e9ctrica informados por la Comisi\u00f3n Federal de Electricidad (CFE) ten\u00eda el objetivo de realizar diversos trabajos de mejoramiento a la infraestructura.<\/p>\n<div class=\"fb-post\" data-href=\"https:\/\/www.facebook.com\/permalink.php?story_fbid=122184161294920982&#038;id=61577629483532&#038;ref=embed_post\" data-width=\"552\" style=\"background-color: #fff; display: inline-block;\"><\/div>\n<p class=\"p_6\" data-mrf-recirculation=\"Links p\u00e1rrafos\">A trav\u00e9s de un comunicado, la paraestatal detall\u00f3 que la interrupci\u00f3n del servicio ser\u00e1 de seis horas a partir de las 07:00 a 13:00 horas, con el \u00fanico objetivo mejorar la calidad y continuidad del suministro el\u00e9ctrico en la temporada de verano.<\/p>\n<p class=\"p_7\" data-mrf-recirculation=\"Links p\u00e1rrafos\">Pero la poblaci\u00f3n afirm\u00f3 que se cort\u00f3 la luz para dar paso a las maquinarias industriales, sin anticipaci\u00f3n; expresando posibles p\u00e9rdidas de alimentos y medicamentos que requieren refrigeraci\u00f3n.<\/p>\n<p class=\"p_8\" data-mrf-recirculation=\"Links p\u00e1rrafos\"><b>EXIGEN CANCELACI\u00d3N DE PROYECTO<\/b><\/p>\n<p class=\"p_9\" data-mrf-recirculation=\"Links p\u00e1rrafos\">El movimiento Aqu\u00ed No realiz\u00f3 una conferencia desde Topolobampo para reiterar su oposici\u00f3n a la planta de amoniaco y expresar preocupaciones relacionadas con escenarios de emergencia; sostuvieron que la documentaci\u00f3n t\u00e9cnica del proyecto contempla escenarios de riesgo asociado a su operaci\u00f3n.<\/p>\n<p class=\"p_10\" data-mrf-recirculation=\"Links p\u00e1rrafos\">Aunque, las protestas en contra de la construcci\u00f3n se origin\u00f3 desde 2013, cuando se iniciaron los tr\u00e1mites oficiales para el proyecto de la planta del compuesto qu\u00edmico utilizado por la industria agr\u00edcola, farmac\u00e9utica y energ\u00e9tica.<\/p>\n<p class=\"p_11\" data-mrf-recirculation=\"Links p\u00e1rrafos\">El colectivo ambientalista se\u00f1ala que la Bah\u00eda de Topolobampo es un santuario de delfines, aves, lobos marinos y mucha vegetaci\u00f3n semides\u00e9rtica, adem\u00e1s de ser escenario de dunas y manglares.<\/p>\n<p>https:\/\/www.facebook.com\/reel\/1483111603561820<\/p>\n<p class=\"p_12\" data-mrf-recirculation=\"Links p\u00e1rrafos\">GPO reconoce en su Manifestaci\u00f3n de Impacto Ambiental Regional (MIA-R) que succionar\u00e1 m\u00e1s de dos mil metros c\u00fabicos de agua de mar por hora, que al retornarla aumentar\u00eda la temperatura en tres grados, causando una devastaci\u00f3n en la vida marina. As\u00ed como refiere graves da\u00f1os econ\u00f3micos con estimaciones de destrucci\u00f3n del 60% de la producci\u00f3n de camar\u00f3n, lo que representar\u00eda 500 toneladas anuales.<\/p>\n<p class=\"p_13\" data-mrf-recirculation=\"Links p\u00e1rrafos\">Cabe destacar que, seg\u00fan el colectivo, la poblaci\u00f3n Yoreme depende de la Bah\u00eda de Ohuira para su sustento por medio de la pesca, agricultura y turismo, lo que pondr\u00eda en peligro su modo de vida y forzar\u00e1 a las familias a abandonar su territorio.<\/p>\n<p class=\"p_14\" data-mrf-recirculation=\"Links p\u00e1rrafos\"><b>GPO: NO HABR\u00c1 DA\u00d1OS AMBIENTALES<\/b><\/p>\n<p class=\"p_15\" data-mrf-recirculation=\"Links p\u00e1rrafos\">GPO, por su parte, sostiene que la planta de amoniaco se ubica en un \u00e1rea que \u201cya estaba desarrollada, sin vegetaci\u00f3n ni fauna\u201d, seg\u00fan lo verific\u00f3 la Secretar\u00eda de Medio Ambiente y Recursos Naturales (Semarnat).<\/p>\n<p class=\"p_16\" data-mrf-recirculation=\"Links p\u00e1rrafos\">Por lo que \u201cel proyecto no afecta los servicios ecosist\u00e9micos del sitio ni interfiere con los h\u00e1bitats de las aves migratorias. Proman GPO est\u00e1 implementando programas de conservaci\u00f3n para especies como manglares, delfines, tortugas, aves y flora acu\u00e1tica\u201d, se lee en su p\u00e1gina web.<\/p>\n<p class=\"p_17\" data-mrf-recirculation=\"Links p\u00e1rrafos\">Al respecto de la amenaza para el camar\u00f3n, la compa\u00f1\u00eda refiere que es \u201cuna zona anteriormente afectada por la actividad industrial, donde las condiciones del h\u00e1bitat se hab\u00edan deteriorado (&#8230;) Los programas incluyen el monitoreo de la flora y la fauna, la protecci\u00f3n de los manglares, la conservaci\u00f3n de las aves migratorias y las especies marinas, y la gesti\u00f3n ambiental sostenible\u201d, sostienen.<\/p>\n<div class=\"paragraph texto\">\n<p class=\"p_18\" data-mrf-recirculation=\"Links p\u00e1rrafos\"><b>\u00bfD\u00d3NDE FIRMAR?<\/b><\/p>\n<p class=\"p_19\" data-mrf-recirculation=\"Links p\u00e1rrafos\">De acuerdo con la petici\u00f3n en Change.org, \u201c<a href=\"https:\/\/www.change.org\/p\/hands-off-save-the-bay-of-ohuira-die-bucht-retten-de-ohuira-salvemos-la-bahia-de-ohuira\" rel=\"nofollow\" data-mrf-link=\"https:\/\/www.change.org\/p\/hands-off-save-the-bay-of-ohuira-die-bucht-retten-de-ohuira-salvemos-la-bahia-de-ohuira\">\u00a1Manos quietas! Salvemos la Bah\u00eda de Ohuira<\/a>\u201d, del Consejo Ciudadano de Ecolog\u00eda Bah\u00eda de Ohuira: \u201cexigimos que el gobierno mexicano cancele los permisos y que el banco alem\u00e1n suspenda el financiamiento para una planta de amon\u00edaco en la Bah\u00eda de Ohuira, Sinaloa, M\u00e9xico. Este proyecto pondr\u00e1 en peligro la vida de las personas en un radio de 15 km (9.3 millas), destruir\u00e1 el ecosistema marino costero y amenazar\u00e1 la cultura ancestral del pueblo ind\u00edgena Yoreme\u201d.<\/p>\n<\/div>\n<div class=\"multimediaMacroWrapper facebook_text\">\n<div class=\"fb-post fb_iframe_widget\" data-href=\"https:\/\/www.facebook.com\/reel\/1769125524057093\"><iframe loading=\"lazy\" class=\"\" title=\"fb:post Facebook Social Plugin\" src=\"https:\/\/www.facebook.com\/v21.0\/plugins\/post.php?app_id=&amp;channel=https%3A%2F%2Fstaticxx.facebook.com%2Fx%2Fconnect%2Fxd_arbiter%2F%3Fversion%3D46%23cb%3Dfda394e9c57d3d1aa%26domain%3Dvanguardia.com.mx%26is_canvas%3Dfalse%26origin%3Dhttps%253A%252F%252Fvanguardia.com.mx%252Ffa94d4da041617d8d%26relation%3Dparent.parent&amp;container_width=500&amp;href=https%3A%2F%2Fwww.facebook.com%2Freel%2F1769125524057093&amp;locale=es_LA&amp;sdk=joey\" name=\"f2d6dfde29338f701\" width=\"1000px\" height=\"1000px\" frameborder=\"0\" scrolling=\"no\" allowfullscreen=\"allowfullscreen\" data-testid=\"fb:post Facebook Social Plugin\" data-mce-fragment=\"1\"><\/iframe><\/div>\n<\/div>\n<div class=\"paragraph texto\">\n<p class=\"p_20\" data-mrf-recirculation=\"Links p\u00e1rrafos\">La construcci\u00f3n del proyecto pone en riesgo tanto al ecosistema como a los pobladores de la regi\u00f3n, sobre todo el pueblo ind\u00edgena Yoreme, el cual tiene como objetivo producir dos mil 200 toneladas (2.425 toneladas estadounidenses) diarias de amon\u00edaco, un gas altamente t\u00f3xico.<\/p>\n<p class=\"p_21\" data-mrf-recirculation=\"Links p\u00e1rrafos\">\u201dLa construcci\u00f3n de esta planta provocar\u00e1 un ecocidio, un riesgo para la salud humana y un etnocidio cultural para el pueblo ind\u00edgena Yoreme, que ha habitado la bah\u00eda de Ohuira durante miles de a\u00f1os\u201d, establece la petici\u00f3n de\u00a0<a href=\"https:\/\/vanguardia.com.mx\/organizaciones\/-\/meta\/change-org\" data-mrf-link=\"https:\/\/vanguardia.com.mx\/organizaciones\/-\/meta\/change-org\">Change.org<\/a>.<\/p>\n<p class=\"p_22\" data-mrf-recirculation=\"Links p\u00e1rrafos\">Con informaci\u00f3n de Vanguardia<\/p>\n<\/div>\n<\/div>\n","protected":false},"excerpt":{"rendered":"<p>Aseguran que el arribo de equipos industriales a la zona concluy\u00f3 en fallas en el suministro el\u00e9ctrico. Por Karla Vel\u00e1zquez La llegada de estructuras destinadas a la planta de amoniaco de Gas y Petroqu\u00edmica de Occidente (GPO), junto con los cortes de energ\u00eda el\u00e9ctrica y la presunta falta de informaci\u00f3n sobre las maniobras realizadas en la zona de Topolobampo y la Bah\u00eda de Ohuira, en Ahome,\u00a0Sinaloa, ha provocado la exigencia de cancelar otro megaproyecto que amenaza al medio ambiente y la seguridad de los mexicanos y mexicanas. La denuncia ciudadana, a la que tambi\u00e9n se han sumado influencers y usuarios [&hellip;]<\/p>\n","protected":false},"author":3,"featured_media":147556,"comment_status":"open","ping_status":"open","sticky":false,"template":"","format":"standard","meta":{"_jetpack_newsletter_access":"","_jetpack_dont_email_post_to_subs":false,"_jetpack_newsletter_tier_id":0,"_jetpack_memberships_contains_paywalled_content":false,"_jetpack_feature_clip_id":0,"_jetpack_memberships_contains_paid_content":false,"footnotes":"","jetpack_publicize_message":"","jetpack_publicize_feature_enabled":true,"jetpack_social_post_already_shared":true,"jetpack_social_options":{"image_generator_settings":{"template":"highway","default_image_id":0,"font":"","enabled":false},"version":2},"jetpack_post_was_ever_published":false},"categories":[90,72],"tags":[],"class_list":["post-147549","post","type-post","status-publish","format-standard","has-post-thumbnail","hentry","category-estatal","category-portada","post--single"],"jetpack_publicize_connections":[],"jetpack_featured_media_url":"https:\/\/ovelanalista.com\/wp-content\/uploads\/2026\/06\/75398363-2496142333989887-5808058332_1-15629739_20260601225448.webp","jetpack_sharing_enabled":true,"_links":{"self":[{"href":"https:\/\/ovelanalista.com\/index.php?rest_route=\/wp\/v2\/posts\/147549","targetHints":{"allow":["GET"]}}],"collection":[{"href":"https:\/\/ovelanalista.com\/index.php?rest_route=\/wp\/v2\/posts"}],"about":[{"href":"https:\/\/ovelanalista.com\/index.php?rest_route=\/wp\/v2\/types\/post"}],"author":[{"embeddable":true,"href":"https:\/\/ovelanalista.com\/index.php?rest_route=\/wp\/v2\/users\/3"}],"replies":[{"embeddable":true,"href":"https:\/\/ovelanalista.com\/index.php?rest_route=%2Fwp%2Fv2%2Fcomments&post=147549"}],"version-history":[{"count":1,"href":"https:\/\/ovelanalista.com\/index.php?rest_route=\/wp\/v2\/posts\/147549\/revisions"}],"predecessor-version":[{"id":147557,"href":"https:\/\/ovelanalista.com\/index.php?rest_route=\/wp\/v2\/posts\/147549\/revisions\/147557"}],"wp:featuredmedia":[{"embeddable":true,"href":"https:\/\/ovelanalista.com\/index.php?rest_route=\/wp\/v2\/media\/147556"}],"wp:attachment":[{"href":"https:\/\/ovelanalista.com\/index.php?rest_route=%2Fwp%2Fv2%2Fmedia&parent=147549"}],"wp:term":[{"taxonomy":"category","embeddable":true,"href":"https:\/\/ovelanalista.com\/index.php?rest_route=%2Fwp%2Fv2%2Fcategories&post=147549"},{"taxonomy":"post_tag","embeddable":true,"href":"https:\/\/ovelanalista.com\/index.php?rest_route=%2Fwp%2Fv2%2Ftags&post=147549"}],"curies":[{"name":"wp","href":"https:\/\/api.w.org\/{rel}","templated":true}]}}