{"id":147555,"date":"2026-06-03T11:30:00","date_gmt":"2026-06-03T18:30:00","guid":{"rendered":"https:\/\/ovelanalista.com\/?p=147555"},"modified":"2026-06-03T09:03:26","modified_gmt":"2026-06-03T16:03:26","slug":"en-menos-de-12-horas-asesinan-a-9-personas-en-sinaloa","status":"publish","type":"post","link":"https:\/\/ovelanalista.com\/?p=147555","title":{"rendered":"En menos de 12 horas, asesinan a 9 personas en Sinaloa"},"content":{"rendered":"<p>Entre las v\u00edctimas por esta nueva jornada de violencia en Sinaloa se encuentran dos hermanos menores de edad.<\/p>\n<p>En\u00a0<strong>Culiac\u00e1n, Sinaloa<\/strong>,\u00a0<strong>nueve personas<\/strong>\u00a0fueron\u00a0<strong>asesinadas<\/strong>\u00a0en un\u00a0<strong>lapso de 12 horas<\/strong>.<\/p>\n<p>En un primer hecho, dos hermanos menores de edad fueron atacados a balazos al interior de un Nissan Tsuru, color blanco, sobre el boulevard Agricultores de la\u00a0<b>colonia Laureles Pinos<\/b>. Uno de ellos muri\u00f3 y el segundo result\u00f3 herido, siendo trasladado a un hospital.<\/p>\n<p>En otro hecho, Jonathan \u201cN\u201d fue asesinado a balazos en calles del fraccionamiento Infonavit Barrancos, en la parte sur-poniente de Culiac\u00e1n.<\/p>\n<div data-ad-type=\"inread\" data-slot=\"inread\" data-ad-loaded=\"1\" data-ad-setup=\"{&quot;postID&quot;:1789656,&quot;canRefresh&quot;:false,&quot;infinitescroll&quot;:false}\" data-google-query-id=\"CM_k8eO465QDFbsRRAgd27AUhw\">\n<p>Un sujeto fue ejecutado en la colonia Diez de Mayo. Sus agresores colocaron sobre el cuerpo un peluche con la figura de un cerdito de color rosa. Medios detallaron que este es el quinto homicidio que se presenta con estas caracter\u00edsticas.<\/p>\n<div id=\"standard_4\" class=\"st-placement standard_4 inArticle\"><\/div>\n<p class=\"sc__font-paragraph\">Un sujeto con aspecto indigente, quien hurgaba entre la basura depositada sobre la calle de los Aguacates, fraccionamiento la Campi\u00f1a, tambi\u00e9n fue ultimado a balazos.<\/p>\n<p>Dos hombres fueron agredidos con arma de fuego en un negocio de venta de llantas del Sector la Conquista. Uno de ellos, identificado como Andr\u00e9s \u201cN\u201d muri\u00f3 en el lugar, mientras que otro m\u00e1s, Jes\u00fas \u201cN\u201d, fue llevado a un hospital para su atenci\u00f3n m\u00e9dica.<\/p>\n<p>El cuerpo de un sujeto fue abandonado cerca del relleno sanitario. La v\u00edctima vest\u00eda un short, playera y calzaba tenis.<\/p>\n<p>Otro hombre fue asesinado por sujetos armados sobre el boulevard \u00c1lvaro del Portillo, fraccionamiento Valle Alto, justo frente a dos planteles educativos.<\/p>\n<p>Otro hombre en situaci\u00f3n de calle fue privado de la vida calles de la colonia Toledo Corro. Vest\u00eda un short, playera y caminaba descalzo.<\/p>\n<p>Marcel \u201cN\u201d, de 42 a\u00f1os de edad, fue asesinado de varios disparos a bordo de su camioneta en el fraccionamiento Azaleas. La v\u00edctima ten\u00eda una empresa de servicio de drones en Sinaloa.<\/p>\n<p>Con informaci\u00f3n de El Universal<\/p>\n<\/div>\n","protected":false},"excerpt":{"rendered":"<p>Entre las v\u00edctimas por esta nueva jornada de violencia en Sinaloa se encuentran dos hermanos menores de edad. En\u00a0Culiac\u00e1n, Sinaloa,\u00a0nueve personas\u00a0fueron\u00a0asesinadas\u00a0en un\u00a0lapso de 12 horas. En un primer hecho, dos hermanos menores de edad fueron atacados a balazos al interior de un Nissan Tsuru, color blanco, sobre el boulevard Agricultores de la\u00a0colonia Laureles Pinos. Uno de ellos muri\u00f3 y el segundo result\u00f3 herido, siendo trasladado a un hospital. En otro hecho, Jonathan \u201cN\u201d fue asesinado a balazos en calles del fraccionamiento Infonavit Barrancos, en la parte sur-poniente de Culiac\u00e1n. Un sujeto fue ejecutado en la colonia Diez de Mayo. Sus [&hellip;]<\/p>\n","protected":false},"author":3,"featured_media":147562,"comment_status":"open","ping_status":"open","sticky":false,"template":"","format":"standard","meta":{"_jetpack_newsletter_access":"","_jetpack_dont_email_post_to_subs":false,"_jetpack_newsletter_tier_id":0,"_jetpack_memberships_contains_paywalled_content":false,"_jetpack_feature_clip_id":0,"_jetpack_memberships_contains_paid_content":false,"footnotes":"","jetpack_publicize_message":"","jetpack_publicize_feature_enabled":true,"jetpack_social_post_already_shared":true,"jetpack_social_options":{"image_generator_settings":{"template":"highway","default_image_id":0,"font":"","enabled":false},"version":2},"jetpack_post_was_ever_published":false},"categories":[90,72],"tags":[],"class_list":["post-147555","post","type-post","status-publish","format-standard","has-post-thumbnail","hentry","category-estatal","category-portada","post--single"],"jetpack_publicize_connections":[],"jetpack_featured_media_url":"https:\/\/ovelanalista.com\/wp-content\/uploads\/2026\/06\/balas-balacera-ataque.jpg","jetpack_sharing_enabled":true,"_links":{"self":[{"href":"https:\/\/ovelanalista.com\/index.php?rest_route=\/wp\/v2\/posts\/147555","targetHints":{"allow":["GET"]}}],"collection":[{"href":"https:\/\/ovelanalista.com\/index.php?rest_route=\/wp\/v2\/posts"}],"about":[{"href":"https:\/\/ovelanalista.com\/index.php?rest_route=\/wp\/v2\/types\/post"}],"author":[{"embeddable":true,"href":"https:\/\/ovelanalista.com\/index.php?rest_route=\/wp\/v2\/users\/3"}],"replies":[{"embeddable":true,"href":"https:\/\/ovelanalista.com\/index.php?rest_route=%2Fwp%2Fv2%2Fcomments&post=147555"}],"version-history":[{"count":1,"href":"https:\/\/ovelanalista.com\/index.php?rest_route=\/wp\/v2\/posts\/147555\/revisions"}],"predecessor-version":[{"id":147563,"href":"https:\/\/ovelanalista.com\/index.php?rest_route=\/wp\/v2\/posts\/147555\/revisions\/147563"}],"wp:featuredmedia":[{"embeddable":true,"href":"https:\/\/ovelanalista.com\/index.php?rest_route=\/wp\/v2\/media\/147562"}],"wp:attachment":[{"href":"https:\/\/ovelanalista.com\/index.php?rest_route=%2Fwp%2Fv2%2Fmedia&parent=147555"}],"wp:term":[{"taxonomy":"category","embeddable":true,"href":"https:\/\/ovelanalista.com\/index.php?rest_route=%2Fwp%2Fv2%2Fcategories&post=147555"},{"taxonomy":"post_tag","embeddable":true,"href":"https:\/\/ovelanalista.com\/index.php?rest_route=%2Fwp%2Fv2%2Ftags&post=147555"}],"curies":[{"name":"wp","href":"https:\/\/api.w.org\/{rel}","templated":true}]}}