{"id":147565,"date":"2026-06-03T12:30:59","date_gmt":"2026-06-03T19:30:59","guid":{"rendered":"https:\/\/ovelanalista.com\/?p=147565"},"modified":"2026-06-03T09:13:15","modified_gmt":"2026-06-03T16:13:15","slug":"sinaloa-suma-mas-de-20-asesinatos-en-tres-dias-de-violencia-en-el-estado","status":"publish","type":"post","link":"https:\/\/ovelanalista.com\/?p=147565","title":{"rendered":"Sinaloa suma m\u00e1s de 20 asesinatos en tres d\u00edas de violencia en el estado"},"content":{"rendered":"<div class=\"Summary_summary__gpJTn\">\n<p class=\"Typography_text-xl__yFuoP Typography_weight-normal__pqUbH\">La ri\u00f1a mortal en el penal de Aguaruto, el asesinato de un comandante de la Polic\u00eda Estatal y diversos ataques armados en Culiac\u00e1n y Mazatl\u00e1n marcaron tres d\u00edas de violencia en la entidad.<\/p>\n<p class=\"Typography_text-l__QLRR8 Typography_weight-bold__uT6mq\"><strong>El Sol De Sinaloa<\/strong><\/p>\n<p class=\"Typography_text-default__P3otY Typography_weight-normal__pqUbH Typography_text-default__P3otY Typography_weight-normal__pqUbH\"><b class=\"bold\">Culiac\u00e1n, Sin.-<\/b>\u00a0En tres d\u00edas,\u00a0<b class=\"bold\">Sinaloa<\/b>\u00a0vivi\u00f3 una nueva jornada de\u00a0<b class=\"bold\">violencia<\/b>\u00a0con m\u00e1s de una veintena de\u00a0<b class=\"bold\">homicidios<\/b>\u00a0registrados en distintos municipios del estado, principalmente en\u00a0<b class=\"bold\">Culiac\u00e1n<\/b>\u00a0y\u00a0<b class=\"bold\">Mazatl\u00e1n<\/b>. Los hechos incluyeron asesinatos en la v\u00eda p\u00fablica, ataques armados y una ri\u00f1a al interior del\u00a0<b class=\"bold\">Centro Penitenciario de Aguaruto<\/b> que dej\u00f3 siete personas privadas de la libertad sin vida.<\/p>\n<p class=\"Typography_text-default__P3otY Typography_weight-normal__pqUbH Typography_text-default__P3otY Typography_weight-normal__pqUbH\">El hecho m\u00e1s grave ocurri\u00f3 durante la madrugada del domingo\u00a0<b class=\"bold\">31 de mayo<\/b>\u00a0en el penal de\u00a0<b class=\"bold\">Aguaruto<\/b>, donde una confrontaci\u00f3n entre internos deriv\u00f3 en la muerte de\u00a0<b class=\"bold\">siete reos<\/b>\u00a0y dej\u00f3 a otro m\u00e1s lesionado. Inicialmente el caso fue reportado como una ri\u00f1a; sin embargo, la\u00a0<b class=\"bold\">Fiscal\u00eda General del Estado<\/b>\u00a0reclasific\u00f3 la investigaci\u00f3n como\u00a0<b class=\"bold\">homicidio doloso<\/b>\u00a0tras los resultados de las indagatorias y peritajes realizados.<\/p>\n<p class=\"Typography_text-default__P3otY Typography_weight-normal__pqUbH Typography_text-default__P3otY Typography_weight-normal__pqUbH\">Ese mismo d\u00eda tambi\u00e9n fue asesinado a balazos el comandante de la\u00a0<b class=\"bold\">Polic\u00eda Estatal Preventiva<\/b>,\u00a0<b class=\"bold\">Juan Pedro Ar\u00e1mburo Garc\u00eda<\/b>, cuando circulaba en su veh\u00edculo por el sur de\u00a0<b class=\"bold\">Culiac\u00e1n<\/b>\u00a0durante su d\u00eda de descanso. El ataque ocurri\u00f3 en las inmediaciones de la colonia\u00a0<b class=\"bold\">10 de Mayo<\/b>\u00a0y gener\u00f3 una fuerte movilizaci\u00f3n de corporaciones de seguridad.<\/p>\n<p class=\"Typography_text-default__P3otY Typography_weight-normal__pqUbH Typography_text-default__P3otY Typography_weight-normal__pqUbH\">La\u00a0<b class=\"bold\">Fiscal\u00eda de Sinaloa<\/b>\u00a0inform\u00f3 adem\u00e1s que durante la jornada del\u00a0<b class=\"bold\">31 de mayo<\/b>\u00a0se iniciaron carpetas de investigaci\u00f3n por varios homicidios ocurridos en\u00a0<b class=\"bold\">Culiac\u00e1n<\/b>\u00a0y\u00a0<b class=\"bold\">Mazatl\u00e1n<\/b>. Entre ellos destac\u00f3 la localizaci\u00f3n de dos personas asesinadas en la colonia\u00a0<b class=\"bold\">D\u00edaz Ordaz<\/b>, un hombre que muri\u00f3 tras ser atacado sobre el bulevar\u00a0<b class=\"bold\">Jes\u00fas Kumate<\/b>\u00a0y otra v\u00edctima encontrada dentro de una camioneta en el fraccionamiento\u00a0<b class=\"bold\">Villa Verde<\/b>, en Mazatl\u00e1n.<\/p>\n<p class=\"Typography_text-default__P3otY Typography_weight-normal__pqUbH Typography_text-default__P3otY Typography_weight-normal__pqUbH\">De acuerdo con los reportes oficiales, tan solo el domingo\u00a0<b class=\"bold\">31 de mayo<\/b>\u00a0se contabilizaron entre\u00a0<b class=\"bold\">11 y 12 homicidios<\/b>, convirti\u00e9ndose en una de las jornadas m\u00e1s violentas del cierre de mayo.<\/p>\n<\/div>\n<figure class=\"Picture_picture__jeuFM\">\n<div id=\"standard_1\" class=\"st-placement standard_1 inImage\">\n<div class=\"st-adunit st-adunit-tagged st-reset st-show\">\n<div class=\"st-adunit-ad st-reset\">\n<div class=\"st-display-render st-reset open 728x90\">\n<div class=\"st-canvas st-reset horizontal-static\">\n<div class=\"x-to-close st-reset\">\n<p class=\"Typography_text-default__P3otY Typography_weight-normal__pqUbH Typography_text-default__P3otY Typography_weight-normal__pqUbH\">Durante los d\u00edas\u00a0<b class=\"bold\">1 y 2 de junio<\/b>\u00a0continuaron los operativos de seguridad y las investigaciones relacionadas con los hechos violentos. La atenci\u00f3n de las autoridades se concentr\u00f3 en el caso del penal de\u00a0<b class=\"bold\">Aguaruto<\/b>, donde la Fiscal\u00eda confirm\u00f3 que las siete v\u00edctimas fueron privadas de la vida de manera intencional y no como resultado de una simple confrontaci\u00f3n entre internos.<\/p>\n<p class=\"Typography_text-default__P3otY Typography_weight-normal__pqUbH Typography_text-default__P3otY Typography_weight-normal__pqUbH\">Estos acontecimientos se registran en medio de un contexto de\u00a0<b class=\"bold\">violencia persistente en Sinaloa<\/b>, derivado de la disputa entre\u00a0<b class=\"bold\">grupos del crimen organizado<\/b>\u00a0que operan en la entidad. La situaci\u00f3n ha provocado un incremento de\u00a0<b class=\"bold\">homicidios, desapariciones y enfrentamientos<\/b>\u00a0en diversos municipios durante los \u00faltimos meses.<\/p>\n<\/div>\n<p>Con informaci\u00f3n de El Sol de Sinaloa<\/p>\n<\/div>\n<\/div>\n<\/div>\n<\/div>\n<\/div>\n<\/figure>\n","protected":false},"excerpt":{"rendered":"<p>La ri\u00f1a mortal en el penal de Aguaruto, el asesinato de un comandante de la Polic\u00eda Estatal y diversos ataques armados en Culiac\u00e1n y Mazatl\u00e1n marcaron tres d\u00edas de violencia en la entidad. El Sol De Sinaloa Culiac\u00e1n, Sin.-\u00a0En tres d\u00edas,\u00a0Sinaloa\u00a0vivi\u00f3 una nueva jornada de\u00a0violencia\u00a0con m\u00e1s de una veintena de\u00a0homicidios\u00a0registrados en distintos municipios del estado, principalmente en\u00a0Culiac\u00e1n\u00a0y\u00a0Mazatl\u00e1n. Los hechos incluyeron asesinatos en la v\u00eda p\u00fablica, ataques armados y una ri\u00f1a al interior del\u00a0Centro Penitenciario de Aguaruto que dej\u00f3 siete personas privadas de la libertad sin vida. El hecho m\u00e1s grave ocurri\u00f3 durante la madrugada del domingo\u00a031 de mayo\u00a0en el penal [&hellip;]<\/p>\n","protected":false},"author":3,"featured_media":147570,"comment_status":"open","ping_status":"open","sticky":false,"template":"","format":"standard","meta":{"_jetpack_newsletter_access":"","_jetpack_dont_email_post_to_subs":false,"_jetpack_newsletter_tier_id":0,"_jetpack_memberships_contains_paywalled_content":false,"_jetpack_feature_clip_id":0,"_jetpack_memberships_contains_paid_content":false,"footnotes":"","jetpack_publicize_message":"","jetpack_publicize_feature_enabled":true,"jetpack_social_post_already_shared":true,"jetpack_social_options":{"image_generator_settings":{"template":"highway","default_image_id":0,"font":"","enabled":false},"version":2},"jetpack_post_was_ever_published":false},"categories":[90],"tags":[],"class_list":["post-147565","post","type-post","status-publish","format-standard","has-post-thumbnail","hentry","category-estatal","post--single"],"jetpack_publicize_connections":[],"jetpack_featured_media_url":"https:\/\/ovelanalista.com\/wp-content\/uploads\/2026\/06\/image-7.webp","jetpack_sharing_enabled":true,"_links":{"self":[{"href":"https:\/\/ovelanalista.com\/index.php?rest_route=\/wp\/v2\/posts\/147565","targetHints":{"allow":["GET"]}}],"collection":[{"href":"https:\/\/ovelanalista.com\/index.php?rest_route=\/wp\/v2\/posts"}],"about":[{"href":"https:\/\/ovelanalista.com\/index.php?rest_route=\/wp\/v2\/types\/post"}],"author":[{"embeddable":true,"href":"https:\/\/ovelanalista.com\/index.php?rest_route=\/wp\/v2\/users\/3"}],"replies":[{"embeddable":true,"href":"https:\/\/ovelanalista.com\/index.php?rest_route=%2Fwp%2Fv2%2Fcomments&post=147565"}],"version-history":[{"count":1,"href":"https:\/\/ovelanalista.com\/index.php?rest_route=\/wp\/v2\/posts\/147565\/revisions"}],"predecessor-version":[{"id":147571,"href":"https:\/\/ovelanalista.com\/index.php?rest_route=\/wp\/v2\/posts\/147565\/revisions\/147571"}],"wp:featuredmedia":[{"embeddable":true,"href":"https:\/\/ovelanalista.com\/index.php?rest_route=\/wp\/v2\/media\/147570"}],"wp:attachment":[{"href":"https:\/\/ovelanalista.com\/index.php?rest_route=%2Fwp%2Fv2%2Fmedia&parent=147565"}],"wp:term":[{"taxonomy":"category","embeddable":true,"href":"https:\/\/ovelanalista.com\/index.php?rest_route=%2Fwp%2Fv2%2Fcategories&post=147565"},{"taxonomy":"post_tag","embeddable":true,"href":"https:\/\/ovelanalista.com\/index.php?rest_route=%2Fwp%2Fv2%2Ftags&post=147565"}],"curies":[{"name":"wp","href":"https:\/\/api.w.org\/{rel}","templated":true}]}}