{"id":147567,"date":"2026-06-03T09:19:43","date_gmt":"2026-06-03T16:19:43","guid":{"rendered":"https:\/\/ovelanalista.com\/?p=147567"},"modified":"2026-06-03T09:19:43","modified_gmt":"2026-06-03T16:19:43","slug":"narco-politicosel-cronometro-de-eu","status":"publish","type":"post","link":"https:\/\/ovelanalista.com\/?p=147567","title":{"rendered":"Narco pol\u00edticos\u2026El cron\u00f3metro de EU"},"content":{"rendered":"<div><strong>TRANSICI\u00d3N<\/strong><\/div>\n<div><\/div>\n<div><\/div>\n<div>\u201cUn gran Poder conlleva una gran Responsabilidad\u201d. El t\u00edo Ben a Peter Parker. -El hombre ara\u00f1a-<\/div>\n<div><\/div>\n<div><strong>Oswaldo Villase\u00f1or<\/strong><\/div>\n<div><strong>@oswaldovillase<\/strong><\/div>\n<div><\/div>\n<div>La noticia de hoy en M\u00e9xico que se apodera de la narrativa medi\u00e1tica es la segunda acusaci\u00f3n que est\u00e1 en puerta a presentarse en contra de mas gobernadores mexicanos. El Departamento de Justicia los acusa de narco pol\u00edticos.<\/div>\n<div><\/div>\n<div>La noticia de hoy no es otra cosa m\u00e1s que la se\u00f1al de que Estados Unidos ya trae su cronograma en el cual ir\u00e1 reventando caso por caso que involucre a pol\u00edticos mexicanos relacionados con el narco. Entre m\u00e1s se resista el gobierno mexicano a cooperar en limpiar la casa, m\u00e1s casos y m\u00e1s presi\u00f3n vendr\u00e1.<\/div>\n<div><\/div>\n<div>Hoy se anuncia que el Departamento de justicia trae ya una investigaci\u00f3n que involucra a los gobernadores de Tamaulipas, Am\u00e9rico Villarreal y de Sonora Alfonso Durazo.<\/div>\n<div><\/div>\n<div>La noticia ya se esperaba. Desde el pasado 2 de Mayo escrib\u00ed en este mismo espacio que Estados Unidos ya tiene preparada una segunda acusaci\u00f3n que anunciar\u00eda la primera semana de junio.<\/div>\n<div><\/div>\n<div>A lo largo del mes de mayo lo vine repitiendo. Antier lo dije en una participaci\u00f3n con Javier Sol\u00f3rzano y ayer en una m\u00e1s con Javier Alatorre.<\/div>\n<div><\/div>\n<div>As\u00ed lo anunci\u00e9 desde el pasado 2 de Mayo tras conocerse la acusaci\u00f3n contra Rub\u00e9n Rocha, gober de Sinaloa.<\/div>\n<div><\/div>\n<div>\u201cLa segunda acusaci\u00f3n tiene que ver con una investigaci\u00f3n de la DEA en la cual acredita el financiamiento ilegal de campa\u00f1as pol\u00edticas de 14 candidatos a gobernador de Morena con recursos\u00a0 il\u00edcitos del Huachicol Fiscal.<\/div>\n<div><\/div>\n<div>Estos recursos se hicieron entrega a trav\u00e9s de transferencias financieras hechas por Sergio Carmona, el cap\u00f3 asesinado en San Pedro Garza Garc\u00eda, Nuevo Le\u00f3n y cuyo hermano se entreg\u00f3 a las autoridades de Estados Unidos como testigo protegido e hizo entrega de todas las pruebas que involucran no solo a m\u00e1s miembros del gabinete de Andr\u00e9s Manuel, sino tambi\u00e9n al propio expresidente y a sus hijos. Tambi\u00e9n los hijos de Rub\u00e9n Rocha aparecen en esta investigaci\u00f3n.<\/div>\n<div><\/div>\n<div>Desde ya se adelanta que en los pr\u00f3ximos 30 d\u00edas -primera semana de junio-podr\u00eda presentarse la segunda acusaci\u00f3n que involucra a Rub\u00e9n Rocha y cuando menos a dos gobernadores m\u00e1s por el momento. Am\u00e9rico Villarreal de Tamaulipas y Marina del Pilar de Baja California. Hasta ah\u00ed.<\/div>\n<div><\/div>\n<div>A lo largo del mes de mayo, la informaci\u00f3n fue complet\u00e1ndose. En la segunda acusaci\u00f3n tambi\u00e9n viene el gober de Sonora, Alfonso Durazo, el de Michoac\u00e1n, Alfredo Bedolla, entre otros.<\/div>\n<div><\/div>\n<div>Los \u00c1ngeles Times, quien tambi\u00e9n adelant\u00f3 d\u00edas antes la presentaci\u00f3n de la acusaci\u00f3n en contra Rub\u00e9n Rocha, hoy revela que \u201cEstados Unidos ha revocado discretamente las visas de dos gobernadores mexicanos en funciones, aliados de la presidenta Claudia Sheinbaum.<\/div>\n<div><\/div>\n<div>Esta medida refleja un cambio dr\u00e1stico en la pol\u00edtica estadounidense, que ahora se centra en l\u00edderes mexicanos electos, no solo en los c\u00e1rteles.<\/div>\n<div><\/div>\n<div>Aun sin visa, el gobernador Alfonso Durazo de Sonora y el gobernador Am\u00e9rico Villarreal Anaya de Tamaulipas han estado ingresando a Estados Unidos bajo un permiso especial reservado generalmente para testigos colaboradores.<\/div>\n<div>Hasta ah\u00ed lo que dice el medio.<\/div>\n<div><\/div>\n<div>De inmediato ambos gobernadores se\u00f1alados en la nota, desmintieron a trav\u00e9s de sus coordinaciones de comunicaci\u00f3n social, estar bajo alguna investigaci\u00f3n y estar relacionados con alg\u00fan cartel.<\/div>\n<div><\/div>\n<div>Lo cierto es que esa segunda acusaci\u00f3n ya est\u00e1 en puerta. Lo dijo el director de la DEA. \u201cLa acusaci\u00f3n contra Rub\u00e9n Rocha es apenas el inicio de m\u00e1s acciones que vienen para combatir a los c\u00e1rteles mexicanos\u201d.<\/div>\n<div><\/div>\n<div>Tambi\u00e9n lo advirti\u00f3 Pete Hegseth. \u201cEsperemos que M\u00e9xico de ese primer paso en el combate de la narco pol\u00edtica y no esperarse a que lo hagamos nosotros\u201d.<\/div>\n<div><\/div>\n<div>M\u00e9xico no ha dado ese paso y la nota de Los \u00c1ngeles Times bien puede ser un nuevo llamado a actuar. Si no lo hace Sheinbaum, lo har\u00e1 Estados Unidos. De eso ya no hay duda.<\/div>\n<div><\/div>\n<div>\u00bfY ahora si actuar\u00e1 Sheinbaum? \u00bfEntregar\u00e1 a los 8 a\u00fan libres de los primeros 10 acusados?<\/div>\n<div>Habr\u00e1 que estar pendientes.<\/div>\n","protected":false},"excerpt":{"rendered":"<p>TRANSICI\u00d3N \u201cUn gran Poder conlleva una gran Responsabilidad\u201d. El t\u00edo Ben a Peter Parker. -El hombre ara\u00f1a- Oswaldo Villase\u00f1or @oswaldovillase La noticia de hoy en M\u00e9xico que se apodera de la narrativa medi\u00e1tica es la segunda acusaci\u00f3n que est\u00e1 en puerta a presentarse en contra de mas gobernadores mexicanos. El Departamento de Justicia los acusa de narco pol\u00edticos. La noticia de hoy no es otra cosa m\u00e1s que la se\u00f1al de que Estados Unidos ya trae su cronograma en el cual ir\u00e1 reventando caso por caso que involucre a pol\u00edticos mexicanos relacionados con el narco. Entre m\u00e1s se resista el [&hellip;]<\/p>\n","protected":false},"author":3,"featured_media":139858,"comment_status":"open","ping_status":"open","sticky":false,"template":"","format":"standard","meta":{"_jetpack_newsletter_access":"","_jetpack_dont_email_post_to_subs":false,"_jetpack_newsletter_tier_id":0,"_jetpack_memberships_contains_paywalled_content":false,"_jetpack_feature_clip_id":0,"_jetpack_memberships_contains_paid_content":false,"footnotes":"","jetpack_publicize_message":"","jetpack_publicize_feature_enabled":true,"jetpack_social_post_already_shared":true,"jetpack_social_options":{"image_generator_settings":{"template":"highway","default_image_id":0,"font":"","enabled":false},"version":2},"jetpack_post_was_ever_published":false},"categories":[91],"tags":[],"class_list":["post-147567","post","type-post","status-publish","format-standard","has-post-thumbnail","hentry","category-transicion","post--single"],"jetpack_publicize_connections":[],"jetpack_featured_media_url":"https:\/\/ovelanalista.com\/wp-content\/uploads\/2026\/02\/WhatsApp-Image-2026-02-03-at-10.59.53-AM.jpeg","jetpack_sharing_enabled":true,"_links":{"self":[{"href":"https:\/\/ovelanalista.com\/index.php?rest_route=\/wp\/v2\/posts\/147567","targetHints":{"allow":["GET"]}}],"collection":[{"href":"https:\/\/ovelanalista.com\/index.php?rest_route=\/wp\/v2\/posts"}],"about":[{"href":"https:\/\/ovelanalista.com\/index.php?rest_route=\/wp\/v2\/types\/post"}],"author":[{"embeddable":true,"href":"https:\/\/ovelanalista.com\/index.php?rest_route=\/wp\/v2\/users\/3"}],"replies":[{"embeddable":true,"href":"https:\/\/ovelanalista.com\/index.php?rest_route=%2Fwp%2Fv2%2Fcomments&post=147567"}],"version-history":[{"count":1,"href":"https:\/\/ovelanalista.com\/index.php?rest_route=\/wp\/v2\/posts\/147567\/revisions"}],"predecessor-version":[{"id":147574,"href":"https:\/\/ovelanalista.com\/index.php?rest_route=\/wp\/v2\/posts\/147567\/revisions\/147574"}],"wp:featuredmedia":[{"embeddable":true,"href":"https:\/\/ovelanalista.com\/index.php?rest_route=\/wp\/v2\/media\/139858"}],"wp:attachment":[{"href":"https:\/\/ovelanalista.com\/index.php?rest_route=%2Fwp%2Fv2%2Fmedia&parent=147567"}],"wp:term":[{"taxonomy":"category","embeddable":true,"href":"https:\/\/ovelanalista.com\/index.php?rest_route=%2Fwp%2Fv2%2Fcategories&post=147567"},{"taxonomy":"post_tag","embeddable":true,"href":"https:\/\/ovelanalista.com\/index.php?rest_route=%2Fwp%2Fv2%2Ftags&post=147567"}],"curies":[{"name":"wp","href":"https:\/\/api.w.org\/{rel}","templated":true}]}}