{"id":147575,"date":"2026-06-03T13:30:22","date_gmt":"2026-06-03T20:30:22","guid":{"rendered":"https:\/\/ovelanalista.com\/?p=147575"},"modified":"2026-06-03T09:34:32","modified_gmt":"2026-06-03T16:34:32","slug":"los-10-de-sinaloa","status":"publish","type":"post","link":"https:\/\/ovelanalista.com\/?p=147575","title":{"rendered":"Los 10 de Sinaloa"},"content":{"rendered":"<div class=\"col-12 article_title\">\n<div class=\"row\" data-static=\"true\">\n<p class=\"col-12 article-subtitle text-muted text-start\">El debate sobre los se\u00f1alados en el caso de los \u201c10 de Sinaloa\u201d sigue creciendo. Analistas consideran que la ausencia de una definici\u00f3n judicial o pol\u00edtica podr\u00eda mantener vivo el tema durante los pr\u00f3ximos meses e influir en el escenario electoral rumbo a 2027.<\/p>\n<p><strong>Sergio Sarmiento<\/strong><\/p>\n<div class=\"article_render_data w-100\">\n<p class=\"article-text mt-1\">El problema no es ya si hay pruebas o no, sino qu\u00e9 tanto da\u00f1o se est\u00e1 haciendo a s\u00ed mismo el gobierno de\u00a0<a title=\"https:\/\/politico.mx\/2026\/06\/03\/peligra-relacion-mexico-eua-sheinbaum-eleva-el-tono\/\" href=\"https:\/\/politico.mx\/2026\/06\/03\/peligra-relacion-mexico-eua-sheinbaum-eleva-el-tono\/\" target=\"_self\" rel=\"\">Claudia Sheinbaum\u00a0<\/a>al<b>\u00a0negarse a detener y extraditar<\/b>\u00a0a los 10 de Sinaloa.<\/p>\n<\/div>\n<div class=\"article_render_data w-100\">\n<p class=\"article-text mt-1\">Estados Unidos no va a dejar de ejercer presi\u00f3n para lograr la captura del\u00a0<b>gobernador con licencia\u00a0<\/b><a title=\"https:\/\/politico.mx\/2026\/05\/20\/caso-rocha-moya-golpea-a-morena-rumbo-a-elecciones-en-sinaloa-zacatecas-y-michoacan\/\" href=\"https:\/\/politico.mx\/2026\/05\/20\/caso-rocha-moya-golpea-a-morena-rumbo-a-elecciones-en-sinaloa-zacatecas-y-michoacan\/\" target=\"_self\" rel=\"\"><b>Rub\u00e9n Rocha Moya<\/b><\/a>\u00a0y los dem\u00e1s exfuncionarios acusados por el Departamento de Justicia de complicidad con el narco simplemente porque el gobierno mexicano se niegue a entregarlos. De hecho, es posible que Washington presente nuevas acusaciones en contra de otros pol\u00edticos mexicanos por tener tambi\u00e9n lazos con el crimen organizado.<\/p>\n<p><img decoding=\"async\" src=\"https:\/\/politicomx-politicomx-prod.web.arc-cdn.net\/resizer\/v2\/4UJ4GFVTW5ECTG3PW6PRKAZTXQ.webp?auth=bcef1600b24acae2db3b597f8fe2361569cc0f1d3c43cfc115d3c563aa2322ed&amp;width=800&amp;height=449\" alt=\"El gobernador con licencia de Sinaloa, Rub\u00e9n Rocha Moya\" \/><\/p>\n<div class=\"article_render_data w-100\">\n<p class=\"article-text mt-1\">Para un gobierno de Estados Unidos que posiblemente arregl\u00f3 el\u00a0<b>secuestro de\u00a0<\/b><a title=\"https:\/\/politico.mx\/2025\/12\/09\/exhiben-audios-que-revelan-como-fue-el-secuestro-del-mayo-zambada\/\" href=\"https:\/\/politico.mx\/2025\/12\/09\/exhiben-audios-que-revelan-como-fue-el-secuestro-del-mayo-zambada\/\" target=\"_self\" rel=\"\"><b>Ismael \u201cEl Mayo\u201d Zambada<\/b><\/a>\u00a0en 2024, y que mand\u00f3 un comando militar a capturar al expresidente Nicol\u00e1s Maduro de Venezuela junto con su esposa Cilia Flores en el Palacio de Miraflores en Caracas en enero de 2026, enviar a unos equipos a detener a una decena de pol\u00edticos mexicanos no debe ser muy dif\u00edcil.<\/p>\n<\/div>\n<div class=\"article_render_data w-100\">\n<div class=\"article-image mt-1 text-center\"><img loading=\"lazy\" decoding=\"async\" class=\"c-image\" title=\"Ismael &quot;Mayo&quot; Zambada fue arrestado por autoridades estadounidenses\" src=\"https:\/\/politicomx-politicomx-prod.web.arc-cdn.net\/resizer\/v2\/4ZTZREJM3JCEBHD4MXEWE6L26E.jpg?auth=200e1191975193ee17393bc3528ea094234be8a2a63ab409a354a584f3618ab2&amp;width=800&amp;height=889\" srcset=\"https:\/\/politicomx-politicomx-prod.web.arc-cdn.net\/resizer\/v2\/4ZTZREJM3JCEBHD4MXEWE6L26E.jpg?auth=200e1191975193ee17393bc3528ea094234be8a2a63ab409a354a584f3618ab2&amp;width=400&amp;height=444 400w, https:\/\/politicomx-politicomx-prod.web.arc-cdn.net\/resizer\/v2\/4ZTZREJM3JCEBHD4MXEWE6L26E.jpg?auth=200e1191975193ee17393bc3528ea094234be8a2a63ab409a354a584f3618ab2&amp;width=600&amp;height=666 600w, https:\/\/politicomx-politicomx-prod.web.arc-cdn.net\/resizer\/v2\/4ZTZREJM3JCEBHD4MXEWE6L26E.jpg?auth=200e1191975193ee17393bc3528ea094234be8a2a63ab409a354a584f3618ab2&amp;width=800&amp;height=889 800w\" alt=\"Ismael &quot;Mayo&quot; Zambada\" width=\"800\" height=\"889\" data-chromatic=\"ignore\" \/><\/p>\n<p class=\"author_name mt-1\">Foto:\u00a0Autor desconocido<\/p>\n<\/div>\n<\/div>\n<div class=\"article_render_data w-100\">\n<p class=\"article-text mt-1\">Desde un punto de vista pol\u00edtico, el que los imputados se mantengan en libertad se est\u00e1 convirtiendo en un lastre para la presidenta. Al contrario de otros esc\u00e1ndalos, que estallan en los medios y se esfuman con rapidez, \u00e9ste amenaza con quedarse de manera indefinida porque no tiene resoluci\u00f3n.\u00a0<b>Washington no va a retirar las acusaciones<\/b>, que de hecho no solo se presentaron ante un tribunal de Nueva York por el Departamento de Justicia, sino que fueron avaladas por un gran jurado, que es un panel de ciudadanos al que un fiscal encarga, precisamente, determinar si hay pruebas suficientes para acusar formalmente a una persona.<\/p>\n<div class=\"article_render_data w-100\">\n<p class=\"article-text mt-1\">El gobierno mexicano<b>\u00a0no se ha podido lavar las manos\u00a0<\/b>completamente de este asunto. Varios de los 10 de Sinaloa se han visto obligados a pedir licencia, como Rocha Moya, o a renunciar a sus cargos. Una excepci\u00f3n ha sido el senador Enrique Inzunza, quien, sin embargo, no ha participado en las sesiones del Senado o de la Comisi\u00f3n Permanente del Congreso. La Unidad de Inteligencia Financiera ha supuestamente congelado sus cuentas bancarias, aunque no hay indicios de que est\u00e9n urgidos de dinero.<\/p>\n<\/div>\n<div class=\"article_render_data w-100\">\n<div class=\"article-image mt-1 text-center\"><img loading=\"lazy\" decoding=\"async\" class=\"c-image\" title=\"Senadores de oposici\u00f3n critican protecci\u00f3n de Morena hacia el gobernador con licencia Rub\u00e9n Rocha Moya y el senador Enrique Inzunza\" src=\"https:\/\/politicomx-politicomx-prod.web.arc-cdn.net\/resizer\/v2\/MYIUSYAQ55HSRJFLLZGXQEPN6M.jpg?auth=dc8e4f78bcd8c0a1788c9dfe7467efa608dc25cade747fcbc4108ac05a2a462c&amp;width=800&amp;height=533\" srcset=\"https:\/\/politicomx-politicomx-prod.web.arc-cdn.net\/resizer\/v2\/MYIUSYAQ55HSRJFLLZGXQEPN6M.jpg?auth=dc8e4f78bcd8c0a1788c9dfe7467efa608dc25cade747fcbc4108ac05a2a462c&amp;width=400&amp;height=266 400w, https:\/\/politicomx-politicomx-prod.web.arc-cdn.net\/resizer\/v2\/MYIUSYAQ55HSRJFLLZGXQEPN6M.jpg?auth=dc8e4f78bcd8c0a1788c9dfe7467efa608dc25cade747fcbc4108ac05a2a462c&amp;width=600&amp;height=399 600w, https:\/\/politicomx-politicomx-prod.web.arc-cdn.net\/resizer\/v2\/MYIUSYAQ55HSRJFLLZGXQEPN6M.jpg?auth=dc8e4f78bcd8c0a1788c9dfe7467efa608dc25cade747fcbc4108ac05a2a462c&amp;width=800&amp;height=533 800w\" alt=\"El gobernador con licencia Rub\u00e9n Rocha Moya y el senador Enrique Inzunza\" width=\"800\" height=\"533\" data-chromatic=\"ignore\" \/><\/p>\n<p class=\"author_name mt-1\">Foto:\u00a0GobiernoDeSinaloa<\/p>\n<\/div>\n<\/div>\n<div class=\"article_render_data w-100\">\n<p class=\"article-text mt-1\">De momento el caso est\u00e1 en una especie de limbo. El gobierno mexicano ha pedido pruebas a Washington, pero la fiscal\u00eda solo presentar\u00e1 las pruebas definitivas en el juicio en Nueva York. No hay indicaci\u00f3n de que la FGR est\u00e9 realmente investigado a los acusados. Es verdad que los cit\u00f3 a \u201centrevistas\u201d, en parte para\u00a0<b>justificar el citatorio a la gobernadora\u00a0<\/b>panista de Chihuahua Maru Campos, a quien acusa de haber permitido la presidencia de agentes de la CIA en un operativo antinarc\u00f3ticos en la sierra Tarahumara, pero no hay se\u00f1ales de que realmente est\u00e9 investigando las acusaciones estadounidenses.<\/p>\n<\/div>\n<div class=\"article_render_data w-100\">\n<div class=\"article-image mt-1 text-center\"><img loading=\"lazy\" decoding=\"async\" class=\"c-image\" title=\"La gobernadora de Chihuahua, Maru Campos, descart\u00f3 que existan condiciones para una injerencia extranjera en los procesos electorales de 2027.\" src=\"https:\/\/politicomx-politicomx-prod.web.arc-cdn.net\/resizer\/v2\/2UP6V3KFJJGJ7MN2MMYEYF7SME.jpeg?auth=8759bddc0753b772dc17b9f844b76c5485a54a7c7377cd163d1cb3d7ace9af5f&amp;width=800&amp;height=599\" srcset=\"https:\/\/politicomx-politicomx-prod.web.arc-cdn.net\/resizer\/v2\/2UP6V3KFJJGJ7MN2MMYEYF7SME.jpeg?auth=8759bddc0753b772dc17b9f844b76c5485a54a7c7377cd163d1cb3d7ace9af5f&amp;width=400&amp;height=299 400w, https:\/\/politicomx-politicomx-prod.web.arc-cdn.net\/resizer\/v2\/2UP6V3KFJJGJ7MN2MMYEYF7SME.jpeg?auth=8759bddc0753b772dc17b9f844b76c5485a54a7c7377cd163d1cb3d7ace9af5f&amp;width=600&amp;height=449 600w, https:\/\/politicomx-politicomx-prod.web.arc-cdn.net\/resizer\/v2\/2UP6V3KFJJGJ7MN2MMYEYF7SME.jpeg?auth=8759bddc0753b772dc17b9f844b76c5485a54a7c7377cd163d1cb3d7ace9af5f&amp;width=800&amp;height=599 800w\" alt=\"Maru Campos\" width=\"800\" height=\"599\" data-chromatic=\"ignore\" \/><\/p>\n<p class=\"author_name mt-1\">Foto:\u00a0Redes Sociales<\/p>\n<\/div>\n<\/div>\n<div class=\"article_render_data w-100\">\n<p class=\"article-text mt-1\">Si el caso se mantiene en el limbo, le seguir\u00e1 generando cuestionamientos a la presidenta. Si Estados Unidos presenta nuevas acusaciones contra otros presuntos narcopol\u00edticos, l<b>os problemas se incrementar\u00e1n<\/b>. Si Estados Unidos captura a los acusados en territorio mexicano, argumentar\u00e1 que est\u00e1 cumpliendo la ley estadounidense para detener a narcoterroristas ante un gobierno mexicano que se niega a hacerlo.<\/p>\n<div class=\"article_render_data w-100\">\n<p class=\"article-text mt-1\">Por lo pronto, ya la presidenta no puede argumentar tan f\u00e1cilmente que los gobiernos del pasado eran realmente\u00a0<b>los c\u00f3mplices del narcotr\u00e1fico<\/b>. Genardo Garc\u00eda Luna, que ha sido el as en la baraja del gobierno durante a\u00f1os, ya no pesar\u00e1 en la balanza. La campa\u00f1a electoral de 2027 se centrar\u00e1 inevitablemente en la protecci\u00f3n que el gobierno parece estar otorgando al c\u00e1rtel de Sinaloa. No son buenas perspectivas para la presidenta.<\/p>\n<\/div>\n<div class=\"article_render_data w-100\">\n<p class=\"article-text mt-1\">www.sergiosarmiento.com<\/p>\n<\/div>\n<\/div>\n<\/div>\n<\/div>\n<\/div>\n<\/div>\n<div class=\"col-12 col-lg-8 pe-lg-5 all-article_body my-4\">\n<div class=\"row article-body\">\n<div class=\"col-12 promo-content text-center\"><picture><source srcset=\"https:\/\/politicomx-politicomx-prod.web.arc-cdn.net\/resizer\/v2\/5GFBKPRVUJAOJALVCL5NPPUVCY.jpg?auth=192f7cb6be322c61362aefe0a5ba22be8eb9653a29aec1329c513e53ac162f24&amp;quality=55&amp;width=1200&amp;height=740\" media=\"(min-width: 992px)\" \/><source srcset=\"https:\/\/politicomx-politicomx-prod.web.arc-cdn.net\/resizer\/v2\/5GFBKPRVUJAOJALVCL5NPPUVCY.jpg?auth=192f7cb6be322c61362aefe0a5ba22be8eb9653a29aec1329c513e53ac162f24&amp;quality=55&amp;width=800&amp;height=493\" media=\"(min-width: 768px)\" \/><source srcset=\"https:\/\/politicomx-politicomx-prod.web.arc-cdn.net\/resizer\/v2\/5GFBKPRVUJAOJALVCL5NPPUVCY.jpg?auth=192f7cb6be322c61362aefe0a5ba22be8eb9653a29aec1329c513e53ac162f24&amp;quality=55&amp;width=600&amp;height=370\" media=\"(min-width: 480px)\" \/><\/picture><\/div>\n<\/div>\n<\/div>\n","protected":false},"excerpt":{"rendered":"<p>El debate sobre los se\u00f1alados en el caso de los \u201c10 de Sinaloa\u201d sigue creciendo. Analistas consideran que la ausencia de una definici\u00f3n judicial o pol\u00edtica podr\u00eda mantener vivo el tema durante los pr\u00f3ximos meses e influir en el escenario electoral rumbo a 2027. Sergio Sarmiento El problema no es ya si hay pruebas o no, sino qu\u00e9 tanto da\u00f1o se est\u00e1 haciendo a s\u00ed mismo el gobierno de\u00a0Claudia Sheinbaum\u00a0al\u00a0negarse a detener y extraditar\u00a0a los 10 de Sinaloa. Estados Unidos no va a dejar de ejercer presi\u00f3n para lograr la captura del\u00a0gobernador con licencia\u00a0Rub\u00e9n Rocha Moya\u00a0y los dem\u00e1s exfuncionarios acusados [&hellip;]<\/p>\n","protected":false},"author":3,"featured_media":147580,"comment_status":"open","ping_status":"open","sticky":false,"template":"","format":"standard","meta":{"_jetpack_newsletter_access":"","_jetpack_dont_email_post_to_subs":false,"_jetpack_newsletter_tier_id":0,"_jetpack_memberships_contains_paywalled_content":false,"_jetpack_feature_clip_id":0,"_jetpack_memberships_contains_paid_content":false,"footnotes":"","jetpack_publicize_message":"","jetpack_publicize_feature_enabled":true,"jetpack_social_post_already_shared":true,"jetpack_social_options":{"image_generator_settings":{"template":"highway","default_image_id":0,"font":"","enabled":false},"version":2},"jetpack_post_was_ever_published":false},"categories":[104],"tags":[],"class_list":["post-147575","post","type-post","status-publish","format-standard","has-post-thumbnail","hentry","category-columnistas-estatales","post--single"],"jetpack_publicize_connections":[],"jetpack_featured_media_url":"https:\/\/ovelanalista.com\/wp-content\/uploads\/2026\/06\/Captura-de-pantalla-2026-06-03-a-las-9.33.03-a.m.png","jetpack_sharing_enabled":true,"_links":{"self":[{"href":"https:\/\/ovelanalista.com\/index.php?rest_route=\/wp\/v2\/posts\/147575","targetHints":{"allow":["GET"]}}],"collection":[{"href":"https:\/\/ovelanalista.com\/index.php?rest_route=\/wp\/v2\/posts"}],"about":[{"href":"https:\/\/ovelanalista.com\/index.php?rest_route=\/wp\/v2\/types\/post"}],"author":[{"embeddable":true,"href":"https:\/\/ovelanalista.com\/index.php?rest_route=\/wp\/v2\/users\/3"}],"replies":[{"embeddable":true,"href":"https:\/\/ovelanalista.com\/index.php?rest_route=%2Fwp%2Fv2%2Fcomments&post=147575"}],"version-history":[{"count":1,"href":"https:\/\/ovelanalista.com\/index.php?rest_route=\/wp\/v2\/posts\/147575\/revisions"}],"predecessor-version":[{"id":147581,"href":"https:\/\/ovelanalista.com\/index.php?rest_route=\/wp\/v2\/posts\/147575\/revisions\/147581"}],"wp:featuredmedia":[{"embeddable":true,"href":"https:\/\/ovelanalista.com\/index.php?rest_route=\/wp\/v2\/media\/147580"}],"wp:attachment":[{"href":"https:\/\/ovelanalista.com\/index.php?rest_route=%2Fwp%2Fv2%2Fmedia&parent=147575"}],"wp:term":[{"taxonomy":"category","embeddable":true,"href":"https:\/\/ovelanalista.com\/index.php?rest_route=%2Fwp%2Fv2%2Fcategories&post=147575"},{"taxonomy":"post_tag","embeddable":true,"href":"https:\/\/ovelanalista.com\/index.php?rest_route=%2Fwp%2Fv2%2Ftags&post=147575"}],"curies":[{"name":"wp","href":"https:\/\/api.w.org\/{rel}","templated":true}]}}