{"id":147577,"date":"2026-06-03T14:30:59","date_gmt":"2026-06-03T21:30:59","guid":{"rendered":"https:\/\/ovelanalista.com\/?p=147577"},"modified":"2026-06-03T09:38:20","modified_gmt":"2026-06-03T16:38:20","slug":"deja-la-violencia-10-victimas-mortales-en-sinaloa-durante-el-martes-2-de-junio","status":"publish","type":"post","link":"https:\/\/ovelanalista.com\/?p=147577","title":{"rendered":"Deja la violencia 10 v\u00edctimas mortales en Sinaloa durante el martes 2 de junio"},"content":{"rendered":"<div class=\"lead font-1 fs18\">La Fiscal\u00eda report\u00f3 que nueve de los asesinatos ocurrieron en Culiac\u00e1n y uno en Mazatl\u00e1n; adem\u00e1s se interpusieron denuncias por el despojo de 10 veh\u00edculos y dos privaciones de la libertad.<\/div>\n<div><\/div>\n<div>\n<p>CULIAC\u00c1N. _ Sinaloa concluy\u00f3 el martes 2 de junio con un saldo de 10 personas sin vida, dos denuncias por privaci\u00f3n de la libertad personal y 10 m\u00e1s por el robo de veh\u00edculos, de acuerdo con el reporte de hechos delictivos de la Fiscal\u00eda General del Estado.<\/p>\n<p>Por las muertes, el ente ministerial inici\u00f3 las carpetas de investigaci\u00f3n correspondientes por el delito de homicidio doloso, concentr\u00e1ndose la gran mayor\u00eda de los casos en la zona centro de la entidad.<\/p>\n<div class=\"_form_5\"><\/div>\n<p>Nueve de los 10 homicidios dolosos se registraron en el municipio de Culiac\u00e1n, en sectores como los fraccionamientos Azaleas y Valle Alto, as\u00ed como en las colonias Antonio Toledo Corro, La Conquista, La Campi\u00f1a, 10 de Mayo y Casas Lindas. Asimismo, se report\u00f3 un deceso en las inmediaciones del basur\u00f3n municipal y uno m\u00e1s en un hospital local, donde una persona, menor de edad, falleci\u00f3 tras resultar lesionada en la colonia Laureles Pinos. La d\u00e9cima v\u00edctima fue localizada en Mazatl\u00e1n, en la colonia Luis Echeverr\u00eda.<\/p>\n<p>Por su parte, la Fiscal\u00eda Especializada en Desaparici\u00f3n Forzada de Personas registr\u00f3 dos denuncias formales en la Regi\u00f3n Centro por el delito de privaci\u00f3n de la libertad personal. En tanto, la Unidad Especializada en Robo de Veh\u00edculo de la misma regi\u00f3n recibi\u00f3 un total de 10 denuncias por el despojo de unidades motorizadas durante la misma jornada.<\/p>\n<p>Con informaci\u00f3n de Noroeste<\/p>\n<\/div>\n<div class=\"block\">\n<div class=\"info\">\n<div class=\"bylines font-2 bold fs12\">\n<div class=\"prev_fecha\">\n<div class=\"byline text-uppercase\"><\/div>\n<\/div>\n<\/div>\n<\/div>\n<\/div>\n","protected":false},"excerpt":{"rendered":"<p>La Fiscal\u00eda report\u00f3 que nueve de los asesinatos ocurrieron en Culiac\u00e1n y uno en Mazatl\u00e1n; adem\u00e1s se interpusieron denuncias por el despojo de 10 veh\u00edculos y dos privaciones de la libertad. CULIAC\u00c1N. _ Sinaloa concluy\u00f3 el martes 2 de junio con un saldo de 10 personas sin vida, dos denuncias por privaci\u00f3n de la libertad personal y 10 m\u00e1s por el robo de veh\u00edculos, de acuerdo con el reporte de hechos delictivos de la Fiscal\u00eda General del Estado. Por las muertes, el ente ministerial inici\u00f3 las carpetas de investigaci\u00f3n correspondientes por el delito de homicidio doloso, concentr\u00e1ndose la gran mayor\u00eda [&hellip;]<\/p>\n","protected":false},"author":3,"featured_media":134809,"comment_status":"open","ping_status":"open","sticky":false,"template":"","format":"standard","meta":{"_jetpack_newsletter_access":"","_jetpack_dont_email_post_to_subs":false,"_jetpack_newsletter_tier_id":0,"_jetpack_memberships_contains_paywalled_content":false,"_jetpack_feature_clip_id":0,"_jetpack_memberships_contains_paid_content":false,"footnotes":"","jetpack_publicize_message":"","jetpack_publicize_feature_enabled":true,"jetpack_social_post_already_shared":true,"jetpack_social_options":{"image_generator_settings":{"template":"highway","default_image_id":0,"font":"","enabled":false},"version":2},"jetpack_post_was_ever_published":false},"categories":[90],"tags":[],"class_list":["post-147577","post","type-post","status-publish","format-standard","has-post-thumbnail","hentry","category-estatal","post--single"],"jetpack_publicize_connections":[],"jetpack_featured_media_url":"https:\/\/ovelanalista.com\/wp-content\/uploads\/2025\/11\/Captura-de-Pantalla-2025-11-15-a-las-12.34.42.png","jetpack_sharing_enabled":true,"_links":{"self":[{"href":"https:\/\/ovelanalista.com\/index.php?rest_route=\/wp\/v2\/posts\/147577","targetHints":{"allow":["GET"]}}],"collection":[{"href":"https:\/\/ovelanalista.com\/index.php?rest_route=\/wp\/v2\/posts"}],"about":[{"href":"https:\/\/ovelanalista.com\/index.php?rest_route=\/wp\/v2\/types\/post"}],"author":[{"embeddable":true,"href":"https:\/\/ovelanalista.com\/index.php?rest_route=\/wp\/v2\/users\/3"}],"replies":[{"embeddable":true,"href":"https:\/\/ovelanalista.com\/index.php?rest_route=%2Fwp%2Fv2%2Fcomments&post=147577"}],"version-history":[{"count":1,"href":"https:\/\/ovelanalista.com\/index.php?rest_route=\/wp\/v2\/posts\/147577\/revisions"}],"predecessor-version":[{"id":147584,"href":"https:\/\/ovelanalista.com\/index.php?rest_route=\/wp\/v2\/posts\/147577\/revisions\/147584"}],"wp:featuredmedia":[{"embeddable":true,"href":"https:\/\/ovelanalista.com\/index.php?rest_route=\/wp\/v2\/media\/134809"}],"wp:attachment":[{"href":"https:\/\/ovelanalista.com\/index.php?rest_route=%2Fwp%2Fv2%2Fmedia&parent=147577"}],"wp:term":[{"taxonomy":"category","embeddable":true,"href":"https:\/\/ovelanalista.com\/index.php?rest_route=%2Fwp%2Fv2%2Fcategories&post=147577"},{"taxonomy":"post_tag","embeddable":true,"href":"https:\/\/ovelanalista.com\/index.php?rest_route=%2Fwp%2Fv2%2Ftags&post=147577"}],"curies":[{"name":"wp","href":"https:\/\/api.w.org\/{rel}","templated":true}]}}