{"id":147595,"date":"2026-06-03T09:45:23","date_gmt":"2026-06-03T16:45:23","guid":{"rendered":"https:\/\/ovelanalista.com\/?p=147595"},"modified":"2026-06-03T09:45:23","modified_gmt":"2026-06-03T16:45:23","slug":"ignorantes-ineptos-incompetentes","status":"publish","type":"post","link":"https:\/\/ovelanalista.com\/?p=147595","title":{"rendered":"Ignorantes, ineptos, incompetentes"},"content":{"rendered":"<p><strong>\u00cdNDICE POL\u00cdTICO<\/strong><\/p>\n<p><strong>FRANCISCO RODR\u00cdGUEZ<\/strong><\/p>\n<p>&nbsp;<\/p>\n<p>Me veo obligado a presentarle una disculpa, estimado lector. Durante mucho tiempo he llamado mediocres a los integrantes la clase dizque gobernante. Me equivoqu\u00e9. Me lo hicieron ver hace unos d\u00edas tres colegas y amigos a quienes, despu\u00e9s de escuchar sus argumentos, tuve que darles la raz\u00f3n.<\/p>\n<p>En la administraci\u00f3n federal, lo mismo que en las estatales, en las legislaturas y ahora tambi\u00e9n en el Poder Judicial lo que impera es la ignorancia, la ineptitud y la incompetencia.<\/p>\n<p>No puede ser que, como dijo hace un par de d\u00edas\u00a0<strong>Raymundo Riva Palacio<\/strong>, en Palacio Nacional desconocieran la redistritaci\u00f3n que en diversos estados de la Uni\u00f3n llevan a cabo lo mismo republicanos que dem\u00f3cratas \u2013<strong><em>gerrymandering<\/em><\/strong>, le llaman\u2013 para cada uno tratar de ganar con los suyos los asientos del Congreso que estar\u00e1n en disputa el pr\u00f3ximo primer martes de noviembre. Los del llamado<em>\u00a0Grand Old Party<\/em>, con la ayuda de\u00a0<strong>Donald Trump<\/strong>, llevan la delantera.<\/p>\n<p>Eso se le perdonar\u00eda al aldeano\u00a0<strong>L\u00f3pez Obrador<\/strong>, pero no a\u00a0<strong>Claudia Sheinbam<\/strong>\u00a0quien vivi\u00f3 en Estados Unidos mientras, aparentemente, estudiaba un posgrado.<\/p>\n<p>Ha sido por estos ignorantes, ineptos e incompetentes que, en los \u00faltimos a\u00f1os, el custodio de la armon\u00eda social, el responsable del orden, el encargado de defender al hombre de s\u00ed mismo y a pesar de s\u00ed, el que escucha la voz de las v\u00edctimas, el que blande el \u00edndice acusador, el que impone la barrera del respeto, el que fija el l\u00edmite de la truculencia, el desdoro, la corrupci\u00f3n y los abusos, el que es la \u00faltima instancia de la negociaci\u00f3n, eso que fue conocido como el Estado mexicano qued\u00f3 reducido a escombros.<\/p>\n<p>Sus peores hijos, los ignorantes, ineptos e incompetentes \u2013am\u00e9n de insensatos\u2013 que nos enga\u00f1aron rompieron todo precedente de soborno para aferrarse al poder desde 2018. A su concepto muy especial y reducido del poder.<\/p>\n<p>Amos y se\u00f1ores del prevaricato, del peculado, del chantaje y de la muerte, los \u00f1o\u00f1os del r\u00e9gimen de Cuarta\u2026 se pasan de la raya. Nunca se hab\u00eda visto en la historia de M\u00e9xico un aparato gubernamental tan incompetente, rid\u00edculo, ignorante y rupestre como el que encabeza hoy la se\u00f1ora Sheinbaum por imposici\u00f3n de L\u00f3pez Obrador. Su s\u00edmbolo es una maleta ensangrentada, repleta de dinero proveniente del crimen organizado, Dispuesta a repartirse entre paniaguados de la peor ralea para que tambi\u00e9n ellos se empoderen y roben a placer.<\/p>\n<p>Y si durante el pe\u00f1ato (2012-2018) el s\u00edmbolo tradicional de la autoridad fue el logotipo de la corrupci\u00f3n, hoy lo es el del narcoterrorismo, en t\u00e9rminos ya definidos por la Casa Blanca de Donald Trump.<\/p>\n<p>&nbsp;<\/p>\n<p><strong>\u201cVienen por unos\u2026\u201d \u00bfluego por nosotros?<\/strong><\/p>\n<p>M\u00e1s bajo no se puede caer. Ahora que Morena y sus c\u00f3mplices del PVEM y del PT se est\u00e1n desplomando ante la inminencia del juicio popular o internacional, los ignorantes, ineptos e incompetentes son presa de un pavor descomunal, de un terror nacido en sus entra\u00f1as, que los compel\u00eda a aferrarse al hueso y deturpar y hasta matar a quien se les atraviese. D\u00edganlo si no las familias de los marinos asesinados para silenciarlos en el caso del huachicol fiscal.<\/p>\n<p>Claudia Sheinbaum es la primera miedosa del pa\u00eds. La frase pronunciada por ella \u2013que fue la m\u00e1s destacada en los medios de comunicaci\u00f3n\u2013 en el mitin faccioso del Monumento a la Revoluci\u00f3n hace unos d\u00edas la pone en evidencia.<\/p>\n<p>\u201cHay que tenerlo claro, vienen por unos, luego por otros\u2026 hasta que oficinas del Departamento de Justicia se vuelven el principal elector de M\u00e9xico.\u201d<\/p>\n<p>Lo que en buen cristiano se entiende como \u201c\u00a1vienen por unos, luego por nosotros!<\/p>\n<p>Y s\u00ed. En Estados Unidos son ya varios los funcionarios del gobern\u00f3 trumpista que han se\u00f1alado hasta rudamente que\u00a0<strong>Rub\u00e9n Rocha Moya<\/strong>\u00a0y su\u00a0<strong><em>gang\u00a0<\/em><\/strong>de narcopol\u00edticos \u201cson los primeros\u201d, que vienen por m\u00e1s.<\/p>\n<p>Los nombres de estos \u00faltimos est\u00e1n en boca de todos. Desde\u00a0<strong>Am\u00e9rico Villarreal Jr.,\u00a0<\/strong><strong>Ad\u00e1n Augusto L\u00f3pez, Andr\u00e9s Manuel L\u00f3pez Beltr\u00e1n, Am\u00e9rico Villarreal, Alfonso Durazo, Roc\u00edo Nahle Alfredo Ram\u00edrez, Cuauht\u00e9moc Blanco, Cuitl\u00e1huac Garc\u00eda, Evelyn Salgado, Marina del Pilar \u00c1vila, Rutilio Escand\u00f3n<\/strong>\u2026 m\u00e1s todos los que usted conoce.<\/p>\n<p>Bueno, quiz\u00e1 seguir\u00edan el ex secretario de Marina\u00a0<strong>Rafael Ojeda<\/strong>, el ex director del CNI\u00a0<strong>Audomaro Mart\u00ednez<\/strong>\u00a0y as\u00ed hasta llegar a L\u00f3pez Obrador y, de corbata, a Claudia Sheinbaum cuya campa\u00f1a presidencial ya qued\u00f3 manchada por la narcopol\u00edtica.<\/p>\n<p>\u00a1Vienen por unos, luego por todos ellos!<\/p>\n<p><strong>Los cuatroteros, bajo el signo de la derrota<\/strong><\/p>\n<p>El miedo de los ignorantes, ineptos e incompetentes se ha convertido ya en la sala de ejecuciones pol\u00edticas y criminales de un despotismo huehuenche, el caldo de cultivo de la locura y del florecimiento de todas las reacciones autoritarias y mendaces, el mejor term\u00f3metro para que los ciudadanos nos percat\u00e1ramos de que los apanicados atacan los fundamentos de la raz\u00f3n sin miramientos ni piedad.<\/p>\n<p>Que para protegerse van a \u201clevantar\u201d, secuestrar y desaparecer lo mismo cuerpos humanos que cualquier asomo civil y democr\u00e1tico.<\/p>\n<p>Que utilizar\u00e1n al aparato pol\u00edtico y comunicativo s\u00f3lo para atacar la verdad, para destruir el raciocinio, para demoler la seguridad y la solidaridad humana. Bien dec\u00edan los cl\u00e1sicos: \u201cdonde existe miedo, existe una clase gobernante que le tiene terror a la libertad\u201d.<\/p>\n<p>Y ellos, por su parte, temen perder su propia libertad.<\/p>\n<p>Eso les pasa por haber demolido, antes que nada, las bases de un Estado que se les entreg\u00f3 maltrecho y desgastado, pero que antes sirvi\u00f3 para defender los haberes ciudadanos y pol\u00edticos de la convivencia civilizada. Lo convirtieron en una fosa inmunda, en una caricatura rid\u00edcula de su propia sombra.<\/p>\n<p>Sin idea de gobierno o de pa\u00eds, m\u00e1s all\u00e1 de lo que funcionaba como caja registradora de los moches y de todo lo cobrado por comisiones producto de negociar, subastar y entregar la geograf\u00eda nacional y los restos del concepto de soberan\u00eda popular, los palurdos del sistema naufragaron el barco y se entregaron en cuerpo y alma a los capos del crimen organizado.<\/p>\n<p>El aparato gubernamental que, a trav\u00e9s de la mentira y la sospecha ubica al margen de la ley a cualquier gobernado o ser pensante y diferente a sus macabros designios, retorn\u00f3 a la caverna de la mano del narcoterrorismo que redujo y suprimi\u00f3 la protecci\u00f3n a las garant\u00edas individuales y sociales.<\/p>\n<p>Hoy los ignorantes, ineptos e incompetentes hacen como que trabajan porque se saben bajo el signo de la derrota\u2026 pese al c\u00famulo de cambios constitucionales que han llevado a cabo para aferrarse a un poder que los esquiva.<\/p>\n<p>&nbsp;<\/p>\n<p><strong>Indicios<\/strong><\/p>\n<p>Al estilo del r\u00e9gimen de Cuarta\u2026 Ahora s\u00ed que al cuarto para las 12 convencieron al magisterio disidente de sentarse a dialogar ooootra vez en Gobernaci\u00f3n, mientras los m\u00e1s radicales de la CNTE han llamado a tomar m\u00e1s calles del Centro Hist\u00f3rico de CDMX, instalar m\u00e1s campamentos en plazas y v\u00edas p\u00fablicas, y a cercar el Z\u00f3calo. Ante la inminencia de la inauguraci\u00f3n del campeonato futbol\u00edstico, los profesores llevan la de ganar, porque el gobiernito de Sheinbaum acabar\u00e1 cediendo y entreg\u00e1ndoles millones de pesos del erario, lo cual era su meta. * * * Agradezco que se haya tomado la molestia de leer este\u00a0<strong>\u00cdndice Pol\u00edtico<\/strong>. Y como siempre, le deseo \u00a1buenas gracias y muchos, muchos d\u00edas!<\/p>\n<p><a href=\"https:\/\/indicepolitico.com\/\"><strong>https:\/\/indicepolitico.com<\/strong><\/a><br \/>\n<a href=\"https:\/\/mail.google.com\/mail\/?view=cm&amp;fs=1&amp;tf=1&amp;to=indicepolitico@gmail.com\"><strong>indicepolitico@gmail.com<\/strong><\/a><br \/>\n<a href=\"https:\/\/www.twitter.com\/IndicePolitico\"><strong>@IndicePolitico<\/strong><\/a><br \/>\n<a href=\"https:\/\/www.twitter.com\/pacorodriguez\"><strong>@pacorodriguez<\/strong><\/a><\/p>\n","protected":false},"excerpt":{"rendered":"<p>\u00cdNDICE POL\u00cdTICO FRANCISCO RODR\u00cdGUEZ &nbsp; Me veo obligado a presentarle una disculpa, estimado lector. Durante mucho tiempo he llamado mediocres a los integrantes la clase dizque gobernante. Me equivoqu\u00e9. Me lo hicieron ver hace unos d\u00edas tres colegas y amigos a quienes, despu\u00e9s de escuchar sus argumentos, tuve que darles la raz\u00f3n. En la administraci\u00f3n federal, lo mismo que en las estatales, en las legislaturas y ahora tambi\u00e9n en el Poder Judicial lo que impera es la ignorancia, la ineptitud y la incompetencia. No puede ser que, como dijo hace un par de d\u00edas\u00a0Raymundo Riva Palacio, en Palacio Nacional desconocieran [&hellip;]<\/p>\n","protected":false},"author":3,"featured_media":123550,"comment_status":"open","ping_status":"open","sticky":false,"template":"","format":"standard","meta":{"_jetpack_newsletter_access":"","_jetpack_dont_email_post_to_subs":false,"_jetpack_newsletter_tier_id":0,"_jetpack_memberships_contains_paywalled_content":false,"_jetpack_feature_clip_id":0,"_jetpack_memberships_contains_paid_content":false,"footnotes":"","jetpack_publicize_message":"","jetpack_publicize_feature_enabled":true,"jetpack_social_post_already_shared":true,"jetpack_social_options":{"image_generator_settings":{"template":"highway","default_image_id":0,"font":"","enabled":false},"version":2},"jetpack_post_was_ever_published":false},"categories":[79],"tags":[],"class_list":["post-147595","post","type-post","status-publish","format-standard","has-post-thumbnail","hentry","category-columnistas-nacionales","post--single"],"jetpack_publicize_connections":[],"jetpack_featured_media_url":"https:\/\/ovelanalista.com\/wp-content\/uploads\/2025\/06\/francisco_rodriguez.jpg","jetpack_sharing_enabled":true,"_links":{"self":[{"href":"https:\/\/ovelanalista.com\/index.php?rest_route=\/wp\/v2\/posts\/147595","targetHints":{"allow":["GET"]}}],"collection":[{"href":"https:\/\/ovelanalista.com\/index.php?rest_route=\/wp\/v2\/posts"}],"about":[{"href":"https:\/\/ovelanalista.com\/index.php?rest_route=\/wp\/v2\/types\/post"}],"author":[{"embeddable":true,"href":"https:\/\/ovelanalista.com\/index.php?rest_route=\/wp\/v2\/users\/3"}],"replies":[{"embeddable":true,"href":"https:\/\/ovelanalista.com\/index.php?rest_route=%2Fwp%2Fv2%2Fcomments&post=147595"}],"version-history":[{"count":1,"href":"https:\/\/ovelanalista.com\/index.php?rest_route=\/wp\/v2\/posts\/147595\/revisions"}],"predecessor-version":[{"id":147597,"href":"https:\/\/ovelanalista.com\/index.php?rest_route=\/wp\/v2\/posts\/147595\/revisions\/147597"}],"wp:featuredmedia":[{"embeddable":true,"href":"https:\/\/ovelanalista.com\/index.php?rest_route=\/wp\/v2\/media\/123550"}],"wp:attachment":[{"href":"https:\/\/ovelanalista.com\/index.php?rest_route=%2Fwp%2Fv2%2Fmedia&parent=147595"}],"wp:term":[{"taxonomy":"category","embeddable":true,"href":"https:\/\/ovelanalista.com\/index.php?rest_route=%2Fwp%2Fv2%2Fcategories&post=147595"},{"taxonomy":"post_tag","embeddable":true,"href":"https:\/\/ovelanalista.com\/index.php?rest_route=%2Fwp%2Fv2%2Ftags&post=147595"}],"curies":[{"name":"wp","href":"https:\/\/api.w.org\/{rel}","templated":true}]}}