{"id":147596,"date":"2026-06-03T09:55:31","date_gmt":"2026-06-03T16:55:31","guid":{"rendered":"https:\/\/ovelanalista.com\/?p=147596"},"modified":"2026-06-03T09:47:26","modified_gmt":"2026-06-03T16:47:26","slug":"catedra-de-comunicacion-de-sheinbaum","status":"publish","type":"post","link":"https:\/\/ovelanalista.com\/?p=147596","title":{"rendered":"C\u00e1tedra de comunicaci\u00f3n de Sheinbaum"},"content":{"rendered":"<p><strong>Diario Ejecutivo<\/strong><\/p>\n<ul>\n<li><b>C\u00e1tedra de comunicaci\u00f3n de Sheinbaum<\/b><\/li>\n<li><b>Invita a la sociedad a debatir sobre el tema<\/b><\/li>\n<li><b>T-MEC, Espa\u00f1a, Pemex, Reservas, Medios<\/b><\/li>\n<\/ul>\n<p><strong>Roberto Fuentes Vivar<\/strong><\/p>\n<p>&nbsp;<\/p>\n<p>La presidenta Claudia Sheinbaum sustent\u00f3 el lunes, durante la ma\u00f1anera, lo que podr\u00eda considerarse una conferencia \u201cmaster\u201d sobre comunicaci\u00f3n, al explicar detalles de las campa\u00f1as que se han desatado en su contra y que desean enemistar a M\u00e9xico con Estados Unidos.<\/p>\n<p>Incluso, Carlos Fern\u00e1ndez Collado, presidente de la Asociaci\u00f3n Iberoamericana de la Comunicaci\u00f3n (Asicom) escribi\u00f3 en su muro de Facebook lo siguiente: \u201cLa ma\u00f1anera de hoy de la presidenta Sheinbaum fue una master class de alfabetizaci\u00f3n medi\u00e1tica\u201d, lo que le signific\u00f3 respuestas negativas (algunas de odio) de sus seguidores.<\/p>\n<p>Para empezar la presidenta denunci\u00f3 que existe desde hace varias semanas una campa\u00f1a que pretende generar una discordancia en las relaciones entre M\u00e9xico y el vecino pa\u00eds del norte, apoyada por la derecha nacional e internacional.<\/p>\n<p>Los de la derecha \u201cno est\u00e1n de acuerdo con la libertad de expresi\u00f3n. Aunque digan que est\u00e1n de acuerdo, en realidad, no lo est\u00e1n\u201d y a\u00f1adi\u00f3: \u201cEntonces, esos sectores en M\u00e9xico que se vinculan con sectores de derecha de todo el mundo, y particularmente Estados Unidos, pues son los que se vinculan y buscan que no haya una buena relaci\u00f3n entre nuestros pa\u00edses\u201d.<\/p>\n<p>Y comenz\u00f3 a poner, como lo se\u00f1al\u00f3 ella misma, los puntos sobre las \u00edes, sobre lo que es lo que consideramos que ha ocurrido en el \u00faltimo mes. \u201cY al mismo tiempo, tambi\u00e9n, lo que representa toda esta campa\u00f1a en contra nuestra, que est\u00e1 orquestada en mucho por este esquema en donde el dinero es lo que m\u00e1s cuenta\u201d.<\/p>\n<p>A continuaci\u00f3n, expongo de manera textual algunos p\u00e1rrafos de esa clase m\u00e1ster:<\/p>\n<p>\u201cParece que en las redes sociales hay un asunto nada m\u00e1s de debate pol\u00edtico entre un punto de vista y otro; a veces, por cierto, muy negativo, de mucho odio. Pero no, de un lado hay robots, bots, que se han denunciado muchas veces y que los vamos a seguir presentando aqu\u00ed, de c\u00f3mo orientan la conversaci\u00f3n en las redes sociales.<\/p>\n<p>\u201cY tambi\u00e9n es muy importante reflexionar sobre qui\u00e9nes son los due\u00f1os de estas plataformas, qui\u00e9n orienta los algoritmos. Porque las plataformas no son de Estados\u2026 son el esquema de comunicaci\u00f3n menos regulado del mundo, y hoy tiene much\u00edsima influencia.<\/p>\n<p>Posteriormente ley\u00f3 p\u00e1rrafos de m\u00e1s reciente enc\u00edclica del Papa Le\u00f3n XIV, explicando que \u201ces que es muy interesante y es muy importante que este tema se discuta en el pa\u00eds, se discuta desde las casas, desde las familias: c\u00f3mo se usan las redes sociales, cu\u00e1nto tiempo las ni\u00f1as y los ni\u00f1os est\u00e1n en las redes sociales, la informaci\u00f3n que viene ah\u00ed de todo tipo, de todo tipo; y la ansiedad que provocan las redes sociales en muchos casos a las ni\u00f1as y los ni\u00f1os, que hay mucho escrito sobre esto. Y tambi\u00e9n en t\u00e9rminos de la pol\u00edtica nacional, c\u00f3mo influyen las redes sociales a partir de algoritmos y a partir de: a qui\u00e9n le pertenecen estas grandes plataformas, y c\u00f3mo se orienta desde una perspectiva de muy pocas personas la conversaci\u00f3n en una red\u201d.<\/p>\n<p>Y ley\u00f3 partes de la enc\u00edclica: \u201cEn este tiempo, la justicia social debe confrontarse tambi\u00e9n con el ambiente creado por las tecnolog\u00edas digitales. La difusi\u00f3n de redes globales, plataformas y sistemas de Inteligencia Artificial cambia el modo de informarse, de comunicar y de acceder a los servicios. La justicia exige \u2015f\u00edjense, eh\u2015, la justicia exige que se impida el seguimiento de nuevas formas de exclusi\u00f3n y privaci\u00f3n de la libertad: personas y pueblos a los que se les niega o dificulta el acceso a las tecnolog\u00edas b\u00e1sicas, comunidades expuestas a vigilancia invasiva y grupos sociales perjudicados por algoritmos opacos que reproducen prejuicios y discriminaciones\u201d.<\/p>\n<p>Sigui\u00f3 leyendo: \u201cUn orden social justo en la era digital es aquel que garantiza a todos un acceso igualitario a las oportunidades, protege a los m\u00e1s peque\u00f1os y a los m\u00e1s fr\u00e1giles, se opone al odio y a la desinformaci\u00f3n, y somete a control p\u00fablico el uso de los datos y de las tecnolog\u00edas, de modo que el criterio no sea s\u00f3lo el beneficio sino la dignidad de cada persona y el bien de los pueblos\u201d.<\/p>\n<p>\u201cUn examen decisivo para la justicia social hoy est\u00e1 representado por la condici\u00f3n de los migrantes, de los refugiados y de cu\u00e1ntos son obligados a desplazarse a causa de la pobreza, la violencia, el cambio clim\u00e1tico y los desastres naturales. El modo en el cual una sociedad los trata muestra si su idea de justicia est\u00e1 guiada por el miedo o por la fraternidad. El Papa Francisco invitaba a reconocer en los migrantes no simplemente un problema a resolver, sino \u201cuna imagen viva del Pueblo de Dios en camino\u201d; personas con dignidad, recursos y sue\u00f1os, que tienen derecho a ser tratadas con respeto y piden la oportunidad de poder formar parte activa de las sociedades que las reciben.<\/p>\n<p>\u201cEl desarrollo, tanto para las personas como para las naciones, es una tarea y al mismo tiempo un derecho; requiere condiciones m\u00ednimas que hagan posible a cada persona y a cada pueblo madurar seg\u00fan la propia dignidad, sin ser mantenidos en dependencia o excluidos del acceso a los bienes necesarios. El desarrollo es humano cuando pone en el centro a las personas y no la acumulaci\u00f3n de bienes, y cuando se refiere tambi\u00e9n a los pueblos, no s\u00f3lo a los individuos. La justicia exige el reconocimiento de los derechos sociales y de los derechos de los pueblos, e incluye la responsabilidad hacia los que ver\u00e1n despu\u00e9s de nosotros.<\/p>\n<p>\u201cEl uso de la Inteligencia Artificial nunca es un hecho puramente t\u00e9cnico: cuando entra en procesos que inciden en la vida de las personas, afecta a sus derechos, oportunidades, reputaci\u00f3n y libertad. Las decisiones delicadas que repercuten en el trabajo, el acceso a cr\u00e9ditos y a otros servicios, y la reputaci\u00f3n de las personas, corren el riesgo de ser confiadas completamente a sistemas automatizados que no conocen \u201cla compasi\u00f3n, la misericordia, el perd\u00f3n y, sobre todo, la apertura a la esperanza de cambio en el individuo\u201d, pudiendo as\u00ed producir nuevas formas de descarte. Puede haber usos evidentemente antihumanos, como la manipulaci\u00f3n de la informaci\u00f3n o la violaci\u00f3n de la privacidad, pero puede haber tambi\u00e9n un enga\u00f1o menos evidente, cuando los sistemas de Inteligencia Artificial, present\u00e1ndose como neutrales y objetivos, reflejan y refuerzan estereotipos o posiciones ideol\u00f3gicas de quienes los han dise\u00f1ado y programado.<\/p>\n<p>\u201cConfiar, en la pr\u00e1ctica, a un algoritmo, el poder de seleccionar qui\u00e9n es digno y qui\u00e9n no, sin que nadie asuma el peso de la decisi\u00f3n, significa encomendarle la tarea de redefinir los l\u00edmites de las posibilidades humanas. Lo que disminuye, en este proceso, no es s\u00f3lo la empat\u00eda hacia el excluido, que puede ser imitada artificialmente, sino la responsabilidad pol\u00edtica, porque el descarte de los d\u00e9biles queda revestido de una neutralidad y una objetividad ante las cuales es imposible protestar. Y, de ese modo, la injusticia se realiza silenciosamente y la compasi\u00f3n, la misericordia y el perd\u00f3n no como simple apariencia, sino como gestos pol\u00edticos, desaparecen del horizonte\u201d.<\/p>\n<p>Hasta aqu\u00ed lo ley\u00f3 del documento papal, pero prosigui\u00f3 con el tema:<\/p>\n<p>\u201cMuy interesante porque, de verdad, es un cuestionamiento muy profundo de los algoritmos, de las redes sociales, del uso de la Inteligencia Artificial, de si realmente responden a un progreso de la humanidad o responden a otros intereses, incluso de la regulaci\u00f3n de la propia Inteligencia Artificial; planteado por el Papa Le\u00f3n XIV\u201d.<\/p>\n<p>La presidenta Sheinbaum a\u00f1adi\u00f3: \u201c Y en parte a eso me refer\u00eda yo el d\u00eda de ayer cuando hablo de estas campa\u00f1as que son pagadas, que entran en el proceso de los algoritmos y que vale mucho la pena, porque hoy las redes sociales se han vuelto el principal factor de informaci\u00f3n, comunicaci\u00f3n, aprendizaje; pero tienen algoritmos, no es neutral; y adem\u00e1s, se prestan a pagar, a que el dinero sea el que genere la informaci\u00f3n, a partir de qui\u00e9n lo paga y la propia concentraci\u00f3n de estas plataformas en unas cuantas manos\u201d.<\/p>\n<p>Por eso invit\u00f3 a un debate de todos respecto a este tema relacionado con la comunicaci\u00f3n: \u201cEs algo indispensable de discutir, porque cuando hay tanto dinero involucrado, cuando hay orientaci\u00f3n de ciertos algoritmos, que no solo es la t\u00e9cnica, sino tambi\u00e9n la manipulaci\u00f3n de la informaci\u00f3n, entonces vale la pena entender c\u00f3mo nos estamos informando. Y avanzar en nuestro pa\u00eds en que no sea una orientaci\u00f3n de fuera de quien est\u00e1 manipulando, muchas veces, la informaci\u00f3n y la comunicaci\u00f3n. Es muy importante esta discusi\u00f3n en el pa\u00eds\u201d.<\/p>\n<p>Desde luego, entre la lectura de la enc\u00edclica papal y las opiniones de la presidenta qued\u00f3 claro que buena parte de las campa\u00f1as en su contra se encuentran bajo los preceptos del manejo de algoritmos para tratar de influir en la opini\u00f3n p\u00fablica.<\/p>\n<p>Definitivamente s\u00ed vale la pena escuchar la ma\u00f1anera completa en la cual la presidenta invita a los mexicanos a dudar de lo que se puede leer o ver en las redes sociales, porque podr\u00eda estar manipulado con intereses pol\u00edticos y econ\u00f3micos muy espec\u00edficos.<\/p>\n<p>Dice el fil\u00f3sofo del metro: La informaci\u00f3n es un derecho su manipulaci\u00f3n es sacar provecho.<\/p>\n<p>&nbsp;<\/p>\n<p>Tianguis<\/p>\n<p>El secretario de Econom\u00eda, Marcelo Ebrard,\u00a0<b>inform\u00f3 este martes que M\u00e9xico y Canad\u00e1 enviaron cartas formales a Estados Unidos para que el tratado trilateral se mantenga por los pr\u00f3ximos 16 a\u00f1os<\/b>, una vez que sea revisado en las pr\u00f3ximas semanas. Ebrard envi\u00f3 el oficio el uno de junio dirigido al representante comercial de Estados Unidos, Jamieson Greer, y al ministro canadiense Dominic LeBlanc. Horas despu\u00e9s el propio ministro canadiense remiti\u00f3 una comunicaci\u00f3n similar al gobierno de Estados Unidos. La misiva de Ebrard se\u00f1ala que la extensi\u00f3n del tratado es necesaria para dar certidumbre a los inversionistas, dado que las consultas reflejaron una percepci\u00f3n positiva sobre el acuerdo como un instrumento que propicia la estabilidad econ\u00f3mica y brinda certeza jur\u00eddica.\u00a0\u00a0\u201c<b>M\u00e9xico reafirma su compromiso con la prosperidad compartida de Am\u00e9rica del Norte<\/b>. Sin embargo, continuar este crecimiento econ\u00f3mico s\u00f3lo se dar\u00e1 dando certidumbre a los inversionistas que buscan nuestra fortaleza de mercado. Por ende, la posici\u00f3n de M\u00e9xico es de extender el tratado por 16 a\u00f1os m\u00e1s y buscar acuerdos que beneficien, en respeto mutuo, y en consenso, a las tres naciones\u201d, indica la carta mexicana\u2026 Por cierto, este martes Ebrard se reuni\u00f3 con viceministro de econom\u00eda de Espa\u00f1a, Carlos Cuerpo, durante el Encuentro Empresarial M\u00e9xico-Espa\u00f1a, celebrado en la Ciudad de M\u00e9xico.\u00a0<b>En el evento, los dos propusieron incrementar el comercio y la inversi\u00f3n bilateral hacia 2030, a partir de la entrada en vigor del acuerdo de modernizaci\u00f3n entre M\u00e9xico y la Uni\u00f3n Europea<\/b>. El encuentro reuni\u00f3 a 66 empresas espa\u00f1olas, representantes de sectores como energ\u00eda, servicios financieros, infraestructura, agua y tecnolog\u00eda\u2026 Por cierto, la tercera edici\u00f3n del Bar\u00f3metro sobre clima y perspectivas de la inversi\u00f3n espa\u00f1ola en M\u00e9xico, realizado por la C\u00e1mara Espa\u00f1ola de Comercio en M\u00e9xico,\u00a0<b>indica que el a\u00f1o pasado nos consolidamos como el segundo mayor receptor de flujos privados con un monto acumulado que supera los 68 mil 800 millones de euros,\u00a0<\/b>cifra que representa m\u00e1s del 10 por ciento del total de la inversi\u00f3n directa espa\u00f1ola en el exterior\u2026 La presidenta Claudia Sheinbaum inform\u00f3 que en las pr\u00f3ximas semanas Petr\u00f3leos\u00a0<b>Mexicanos (Pemex) firmar\u00e1 un acuerdo de colaboraci\u00f3n con Petrobras para obtener asistencia en la exploraci\u00f3n y producci\u00f3n de petr\u00f3leo en aguas profundas<\/b>. De acuerdo con la mandataria, Brasil ha desarrollado tecnolog\u00eda y t\u00e9cnicas importantes para extraer el crudo en estas condiciones. Espec\u00edficamente mencion\u00f3 que la empresa brasile\u00f1a ha desarrollado otras formas de explorar en zonas m\u00e1s profundas donde hubo un yacimiento que ya ha sido explotado ampliamente como el caso de Cantarell, en el Golfo de M\u00e9xico, precis\u00f3 la mandataria\u2026 Bien por la Comisi\u00f3n Reguladora de Telecomunicaciones\u00a0<b>(CRT) que aprob\u00f3 los nuevos lineamientos generales para el otorgamiento de concesiones de uso social comunitaria, ind\u00edgena y afromexicana<\/b>, con el objetivo de facilitar el acceso de comunidades y organizaciones sociales a los servicios de telecomunicaciones y radiodifusi\u00f3n en todo el pa\u00eds. Un comunicado de la Comisi\u00f3n indica que los nuevos lineamientos reducen de 13 a ocho los requisitos para obtener una concesi\u00f3n de estas modalidades, incorporan formatos m\u00e1s accesibles y permiten realizar tr\u00e1mites tanto de manera f\u00edsica como digital. Ojal\u00e1 realmente se facilite la posibilidad de abrir m\u00e1s estaciones comunitarias en radio y \u00bfpor qu\u00e9 no? hasta en televisi\u00f3n\u2026 El Banco de M\u00e9xico inform\u00f3 que la semana pasada las reservas internacionales crecieron en 784 millones de d\u00f3lares, con lo que concluyeron\u00a0<b>los primeros cinco meses del a\u00f1o en un total de 256 mil 600 millones de d\u00f3lares. En lo que va del a\u00f1o, han aumentado en cuatro mil 725 millones<\/b>\u00a0de d\u00f3lares, a diferencia de otros pa\u00edses latinoamericanos en donde se mantienen inestables por la guerra de Ir\u00e1n. Nada m\u00e1s desde que entr\u00f3 la cuarta transformaci\u00f3n al Gobierno Federal, han crecido en m\u00e1s de 80 mil millones de d\u00f3lares, mientras que el peso no solo no se ha devaluado, sino que es una de las monedas m\u00e1s apreciadas en lo que va del a\u00f1o\u2026\u00a0\u00a0La inauguraci\u00f3n este fin de semana del Puente Capullos marca un hito m\u00e1s all\u00e1 de la obra p\u00fablica. En una zona metropolitana marcada por problemas de movilidad, fragmentaci\u00f3n urbana y presi\u00f3n ambiental, la conexi\u00f3n peatonal entre el DIF Capullos, el Parque del Agua y el Estadio BBVA representa un intento por integrar infraestructura social, espacio p\u00fablico y recuperaci\u00f3n ecol\u00f3gica bajo una misma l\u00f3gica urbana.\u00a0<b>Es un proyecto que forma parte de un corredor de 78 hect\u00e1reas que busca reordenar una de las \u00e1reas con mayor dinamismo de Monterrey a casi nada del Mundial 2026 de FIFA.<\/b>\u00a0Y m\u00e1s all\u00e1 del entretenimiento, tambi\u00e9n incorpora movilidad peatonal, manejo h\u00eddrico y recuperaci\u00f3n de espacios hist\u00f3ricos del antiguo Bosque M\u00e1gico. La participaci\u00f3n de la firma RECSA, de Humberto Armenta, en el desarrollo del complejo refleja adem\u00e1s un cambio en el tipo de infraestructura que demandan las ciudades\u2026 De acuerdo con\u00a0<b>Bernardo L\u00f3pez, subdirector de consultor\u00eda actuarial de Lockton M\u00e9xico, el Mundial pondr\u00e1 a prueba la retenci\u00f3n de talento en nuestro pa\u00eds,<\/b>\u00a0porque el aumento en la demanda laboral podr\u00eda acelerar la rotaci\u00f3n, especialmente en sectores donde la informalidad compite directamente con el empleo formal. Ante este escenario, m\u00e1s que la atracci\u00f3n de talento, el reto estar\u00e1 en gestionar la rotaci\u00f3n, fortalecer la permanencia y comunicar de forma efectiva el valor de las prestaciones y la seguridad social, elementos clave para la estabilidad de la fuerza laboral, dijo.<\/p>\n<p><a title=\"mailto:filosofodelmetro@yahoo.com.mx\" href=\"mailto:filosofodelmetro@yahoo.com.mx\" data-linkindex=\"44\">filosofodelmetro@yahoo.com.mx<\/a><\/p>\n","protected":false},"excerpt":{"rendered":"<p>Diario Ejecutivo C\u00e1tedra de comunicaci\u00f3n de Sheinbaum Invita a la sociedad a debatir sobre el tema T-MEC, Espa\u00f1a, Pemex, Reservas, Medios Roberto Fuentes Vivar &nbsp; La presidenta Claudia Sheinbaum sustent\u00f3 el lunes, durante la ma\u00f1anera, lo que podr\u00eda considerarse una conferencia \u201cmaster\u201d sobre comunicaci\u00f3n, al explicar detalles de las campa\u00f1as que se han desatado en su contra y que desean enemistar a M\u00e9xico con Estados Unidos. Incluso, Carlos Fern\u00e1ndez Collado, presidente de la Asociaci\u00f3n Iberoamericana de la Comunicaci\u00f3n (Asicom) escribi\u00f3 en su muro de Facebook lo siguiente: \u201cLa ma\u00f1anera de hoy de la presidenta Sheinbaum fue una master class de [&hellip;]<\/p>\n","protected":false},"author":3,"featured_media":86153,"comment_status":"open","ping_status":"open","sticky":false,"template":"","format":"standard","meta":{"_jetpack_newsletter_access":"","_jetpack_dont_email_post_to_subs":false,"_jetpack_newsletter_tier_id":0,"_jetpack_memberships_contains_paywalled_content":false,"_jetpack_feature_clip_id":0,"_jetpack_memberships_contains_paid_content":false,"footnotes":"","jetpack_publicize_message":"","jetpack_publicize_feature_enabled":true,"jetpack_social_post_already_shared":true,"jetpack_social_options":{"image_generator_settings":{"template":"highway","default_image_id":0,"font":"","enabled":false},"version":2},"jetpack_post_was_ever_published":false},"categories":[79],"tags":[],"class_list":["post-147596","post","type-post","status-publish","format-standard","has-post-thumbnail","hentry","category-columnistas-nacionales","post--single"],"jetpack_publicize_connections":[],"jetpack_featured_media_url":"https:\/\/ovelanalista.com\/wp-content\/uploads\/2023\/11\/roberto_fuentes_vivar.jpeg","jetpack_sharing_enabled":true,"_links":{"self":[{"href":"https:\/\/ovelanalista.com\/index.php?rest_route=\/wp\/v2\/posts\/147596","targetHints":{"allow":["GET"]}}],"collection":[{"href":"https:\/\/ovelanalista.com\/index.php?rest_route=\/wp\/v2\/posts"}],"about":[{"href":"https:\/\/ovelanalista.com\/index.php?rest_route=\/wp\/v2\/types\/post"}],"author":[{"embeddable":true,"href":"https:\/\/ovelanalista.com\/index.php?rest_route=\/wp\/v2\/users\/3"}],"replies":[{"embeddable":true,"href":"https:\/\/ovelanalista.com\/index.php?rest_route=%2Fwp%2Fv2%2Fcomments&post=147596"}],"version-history":[{"count":1,"href":"https:\/\/ovelanalista.com\/index.php?rest_route=\/wp\/v2\/posts\/147596\/revisions"}],"predecessor-version":[{"id":147600,"href":"https:\/\/ovelanalista.com\/index.php?rest_route=\/wp\/v2\/posts\/147596\/revisions\/147600"}],"wp:featuredmedia":[{"embeddable":true,"href":"https:\/\/ovelanalista.com\/index.php?rest_route=\/wp\/v2\/media\/86153"}],"wp:attachment":[{"href":"https:\/\/ovelanalista.com\/index.php?rest_route=%2Fwp%2Fv2%2Fmedia&parent=147596"}],"wp:term":[{"taxonomy":"category","embeddable":true,"href":"https:\/\/ovelanalista.com\/index.php?rest_route=%2Fwp%2Fv2%2Fcategories&post=147596"},{"taxonomy":"post_tag","embeddable":true,"href":"https:\/\/ovelanalista.com\/index.php?rest_route=%2Fwp%2Fv2%2Ftags&post=147596"}],"curies":[{"name":"wp","href":"https:\/\/api.w.org\/{rel}","templated":true}]}}