{"id":149597,"date":"2026-07-15T09:18:25","date_gmt":"2026-07-15T16:18:25","guid":{"rendered":"https:\/\/ovelanalista.com\/?p=149597"},"modified":"2026-07-15T09:18:25","modified_gmt":"2026-07-15T16:18:25","slug":"la-casa-limpia-y-ordenada","status":"publish","type":"post","link":"https:\/\/ovelanalista.com\/?p=149597","title":{"rendered":"La casa limpia y ordenada"},"content":{"rendered":"<p><strong>Utop\u00eda<\/strong><\/p>\n<p><strong>Eduardo Ibarra Aguirre<\/strong><\/p>\n<p>&nbsp;<\/p>\n<p>En tres d\u00edas circularon dos argumentados pronunciamientos que colocan a la corrupci\u00f3n y la impunidad como el problema estructural n\u00famero uno de la naci\u00f3n mexicana. El primero se hizo en forma de entrevista con el doctor Lorenzo Meyer, a cargo de Sabina Berman, pero ella prefiere llamarla \u201cconversaci\u00f3n\u201d, acaso porque le permite inducir al entrevistado a definirse alrededor de lo que la conductora piensa u opina alrededor de los temas en cuesti\u00f3n.<\/p>\n<p>El segundo es un art\u00edculo del periodista y escritor Alejandro P\u00e1ez Varela que en su parte medular plantea de la siguiente manera el tema: \u201cEl reto m\u00e1s grande de Claudia Sheinbaum Pardo en el corto, mediano y largo plazos; el reto que har\u00e1 que su Presidencia realmente se distinga, es combatir la corrupci\u00f3n y la impunidad. No uno o cinco alcaldes presos, no: es ir por los \u2018machuchones\u2019, los de verdad, en una cruzada que ponga todas las estructuras podridas a temblar.\u201d<\/p>\n<p>Y explica el novelista y editor en los siguientes t\u00e9rminos los porqu\u00e9s de su temblorosa tesis o afirmaci\u00f3n: \u201cCorrupci\u00f3n e impunidad nos hacen vulnerables ante Estados Unidos; afectan el desempe\u00f1o de la econom\u00eda; alimentan a la prensa deshonesta; vulneran la relaci\u00f3n con los votantes; impulsan la violencia; queman recursos p\u00fablicos; minan los sue\u00f1os de la izquierda; aletargan la justicia; manchan todo el sistema de partidos y Gobierno y aflojan las tuercas de la gran maquinaria que es M\u00e9xico.\u201d<\/p>\n<p>En la apreciaci\u00f3n de la vulnerabilidad ante el imperio de las barras y las estrellas y su actual y desmesuradamente belicoso, c\u00ednico y corrupto administrador, Donald John Trump, el historiador y profesor em\u00e9rito de El Colegio de M\u00e9xico coincide con el periodista o al rev\u00e9s porque la entrevista en Largo Aliento (canales 14 y 11) se divulg\u00f3 primero.<\/p>\n<p>El tambi\u00e9n polit\u00f3logo e internacionalista Meyer Coss\u00edo incluso plante\u00f3 que ahora se entiende que \u201cla mejor pol\u00edtica exterior es la interior\u201d, como dec\u00eda el entonces presidente Andr\u00e9s Manuel L\u00f3pez Obrador, y que tener la casa limpia y en orden nos hace muy fuertes ante el exterior y en particular allende el r\u00edo Bravo, donde despacha y hace negocios familiares, privados, el afamado paid\u00f3filo y extorsionador.<\/p>\n<p>Con todo respeto e incluso admiraci\u00f3n, observo una buena dosis de candidez, entendida como ingenuidad, en el planteamiento cuando Donaldo Juan ya mostr\u00f3 hasta la saciedad lo que es capaz de hacer all\u00ed donde la correlaci\u00f3n de fuerzas nacional y global se lo permiten y la insuficiente resistencia ciudadana y gubernamental, nacional y terr\u00e1quea, no pueden todav\u00eda amarrarle las manos.<\/p>\n<p>Con corrupci\u00f3n o sin ella, con M\u00e9xico como en casa de cristal o con el sello de la corrupci\u00f3n que es centenaria, pero ni remotamente comparable con la que se desborda en Estados Unidos, en particular en las \u00e9lites empresariales y pol\u00edticas, Donald John intentar\u00e1 hacer todo que est\u00e9 a su alcance para materializar sus objetivos geopol\u00edticos, entre los que se encuentra un vecino seguro y una econom\u00eda mexicana m\u00e1s integrada a la estadunidense, y todav\u00eda m\u00e1s dependiente que interdependiente.<\/p>\n<p>Por supuesto que puedo estar equivocado, pero a esta altura de la terror\u00edfica pel\u00edcula trumpista a lo que no tenemos derecho, no deber\u00edamos otorg\u00e1rnoslo, es a practicar la candidez pol\u00edtica y menos con un gobierno y un sistema que descarnada y descaradamente \u2013sin flores ni derechos humanos ni democracia\u2013, puja por retrotraer al mundo a los a\u00f1os 30 y 40 del siglo XX. Y la mejor y m\u00e1s acabada prueba es el Reino de Dinamarca, en particular Groenlandia.<\/p>\n<p>&nbsp;<\/p>\n<p><strong>Acuse de recibo<\/strong><\/p>\n<p>Sin mediar invitaci\u00f3n me adhiero: \u201c40 televisoras p\u00fablicas hacen un llamado por la preservaci\u00f3n de la videoteca de @canaloncetv, un acervo hist\u00f3rico de 67 a\u00f1os de la vida p\u00fablica de M\u00e9xico que le pertenece a los y las mexicanas\u201d. (\u2026) El escritor Fabricio Mej\u00eda Madrid explic\u00f3 en X que \u201cEs un acervo \u00fanico que est\u00e1 en riesgo porque ha estado desconectada la temperatura a que debe estar\u201d. (\u2026) La docena o menos de \u201cestudiantes\u201d que tienen tomadas las instalaciones, est\u00e1n obligados en t\u00e9rminos morales, si realmente son polit\u00e9cnicos, a respetar lo que pertenece a todos los mexicanos y deponer su actitud intransigente, sobre todo despu\u00e9s de que se les film\u00f3 y grab\u00f3 recibiendo dinero de persona ajenas al Instituto Polit\u00e9cnico Nacional. (\u2026) Hace 58 a\u00f1os (14-VII-68) naci\u00f3 Francisco Fernando Sol\u00eds Pe\u00f3n, un destacado activista pol\u00edtico, periodista en el g\u00e9nero de opini\u00f3n y form\u00f3 parte del Partido Acci\u00f3n Nacional. Durante 2000-2003 fue diputado a la Asamblea Legislativa del Distrito Federal, y a partir de entonces popularmente conocido como Pancho Cachondo o el Dipu-table; tambi\u00e9n fungi\u00f3 como candidato local independiente en Yucat\u00e1n. Egresado de la Escuela Libre de Derecho, Paco fue un activo del ya inexistente Grupo Mar\u00eda Cristina desde fines de los a\u00f1os 90 hasta 2020. Sol\u00eds Pe\u00f3n vivi\u00f3 alegre e intensamente poco menos de 52 a\u00f1os y le rend\u00eda culto hasta el final de sus d\u00edas a Baco y Dionisio. Falleci\u00f3 el 14 de marzo de 2022 en M\u00e9rida por Covid-19.<\/p>\n<p>http:\/\/www.forumenlinea.com\/ X: @forumenlinea forum@forumenl\u00ednea.com<\/p>\n","protected":false},"excerpt":{"rendered":"<p>Utop\u00eda Eduardo Ibarra Aguirre &nbsp; En tres d\u00edas circularon dos argumentados pronunciamientos que colocan a la corrupci\u00f3n y la impunidad como el problema estructural n\u00famero uno de la naci\u00f3n mexicana. El primero se hizo en forma de entrevista con el doctor Lorenzo Meyer, a cargo de Sabina Berman, pero ella prefiere llamarla \u201cconversaci\u00f3n\u201d, acaso porque le permite inducir al entrevistado a definirse alrededor de lo que la conductora piensa u opina alrededor de los temas en cuesti\u00f3n. El segundo es un art\u00edculo del periodista y escritor Alejandro P\u00e1ez Varela que en su parte medular plantea de la siguiente manera el [&hellip;]<\/p>\n","protected":false},"author":3,"featured_media":92333,"comment_status":"open","ping_status":"open","sticky":false,"template":"","format":"standard","meta":{"_jetpack_newsletter_access":"","_jetpack_dont_email_post_to_subs":false,"_jetpack_newsletter_tier_id":0,"_jetpack_memberships_contains_paywalled_content":false,"_jetpack_feature_clip_id":0,"_jetpack_memberships_contains_paid_content":false,"footnotes":"","jetpack_publicize_message":"","jetpack_publicize_feature_enabled":true,"jetpack_social_post_already_shared":true,"jetpack_social_options":{"image_generator_settings":{"template":"highway","default_image_id":0,"font":"","enabled":false},"version":2},"jetpack_post_was_ever_published":false},"categories":[79],"tags":[],"class_list":["post-149597","post","type-post","status-publish","format-standard","has-post-thumbnail","hentry","category-columnistas-nacionales","post--single"],"jetpack_publicize_connections":[],"jetpack_featured_media_url":"https:\/\/ovelanalista.com\/wp-content\/uploads\/2024\/03\/eduardo_ibarra_aguirre.jpeg","jetpack_sharing_enabled":true,"_links":{"self":[{"href":"https:\/\/ovelanalista.com\/index.php?rest_route=\/wp\/v2\/posts\/149597","targetHints":{"allow":["GET"]}}],"collection":[{"href":"https:\/\/ovelanalista.com\/index.php?rest_route=\/wp\/v2\/posts"}],"about":[{"href":"https:\/\/ovelanalista.com\/index.php?rest_route=\/wp\/v2\/types\/post"}],"author":[{"embeddable":true,"href":"https:\/\/ovelanalista.com\/index.php?rest_route=\/wp\/v2\/users\/3"}],"replies":[{"embeddable":true,"href":"https:\/\/ovelanalista.com\/index.php?rest_route=%2Fwp%2Fv2%2Fcomments&post=149597"}],"version-history":[{"count":1,"href":"https:\/\/ovelanalista.com\/index.php?rest_route=\/wp\/v2\/posts\/149597\/revisions"}],"predecessor-version":[{"id":149605,"href":"https:\/\/ovelanalista.com\/index.php?rest_route=\/wp\/v2\/posts\/149597\/revisions\/149605"}],"wp:featuredmedia":[{"embeddable":true,"href":"https:\/\/ovelanalista.com\/index.php?rest_route=\/wp\/v2\/media\/92333"}],"wp:attachment":[{"href":"https:\/\/ovelanalista.com\/index.php?rest_route=%2Fwp%2Fv2%2Fmedia&parent=149597"}],"wp:term":[{"taxonomy":"category","embeddable":true,"href":"https:\/\/ovelanalista.com\/index.php?rest_route=%2Fwp%2Fv2%2Fcategories&post=149597"},{"taxonomy":"post_tag","embeddable":true,"href":"https:\/\/ovelanalista.com\/index.php?rest_route=%2Fwp%2Fv2%2Ftags&post=149597"}],"curies":[{"name":"wp","href":"https:\/\/api.w.org\/{rel}","templated":true}]}}