{"id":149606,"date":"2026-07-15T09:22:02","date_gmt":"2026-07-15T16:22:02","guid":{"rendered":"https:\/\/ovelanalista.com\/?p=149606"},"modified":"2026-07-15T09:22:02","modified_gmt":"2026-07-15T16:22:02","slug":"yo-campesino-van-por-deuda","status":"publish","type":"post","link":"https:\/\/ovelanalista.com\/?p=149606","title":{"rendered":"Yo Campesino \/ Van por deuda"},"content":{"rendered":"<ul>\n<li><em>Ante la falta de inversi\u00f3n y aumento de gasto, ir\u00e1n por dinero prestado<\/em><\/li>\n<\/ul>\n<p><strong>Miguel A. Rocha Valencia<\/strong><\/p>\n<p>&nbsp;<\/p>\n<p>Como la inversi\u00f3n en infraestructura y energ\u00eda no llega y el gasto presupuestal no alcanza, el gobierno analiza la posibilidad de crear asumir un paquete de nueva deuda por cuatro mil millones de d\u00f3lares para financiar proyectos de energ\u00eda renovable.<\/p>\n<p>Recu\u00e9rdese que la Comisi\u00f3n Federal de Electricidad liber\u00f3 una convocatoria para licitar paquetes de inversi\u00f3n en \u201cProyectos Estrat\u00e9gicos de Generaci\u00f3n y almacenamiento de Energ\u00eda El\u00e9ctrica\u201d bajo esquemas de desarrollo mixto. Dicha invitaci\u00f3n contempla inversiones por ocho mil millones de d\u00f3lares.<\/p>\n<p>Dicha invitaci\u00f3n que ten\u00eda como l\u00edmite el mes de junio, se sostiene hasta septiembre, pero hasta el momento no parece apuntarse nadie, tal vez porque en ella de precisa que la inversi\u00f3n privada no da derecho a concesiones y propiedades.<\/p>\n<p>Sin embargo, en la idea de que la inversi\u00f3n ser\u00e1 mixta pero no hay dinero presupuestal, las autoridades \u201cfinancieras mexicanas est\u00e1n analizando la posibilidad de crear un paquete de financiamiento global para proyectos de energ\u00eda renovable que podr\u00eda contar con el respaldo de m\u00e1s de cuatro mil millones de d\u00f3lares del Banco Nacional de Obras y Servicios\u201d.<\/p>\n<p>Es decir, se recurrir\u00e1 a deuda de la misma forma que se integr\u00f3 el paquete por m\u00e1s de 250 mil millones para apoyar a Pemex en el pago de su deuda con proveedores, para lo cual, Banobras ofrecer\u00e1 premios a los participantes seguramente al nivel actual de los Cetes.<\/p>\n<p>Hay que recordar que en el papel, el proyecto es tan ambicioso que planta programas como el de cuatro mil 328 millones de d\u00f3lares, es decir poco m\u00e1s de 80 mil millones de pesos para \u201cgeneraci\u00f3n firme\u201d y otros ocho mil millones de d\u00f3lares (cerca de 160 mil millones de pesos) para ampliar y modernizar la Red Nacional de Transmisi\u00f3n.<\/p>\n<p>Todo est\u00e1 muy bien y se presume en las ma\u00f1aneras, pero lo que no se dice con claridad es que esas inversiones lo mismo que otros ocho mil millones de d\u00f3lares en Fibra E, es decir totalmente privados son deuda, pero sobre todo \u201chabla\u201d de la urgente necesidad de mantenimiento, generaci\u00f3n y distribuci\u00f3n de energ\u00eda el\u00e9ctrica que hay en el pa\u00eds dejando en la Secretar\u00eda del ramo y la CFE la administraci\u00f3n, ejecuci\u00f3n y desde luego, la propiedad de los proyectos.<\/p>\n<p>Y una se\u00f1al clara de que no hay dinero para este tipo de infraestructura es que la inversi\u00f3n \u201cf\u00edsica presupuestaria\u201d destinada al sector hidrocarburos sum\u00f3 77 mil 188 millones de pesos de enero a mayo, reflejando una ca\u00edda del 45.7 por ciento seg\u00fan lo publicado por la secretar\u00eda de Hacienda, ya que en el mismo periodo del a\u00f1o pasado, la cantidad fue de 136 mil 480 millones de pesos, es decir 60 mil millones menos.<\/p>\n<p>Tal vez las cifras no digan mucho, pero el hecho es que precisamente ahora es cuando Pemex tiene menos producci\u00f3n y menos ingresos. Hasta la refiner\u00eda de Dos Bocas est\u00e1 al 40 por ciento de lo programado. Seg\u00fan los especialistas la inversi\u00f3n actual em hidrocarburos est\u00e1 en el nivel observado en 2011.<\/p>\n<p>En tanto los os recursos destinados a la industria el\u00e9ctrica recibi\u00f3 11 mil 285 millones de pesos durante los primeros cinco meses del a\u00f1o, cifra 12.2 por ciento inferior, en t\u00e9rminos reales, a la registrada en el mismo lapso de 2025.<\/p>\n<p>El an\u00e1lisis de IA plantea que Pemex registr\u00f3 en el primer cuatrimestre de 2026 su nivel m\u00e1s bajo de inversi\u00f3n f\u00edsica para un periodo similar desde 2008 al destinar 69 mil 70 millones de pesos a inversi\u00f3n productiva de acuerdo con el Informe de Finanzas P\u00fablicas de la Secretar\u00eda de Hacienda, lo cual implic\u00f3 menor construcci\u00f3n, mantenimiento, adquisici\u00f3n de bienes e infraestructura, lo cual disminuye la capacidad operativa ya de por s\u00ed menguada.<\/p>\n<p>Esto es que mientras por un lado se firman convenios con Brasil, en lo interno la ca\u00edda en todos sentidos es notable.<\/p>\n<p>Eso al mismo tiempo es un reflejo de que M\u00e9xico perdiera fuerza en su actividad industrial durante mayo y revirti\u00f3 el repunte observado un mes antes, al registrar una ca\u00edda mensual de 0.8 por ciento, lo que refleja que el dinamismo del sector secundario sigue siendo fr\u00e1gil.<\/p>\n<p>De ah\u00ed que con forme al Indicador Mensual de la Actividad Industrial (IMAI) del INEGI, el descenso fue el m\u00e1s pronunciado desde enero de este a\u00f1o, cuando la producci\u00f3n retrocedi\u00f3 1.0 por ciento. A tasa anual, la actividad industrial no present\u00f3 variaci\u00f3n, despu\u00e9s del crecimiento de 1.8 por ciento reportado en abril.<\/p>\n<p>Es por ello que cuando se da cuenta de los fundamentales de la econom\u00eda y no se dice todo o se sueltan verdades a medias, surgen cifras para ponerse a llorar, y dejan en mito aquello de que creci\u00f3 la inversi\u00f3n o que estamos en jauja.<\/p>\n<p>Bueno hasta lo del aumento en las exportaciones automotrices debe tomarse con reservas ya que de cada 100 d\u00f3lares que M\u00e9xico exporta a trav\u00e9s de las cadenas globales de valor (CVG), solo 11 corresponden a valor agregado nacional, cifra que contrasta con los 15.9 d\u00f3lares de Canad\u00e1 y los 27.8 de EU, seg\u00fan datos de la OCDE.<\/p>\n<p>La afluencia de turistas internacionales llegando a M\u00e9xico se ha mantenido en crecimiento en los primeros cinco meses del a\u00f1o, sin embargo, la derrama que estos dejan est\u00e1 en decrecimiento. Solo entre enero y mayo de este a\u00f1o, la industria tur\u00edstica perdi\u00f3 160 millones de d\u00f3lares en divisas tur\u00edsticas, una situaci\u00f3n que se contrapone al objetivo del gobierno, que consiste en buscar viajeros extranjeros con mayor demanda, aunque en menor volumen.<\/p>\n<p>Para colmo, el Instituto Nacional de Estad\u00edstica y Geograf\u00eda (INEGI), revela que la entrada de divisas tur\u00edsticas por concepto de viajeros internacionales acumula tres meses a la baja. Solo en enero y febrero, la derrama producida por turistas internacionales tuvo un balance positivo en comparaci\u00f3n con los mismos periodos del a\u00f1o previo y es que en cifras acumuladas, la ca\u00edda de ingresos de recursos tur\u00edsticos es de 1.1 por ciento a mayo. En ese sentido, solo durante el quinto mes de este a\u00f1o, la derrama de turistas internacionales durante su estancia en el pa\u00eds fue de 0.6 por ciento en comparaci\u00f3n con igual periodo del a\u00f1o anterior.<\/p>\n<p>De ah\u00ed que a pesar del repunte de la mayor\u00eda de los indicadores econ\u00f3micos, los niveles de confianza se mantienen cautelosos en el pa\u00eds debido a la incertidumbre que generan factores internos y externos como lo advierte el Cetro de Estudios Econ\u00f3micos del Sector Privado que incluye otra vez a la inseguridad y debilitamiento del estado de derecho como causas dom\u00e9sticas y el tema del T-MEC como for\u00e1neo.<\/p>\n","protected":false},"excerpt":{"rendered":"<p>Ante la falta de inversi\u00f3n y aumento de gasto, ir\u00e1n por dinero prestado Miguel A. Rocha Valencia &nbsp; Como la inversi\u00f3n en infraestructura y energ\u00eda no llega y el gasto presupuestal no alcanza, el gobierno analiza la posibilidad de crear asumir un paquete de nueva deuda por cuatro mil millones de d\u00f3lares para financiar proyectos de energ\u00eda renovable. Recu\u00e9rdese que la Comisi\u00f3n Federal de Electricidad liber\u00f3 una convocatoria para licitar paquetes de inversi\u00f3n en \u201cProyectos Estrat\u00e9gicos de Generaci\u00f3n y almacenamiento de Energ\u00eda El\u00e9ctrica\u201d bajo esquemas de desarrollo mixto. Dicha invitaci\u00f3n contempla inversiones por ocho mil millones de d\u00f3lares. Dicha invitaci\u00f3n [&hellip;]<\/p>\n","protected":false},"author":3,"featured_media":92034,"comment_status":"open","ping_status":"open","sticky":false,"template":"","format":"standard","meta":{"_jetpack_newsletter_access":"","_jetpack_dont_email_post_to_subs":false,"_jetpack_newsletter_tier_id":0,"_jetpack_memberships_contains_paywalled_content":false,"_jetpack_feature_clip_id":0,"_jetpack_memberships_contains_paid_content":false,"footnotes":"","jetpack_publicize_message":"","jetpack_publicize_feature_enabled":true,"jetpack_social_post_already_shared":true,"jetpack_social_options":{"image_generator_settings":{"template":"highway","default_image_id":0,"font":"","enabled":false},"version":2},"jetpack_post_was_ever_published":false},"categories":[79],"tags":[],"class_list":["post-149606","post","type-post","status-publish","format-standard","has-post-thumbnail","hentry","category-columnistas-nacionales","post--single"],"jetpack_publicize_connections":[],"jetpack_featured_media_url":"https:\/\/ovelanalista.com\/wp-content\/uploads\/2024\/03\/Miguel-A.-Rocha-Valencia.jpeg","jetpack_sharing_enabled":true,"_links":{"self":[{"href":"https:\/\/ovelanalista.com\/index.php?rest_route=\/wp\/v2\/posts\/149606","targetHints":{"allow":["GET"]}}],"collection":[{"href":"https:\/\/ovelanalista.com\/index.php?rest_route=\/wp\/v2\/posts"}],"about":[{"href":"https:\/\/ovelanalista.com\/index.php?rest_route=\/wp\/v2\/types\/post"}],"author":[{"embeddable":true,"href":"https:\/\/ovelanalista.com\/index.php?rest_route=\/wp\/v2\/users\/3"}],"replies":[{"embeddable":true,"href":"https:\/\/ovelanalista.com\/index.php?rest_route=%2Fwp%2Fv2%2Fcomments&post=149606"}],"version-history":[{"count":1,"href":"https:\/\/ovelanalista.com\/index.php?rest_route=\/wp\/v2\/posts\/149606\/revisions"}],"predecessor-version":[{"id":149610,"href":"https:\/\/ovelanalista.com\/index.php?rest_route=\/wp\/v2\/posts\/149606\/revisions\/149610"}],"wp:featuredmedia":[{"embeddable":true,"href":"https:\/\/ovelanalista.com\/index.php?rest_route=\/wp\/v2\/media\/92034"}],"wp:attachment":[{"href":"https:\/\/ovelanalista.com\/index.php?rest_route=%2Fwp%2Fv2%2Fmedia&parent=149606"}],"wp:term":[{"taxonomy":"category","embeddable":true,"href":"https:\/\/ovelanalista.com\/index.php?rest_route=%2Fwp%2Fv2%2Fcategories&post=149606"},{"taxonomy":"post_tag","embeddable":true,"href":"https:\/\/ovelanalista.com\/index.php?rest_route=%2Fwp%2Fv2%2Ftags&post=149606"}],"curies":[{"name":"wp","href":"https:\/\/api.w.org\/{rel}","templated":true}]}}