{"id":149665,"date":"2026-07-16T09:30:28","date_gmt":"2026-07-16T16:30:28","guid":{"rendered":"https:\/\/ovelanalista.com\/?p=149665"},"modified":"2026-07-16T09:30:28","modified_gmt":"2026-07-16T16:30:28","slug":"el-jando-las-fiscalias-al-desnudo","status":"publish","type":"post","link":"https:\/\/ovelanalista.com\/?p=149665","title":{"rendered":"El Jando..\u00bfLas Fiscal\u00edas al Desnudo?"},"content":{"rendered":"<div><strong>TRANSICION<\/strong><\/div>\n<div><\/div>\n<div>\u201cEl m\u00e1s oscuro rinc\u00f3n del Infierno est\u00e1 reservado para aquellos que conservan su neutralidad en tiempos de crisis moral.\u201d\u2026 Dante Alighieri<\/div>\n<div><\/div>\n<div><strong>Oswaldo Villase\u00f1or<\/strong><\/div>\n<div><strong>@oswaldovillase\u00a0<\/strong><\/div>\n<div><\/div>\n<div>Dicen que una vez nada m\u00e1s se miente; y el resto de las mentiras posteriores son las consecuencias de la primera mentira.<\/div>\n<div><\/div>\n<div>El 8 de Febrero de 2025 se anunci\u00f3 con bombo y platillo la detenci\u00f3n de El Jando durante un fuerte operativo militar integrado por miembros del Ej\u00e9rcito y la Guardia Nacional en el poblado de Jes\u00fas Mar\u00eda, considerado la guarida de Los Chapitos y donde tambi\u00e9n fue capturado Ovidio Guzm\u00e1n L\u00f3pez.<\/div>\n<div><\/div>\n<div>Incluso, por la magnitud del operativo las especulaciones en un primer momento apuntaron mucho m\u00e1s arriba. Finalmente fue el mismo Omar Garc\u00eda Harfuch, quien tres d\u00edas despu\u00e9s, dio los detalles del objetivo detenido en dicho operativo.<\/div>\n<div><\/div>\n<div>As\u00ed lo dijo Omar Garc\u00eda en una conferencia ma\u00f1anera con la presidente Sheinbaum como testigo:<\/div>\n<div><\/div>\n<div>\u201cEs una investigaci\u00f3n que est\u00e1 en curso todav\u00eda, por parte de la Fiscal\u00eda General de la Rep\u00fablica, pero s\u00ed podemos adelantar que: esta persona, en efecto, es piloto de confianza del l\u00edder de la c\u00e9lula delictiva que tiene que ver con la privaci\u00f3n ilegal de la persona que fue entregada en Estados Unidos.\u201d -o sea El Mayo Zambada-<\/div>\n<div><\/div>\n<div>\u00bfSab\u00edan qui\u00e9n era El Jando? Desde luego que s\u00ed sab\u00eda el gobierno federal desde un principio qui\u00e9n era.<\/div>\n<div><\/div>\n<div>\u00bfY por qu\u00e9 ahora dicen que no, y hasta se llaman asombrados con sus \u201crecientes\u201d descubrimientos productos de arduas y fervientes investigaciones realizadas por las \u00e1reas de inteligencia?<\/div>\n<div><\/div>\n<div>Lo cierto es que lo anunciado por Harfuch en febrero de 2025 como todo un \u00e9xito de las \u00e1reas de seguridad, hoy se convirti\u00f3 en un verdadero dolor de cabeza para el gobierno mexicano. Por cierto al Jando lo entregaron a Estados Unidos sin tener sentencia de por medio por los delitos imputados.<\/div>\n<div>O sea van de error en error.<\/div>\n<div><\/div>\n<div>1.-Apenas ayer La Fiscal\u00eda General de la Rep\u00fablica (FGR) confirm\u00f3 mediante un informe especial realizado que efectivamente detuvo y entreg\u00f3 a Estados Unidos a Mauro Alberto N\u00fa\u00f1ez Ojeda, alias &#8220;El Jando&#8221;, sin darse cuenta en ese momento de que \u00e9l fue el piloto que traslad\u00f3 a Ismael &#8220;El Mayo&#8221; Zambada a territorio estadounidense en julio de 2024. Ufff.<\/div>\n<div>\u00bfSin darse cuenta? Pero si cuando lo detuvieron el propio Harfuch lo anunci\u00f3.<\/div>\n<div><\/div>\n<div>2.-Pero el caso que abre la pol\u00e9mica de la detenci\u00f3n y \u201cextradici\u00f3n de El Jando\u201d que es el \u201csecuestro de El Mayo Zambada y la posible extradici\u00f3n de Rub\u00e9n Rocha, Enrique Inzunza, Juan de Dios G\u00e1mez y otras 5 personas m\u00e1s todav\u00eda, se complica todav\u00eda m\u00e1s por la forma como el mismo Jando fue entregado a las autoridades de EU.<\/div>\n<div><\/div>\n<div>3.-\u201cEl Jando\u201d fue parte del grupo que fue \u201ctrasladado y\/o entregado\u201d a Estados Unidos, no en una extradici\u00f3n formal individual conforme a los tratados tradicionales de extradici\u00f3n. \u00bfAqu\u00ed no pidi\u00f3 pruebas el gobierno mexicano?<\/div>\n<div><\/div>\n<div>4.-El Jando fue entregado en agosto de 2025 junto con otros 25 delincuentes de alto perfil al gobierno de Estados Unidos.<\/div>\n<div><\/div>\n<div>Seg\u00fan el Gobierno Mexicano la entrega se realiz\u00f3 con fundamento en la Ley de Seguridad Nacional, mediante una decisi\u00f3n del Consejo Nacional de Seguridad que incluye al Gabinete de Seguridad.<\/div>\n<div><\/div>\n<div>El criterio principal utilizado fue que estas personas generaban un alto riesgo de violencia en M\u00e9xico porque segu\u00edan delinquiendo, incluso desde prisi\u00f3n y se consider\u00f3 que su salida del pa\u00eds, beneficiaba la seguridad nacional.<\/div>\n<div><\/div>\n<div>5.-Hoy en su informe de la FGR se dice que fue hasta el pasado mes de junio de 2026 cuando la fiscal Ernestina Godoy y su equipo revisaron nuevamente las carpetas de investigaci\u00f3n y confirmaron \u2014mediante coincidencias de voz y huellas dactilares\u2014 que el sujeto que hab\u00edan enviado a Estados Unidos era el piloto del avi\u00f3n que transport\u00f3 a El Mayo Zambada. Ufff<\/div>\n<div><\/div>\n<div>6.-Lo cierto es que El Jando se ha convertido en un grave problema para el gobierno mexicano. Al no tenerlo en su poder, se debe dificultar cerrar el expediente que incluye al gobernador con licencia de Sinaloa Rub\u00e9n Rocha y compa\u00f1\u00eda y de paso aclarar\u00eda qu\u00e9 pas\u00f3 aquel 25 de Julio en Huertas del Pedregal en Culiac\u00e1n Sinaloa.<\/div>\n<div><\/div>\n<div>7.- Pero lo m\u00e1s grave, pone al descubierto o desnuda el actuar de las Fiscal\u00edas Mexicanas tanto locales como federales. En Sinaloa hasta un montaje se document\u00f3 sobre la muerte de H\u00e9ctor Melesio Cuen relacionado en los mismos hechos de la captura de El Mayo. Hoy la FGR\u00a0 admite que tuvo la informaci\u00f3n de El Jando pero no hizo nada con ella s\u00f3lo la archiv\u00f3.<\/div>\n<div><\/div>\n<div>En fin, se siguen haciendo bolas. \u00bfY ahora c\u00f3mo cerrar\u00e1n el caso de Rub\u00e9n Rocha y lo exonerar\u00e1n de todo delito si ya no cuentan con uno de los principales testigos. Todav\u00eda quedan otros por ah\u00ed. El chofer de Hechor Melesio Cuen y Sara Bruna Qui\u00f1\u00f3nez quien tiene mucho que explicar sobre el origen del montaje y qui\u00e9n lo orden\u00f3 y para qu\u00e9.<\/div>\n<div><\/div>\n<div>Por lo pronto, el enredo se hizo m\u00e1s grande nada m\u00e1s.<\/div>\n<div>Habr\u00e1 que estar pendientes.<\/div>\n<div><\/div>\n<div>PASO A PASITO.-Que se descarril\u00f3 otra vez el Tren Interoce\u00e1nico, el que estuvo bajo la vigilancia de Gonzalo L\u00f3pez Beltr\u00e1n. Uff.<\/div>\n<div><\/div>\n<div>Desde luego la presidente aclara que no fue descarrilamiento, solo se salieron un poquito los vagones pero no alcanzaron a voltearse.<\/div>\n<div><\/div>\n<div>Valga; si el 25 de Marzo del 2024 cuando se descarril\u00f3 el tren Maya que estuvo m\u00e1s grave no se admiti\u00f3 que se descarril\u00f3, porque se habr\u00e1 de admitir ahora.<\/div>\n<div><\/div>\n<div>En aquel tiempo se dijo lo siguiente: El reporte oficial (de Tren Maya y la SEDENA) lo describi\u00f3 como una \u201cinterrupci\u00f3n del flujo sobre la v\u00eda\u201d. Pero no vayan a pensar que se descarril\u00f3.<\/div>\n<div><\/div>\n<div>Despu\u00e9s a otro descarrilamiento lo llamaron \u201cUn Percanse de v\u00eda\u201d.<\/div>\n<div>Para el gobierno mexicano, el t\u00e9rmino descarrilar no existe.<\/div>\n<div><\/div>\n<div>PASITO CH\u00c9VERE.-<\/div>\n<div>S\u00edguenos En:<\/div>\n<div>Ovelanalista.com<\/div>\n<div>Twitteer.- @oswaldo villase<\/div>\n<div>Facebook.-OV El Analista<\/div>\n<div>Televisi\u00f3n.<\/div>\n<div>Megacanal canal 151 y 1151 de lunes a viernes de 1:30 a 2 de la tarde y s\u00e1bados de 11 a 12.<\/div>\n<div>RADIO<\/div>\n<div>Conexi\u00f3n Sinaloa con Gabriel Cota<\/div>\n<div>CDMX y todo el pa\u00eds.<\/div>\n<div>Indice pol\u00edtico.com.<\/div>\n<div>La Pol\u00edtica OnLine.com<\/div>\n<div>La Aurora de M\u00e9xico.com<\/div>\n<div>El Arsenal.Net<\/div>\n<div>WhatsApp. 6681640391 m\u00e1ndanos un mensaje y recibe nuestra informaci\u00f3n.<\/div>\n","protected":false},"excerpt":{"rendered":"<p>TRANSICION \u201cEl m\u00e1s oscuro rinc\u00f3n del Infierno est\u00e1 reservado para aquellos que conservan su neutralidad en tiempos de crisis moral.\u201d\u2026 Dante Alighieri Oswaldo Villase\u00f1or @oswaldovillase\u00a0 Dicen que una vez nada m\u00e1s se miente; y el resto de las mentiras posteriores son las consecuencias de la primera mentira. El 8 de Febrero de 2025 se anunci\u00f3 con bombo y platillo la detenci\u00f3n de El Jando durante un fuerte operativo militar integrado por miembros del Ej\u00e9rcito y la Guardia Nacional en el poblado de Jes\u00fas Mar\u00eda, considerado la guarida de Los Chapitos y donde tambi\u00e9n fue capturado Ovidio Guzm\u00e1n L\u00f3pez. Incluso, por [&hellip;]<\/p>\n","protected":false},"author":3,"featured_media":139858,"comment_status":"open","ping_status":"open","sticky":false,"template":"","format":"standard","meta":{"_jetpack_newsletter_access":"","_jetpack_dont_email_post_to_subs":false,"_jetpack_newsletter_tier_id":0,"_jetpack_memberships_contains_paywalled_content":false,"_jetpack_feature_clip_id":0,"_jetpack_memberships_contains_paid_content":false,"footnotes":"","jetpack_publicize_message":"","jetpack_publicize_feature_enabled":true,"jetpack_social_post_already_shared":true,"jetpack_social_options":{"image_generator_settings":{"template":"highway","default_image_id":0,"font":"","enabled":false},"version":2},"jetpack_post_was_ever_published":false},"categories":[91],"tags":[],"class_list":["post-149665","post","type-post","status-publish","format-standard","has-post-thumbnail","hentry","category-transicion","post--single"],"jetpack_publicize_connections":[],"jetpack_featured_media_url":"https:\/\/ovelanalista.com\/wp-content\/uploads\/2026\/02\/WhatsApp-Image-2026-02-03-at-10.59.53-AM.jpeg","jetpack_sharing_enabled":true,"_links":{"self":[{"href":"https:\/\/ovelanalista.com\/index.php?rest_route=\/wp\/v2\/posts\/149665","targetHints":{"allow":["GET"]}}],"collection":[{"href":"https:\/\/ovelanalista.com\/index.php?rest_route=\/wp\/v2\/posts"}],"about":[{"href":"https:\/\/ovelanalista.com\/index.php?rest_route=\/wp\/v2\/types\/post"}],"author":[{"embeddable":true,"href":"https:\/\/ovelanalista.com\/index.php?rest_route=\/wp\/v2\/users\/3"}],"replies":[{"embeddable":true,"href":"https:\/\/ovelanalista.com\/index.php?rest_route=%2Fwp%2Fv2%2Fcomments&post=149665"}],"version-history":[{"count":1,"href":"https:\/\/ovelanalista.com\/index.php?rest_route=\/wp\/v2\/posts\/149665\/revisions"}],"predecessor-version":[{"id":149669,"href":"https:\/\/ovelanalista.com\/index.php?rest_route=\/wp\/v2\/posts\/149665\/revisions\/149669"}],"wp:featuredmedia":[{"embeddable":true,"href":"https:\/\/ovelanalista.com\/index.php?rest_route=\/wp\/v2\/media\/139858"}],"wp:attachment":[{"href":"https:\/\/ovelanalista.com\/index.php?rest_route=%2Fwp%2Fv2%2Fmedia&parent=149665"}],"wp:term":[{"taxonomy":"category","embeddable":true,"href":"https:\/\/ovelanalista.com\/index.php?rest_route=%2Fwp%2Fv2%2Fcategories&post=149665"},{"taxonomy":"post_tag","embeddable":true,"href":"https:\/\/ovelanalista.com\/index.php?rest_route=%2Fwp%2Fv2%2Ftags&post=149665"}],"curies":[{"name":"wp","href":"https:\/\/api.w.org\/{rel}","templated":true}]}}