{"id":149668,"date":"2026-07-16T09:31:51","date_gmt":"2026-07-16T16:31:51","guid":{"rendered":"https:\/\/ovelanalista.com\/?p=149668"},"modified":"2026-07-16T09:31:51","modified_gmt":"2026-07-16T16:31:51","slug":"el-pais-que-dijo-estar-bien","status":"publish","type":"post","link":"https:\/\/ovelanalista.com\/?p=149668","title":{"rendered":"EL PA\u00cdS QUE DIJO ESTAR BIEN"},"content":{"rendered":"<div><strong>EL PA\u00cdS QUE DIJO ESTAR BIEN<\/strong><\/div>\n<div><\/div>\n<div><\/div>\n<div><\/div>\n<div>\u00bfPuede una naci\u00f3n sentirse satisfecha mientras convive todos los d\u00edas con la incertidumbre? Quiz\u00e1 la respuesta revele m\u00e1s sobre el alma de los mexicanos que sobre sus estad\u00edsticas.<\/div>\n<div><\/div>\n<div><\/div>\n<div><strong>Jes\u00fas Octavio Mil\u00e1n Gil<\/strong><\/div>\n<div><\/div>\n<div><\/div>\n<div>Todav\u00eda no eran las siete de la ma\u00f1ana cuando un hombre abri\u00f3 la cortina met\u00e1lica de una peque\u00f1a tienda de abarrotes. Barri\u00f3 la banqueta con la misma rutina de todos los d\u00edas, acomod\u00f3 las frutas en cajas de madera y encendi\u00f3 la cafetera. Los primeros clientes comenzaron a llegar. Una se\u00f1ora compr\u00f3 tortillas y leche; un estudiante pas\u00f3 por un pan dulce antes de ir a clases; un repartidor salud\u00f3 con la familiaridad de quien lleva a\u00f1os recorriendo las mismas calles.<\/div>\n<div><\/div>\n<div>Nada extraordinario parec\u00eda ocurrir.<\/div>\n<div><\/div>\n<div>Y, sin embargo, en esa rutina silenciosa ya estaba ocurriendo casi todo lo que despu\u00e9s intentar\u00eda medir una encuesta: el trabajo, los afectos, las preocupaciones y esa obstinada costumbre mexicana de seguir adelante.<\/div>\n<div><\/div>\n<div>Sin embargo, en esa escena aparentemente com\u00fan se escond\u00eda una de las preguntas m\u00e1s antiguas de la humanidad: \u00bfqu\u00e9 significa vivir bien?<\/div>\n<div><\/div>\n<div>Horas m\u00e1s tarde, la presidenta Claudia Sheinbaum destac\u00f3 un estudio del INEGI seg\u00fan el cual los mexicanos calificaron su satisfacci\u00f3n con la vida con un promedio de 8.62 sobre 10. La cifra llam\u00f3 la atenci\u00f3n porque parec\u00eda desafiar la l\u00f3gica. En un pa\u00eds que convive con problemas de inseguridad, desigualdad, rezagos en salud, incertidumbre econ\u00f3mica y profundas diferencias sociales, la mayor\u00eda de las personas afirm\u00f3 sentirse satisfecha con su vida.<\/div>\n<div><\/div>\n<div>A primera vista, la cifra parece una contradicci\u00f3n.<\/div>\n<div><\/div>\n<div>Pero quiz\u00e1 no lo sea.<\/div>\n<div><\/div>\n<div>Tal vez estamos frente a una verdad mucho m\u00e1s compleja: la felicidad nunca ha obedecido \u00fanicamente a los indicadores econ\u00f3micos.<\/div>\n<div><\/div>\n<div>Durante d\u00e9cadas, los gobiernos del mundo midieron el progreso casi exclusivamente mediante el crecimiento del Producto Interno Bruto. La riqueza nacional parec\u00eda suficiente para explicar el bienestar de una sociedad. Sin embargo, la experiencia termin\u00f3 demostrando que los pa\u00edses pueden crecer econ\u00f3micamente mientras aumentan la ansiedad, la soledad o la desesperanza. Tambi\u00e9n puede ocurrir lo contrario: comunidades con ingresos modestos logran construir v\u00ednculos familiares, sentido de pertenencia y proyectos de vida que generan una percepci\u00f3n positiva de la existencia.<\/div>\n<div><\/div>\n<div>El bienestar, comprendieron numerosos investigadores, tambi\u00e9n se experimenta.<\/div>\n<div><\/div>\n<div>El psic\u00f3logo Martin Seligman, uno de los principales impulsores de la psicolog\u00eda positiva, sostiene que una vida plena no depende \u00fanicamente del placer, sino del prop\u00f3sito, las relaciones humanas, el compromiso con aquello que hacemos y el sentido que encontramos en nuestra existencia. Daniel Kahneman, premio Nobel de Econom\u00eda, distingu\u00eda entre las condiciones objetivas de vida y la manera en que las personas eval\u00faan su propia experiencia. No siempre coinciden.<\/div>\n<div><\/div>\n<div>M\u00e9xico parece ilustrar esa diferencia.<\/div>\n<div><\/div>\n<div>Aqu\u00ed la felicidad suele construirse alrededor de la mesa familiar, de una conversaci\u00f3n entre amigos, de una fiesta patronal, de un caf\u00e9 compartido o del abrazo que llega cuando m\u00e1s se necesita. Existe una capacidad extraordinaria para reconstruir la esperanza despu\u00e9s de los terremotos, los huracanes, las crisis econ\u00f3micas o las p\u00e9rdidas personales. La solidaridad aparece donde muchas veces las instituciones llegan tarde.<\/div>\n<div><\/div>\n<div>Ese rasgo forma parte de nuestra identidad.<\/div>\n<div><\/div>\n<div>Pero precisamente ah\u00ed surge una pregunta inc\u00f3moda.<\/div>\n<div><\/div>\n<div>\u00bfSomos felices porque realmente vivimos mejor?<\/div>\n<div><\/div>\n<div>\u00bfO porque aprendimos a sobrevivir emocionalmente en medio de la adversidad?<\/div>\n<div><\/div>\n<div>La resiliencia es una de las mayores virtudes humanas. Permite levantarse despu\u00e9s de caer, encontrar sentido cuando todo parece perdido y continuar avanzando. Sin embargo, tambi\u00e9n puede convertirse en un riesgo cuando termina confundiendo adaptaci\u00f3n con resignaci\u00f3n.<\/div>\n<div><\/div>\n<div>Existe una enorme diferencia entre soportar una realidad y transformarla.<\/div>\n<div><\/div>\n<div>Cuando una sociedad se acostumbra durante demasiado tiempo a la violencia, a la corrupci\u00f3n, a los servicios p\u00fablicos deficientes o a la desigualdad, corre el peligro de considerar normales situaciones que jam\u00e1s debieron ser aceptadas. La capacidad de adaptaci\u00f3n puede convertirse, silenciosamente, en conformismo.<\/div>\n<div><\/div>\n<div>Por eso las cifras sobre bienestar deben interpretarse con inteligencia.<\/div>\n<div><\/div>\n<div>No son un certificado de que todo marcha bien.<\/div>\n<div><\/div>\n<div>Tampoco una prueba de que todo est\u00e1 mal.<\/div>\n<div><\/div>\n<div>Son una fotograf\u00eda del estado de \u00e1nimo colectivo en un momento determinado. Reflejan c\u00f3mo las personas perciben su vida, pero no sustituyen otros indicadores igualmente importantes como la calidad de la educaci\u00f3n, el acceso a los servicios de salud, la seguridad p\u00fablica, la movilidad social o la confianza en las instituciones.<\/div>\n<div><\/div>\n<div>De hecho, la propia presidenta Claudia Sheinbaum reconoci\u00f3 que &#8220;ha habido algunos problemas&#8221; en la administraci\u00f3n de cl\u00ednicas del IMSS, derivados de la falta de insumos y de las malas condiciones en algunos centros de salud. La admisi\u00f3n resulta significativa porque recuerda que el bienestar subjetivo no debe confundirse con la ausencia de carencias. Un ciudadano puede declarar sentirse satisfecho con su vida y, al mismo tiempo, enfrentar largas esperas para recibir atenci\u00f3n m\u00e9dica, encontrar anaqueles vac\u00edos de medicamentos o acudir a instalaciones que todav\u00eda est\u00e1n lejos de ofrecer el servicio digno que merece. La satisfacci\u00f3n habla del \u00e1nimo de las personas; la calidad de los servicios p\u00fablicos habla de las responsabilidades del Estado.<\/div>\n<div><\/div>\n<div>Las encuestas sobre felicidad describen c\u00f3mo nos sentimos; las pol\u00edticas p\u00fablicas explican por qu\u00e9, con frecuencia, seguimos enfrentando las mismas dificultades. Confundir una percepci\u00f3n positiva con la soluci\u00f3n de los problemas ser\u00eda un error tan grave como ignorar la capacidad de esperanza de una sociedad.<\/div>\n<div><\/div>\n<div>Arist\u00f3teles afirmaba que la felicidad no consist\u00eda en acumular placeres, sino en vivir conforme a la virtud y desarrollar plenamente las capacidades humanas. Siglos despu\u00e9s, Viktor Frankl escribi\u00f3 que incluso en las circunstancias m\u00e1s dolorosas el ser humano puede encontrar un motivo para seguir adelante cuando descubre un sentido para su existencia.<\/div>\n<div><\/div>\n<div>Ambos pensadores coinciden en algo fundamental: la felicidad no es la ausencia de problemas.<\/div>\n<div><\/div>\n<div>Es la presencia de significado.<\/div>\n<div><\/div>\n<div>Quiz\u00e1 eso explique por qu\u00e9 millones de mexicanos siguen calificando positivamente su vida aun cuando reconocen las dificultades que enfrentan todos los d\u00edas. No porque ignoren la realidad, sino porque han aprendido a encontrar razones para seguir caminando a pesar de ella.<\/div>\n<div><\/div>\n<div>Sin embargo, ning\u00fan gobierno deber\u00eda conformarse con esa fortaleza emocional de su pueblo.<\/div>\n<div><\/div>\n<div>Las sociedades no pueden descansar indefinidamente sobre la capacidad de sacrificio de sus ciudadanos. La resiliencia merece ser admirada, pero nunca utilizada como sustituto de pol\u00edticas p\u00fablicas eficaces.<\/div>\n<div><\/div>\n<div>El verdadero desaf\u00edo consiste en construir un pa\u00eds donde la satisfacci\u00f3n con la vida no dependa \u00fanicamente de la fortaleza del car\u00e1cter de las personas, sino tambi\u00e9n de instituciones confiables, escuelas de calidad, hospitales que funcionen, calles seguras, oportunidades de crecimiento y una justicia que no llegue demasiado tarde.<\/div>\n<div><\/div>\n<div>Porque una naci\u00f3n no alcanza su plenitud cuando sus habitantes aprenden a resistirlo todo.<\/div>\n<div><\/div>\n<div>La alcanza cuando ya no necesitan resistir tanto.<\/div>\n<div><\/div>\n<div>Quiz\u00e1 esa sea la ense\u00f1anza m\u00e1s profunda detr\u00e1s del 8.62 reportado por el INEGI. No habla solamente de optimismo. Habla de un pueblo que, pese a las dificultades, se niega a renunciar a la esperanza.<\/div>\n<div><\/div>\n<div>Y esa esperanza constituye uno de los patrimonios m\u00e1s valiosos de M\u00e9xico.<\/div>\n<div><\/div>\n<div>Pero tambi\u00e9n representa una enorme responsabilidad para quienes gobiernan.<\/div>\n<div><\/div>\n<div>Porque un pa\u00eds verdaderamente feliz no es aquel cuyos ciudadanos aprendieron a sonre\u00edr en medio de la tormenta.<\/div>\n<div><\/div>\n<div>Es aquel que, con el paso del tiempo, logra ofrecerles menos tormentas y m\u00e1s horizontes.<\/div>\n<div><\/div>\n<div>Porque la grandeza de un pa\u00eds no se mide por la capacidad de su gente para soportar el dolor, sino por su decisi\u00f3n colectiva de impedir que ese dolor siga siendo cotidiano. Ese deber\u00eda ser el verdadero significado del bienestar.<\/div>\n","protected":false},"excerpt":{"rendered":"<p>EL PA\u00cdS QUE DIJO ESTAR BIEN \u00bfPuede una naci\u00f3n sentirse satisfecha mientras convive todos los d\u00edas con la incertidumbre? Quiz\u00e1 la respuesta revele m\u00e1s sobre el alma de los mexicanos que sobre sus estad\u00edsticas. Jes\u00fas Octavio Mil\u00e1n Gil Todav\u00eda no eran las siete de la ma\u00f1ana cuando un hombre abri\u00f3 la cortina met\u00e1lica de una peque\u00f1a tienda de abarrotes. Barri\u00f3 la banqueta con la misma rutina de todos los d\u00edas, acomod\u00f3 las frutas en cajas de madera y encendi\u00f3 la cafetera. Los primeros clientes comenzaron a llegar. Una se\u00f1ora compr\u00f3 tortillas y leche; un estudiante pas\u00f3 por un pan dulce [&hellip;]<\/p>\n","protected":false},"author":3,"featured_media":120052,"comment_status":"open","ping_status":"open","sticky":false,"template":"","format":"standard","meta":{"_jetpack_newsletter_access":"","_jetpack_dont_email_post_to_subs":false,"_jetpack_newsletter_tier_id":0,"_jetpack_memberships_contains_paywalled_content":false,"_jetpack_feature_clip_id":0,"_jetpack_memberships_contains_paid_content":false,"footnotes":"","jetpack_publicize_message":"","jetpack_publicize_feature_enabled":true,"jetpack_social_post_already_shared":true,"jetpack_social_options":{"image_generator_settings":{"template":"highway","default_image_id":0,"font":"","enabled":false},"version":2},"jetpack_post_was_ever_published":false},"categories":[79],"tags":[],"class_list":["post-149668","post","type-post","status-publish","format-standard","has-post-thumbnail","hentry","category-columnistas-nacionales","post--single"],"jetpack_publicize_connections":[],"jetpack_featured_media_url":"https:\/\/ovelanalista.com\/wp-content\/uploads\/2025\/05\/WhatsApp-Image-2025-05-12-at-10.17.27-AM.jpeg","jetpack_sharing_enabled":true,"_links":{"self":[{"href":"https:\/\/ovelanalista.com\/index.php?rest_route=\/wp\/v2\/posts\/149668","targetHints":{"allow":["GET"]}}],"collection":[{"href":"https:\/\/ovelanalista.com\/index.php?rest_route=\/wp\/v2\/posts"}],"about":[{"href":"https:\/\/ovelanalista.com\/index.php?rest_route=\/wp\/v2\/types\/post"}],"author":[{"embeddable":true,"href":"https:\/\/ovelanalista.com\/index.php?rest_route=\/wp\/v2\/users\/3"}],"replies":[{"embeddable":true,"href":"https:\/\/ovelanalista.com\/index.php?rest_route=%2Fwp%2Fv2%2Fcomments&post=149668"}],"version-history":[{"count":1,"href":"https:\/\/ovelanalista.com\/index.php?rest_route=\/wp\/v2\/posts\/149668\/revisions"}],"predecessor-version":[{"id":149670,"href":"https:\/\/ovelanalista.com\/index.php?rest_route=\/wp\/v2\/posts\/149668\/revisions\/149670"}],"wp:featuredmedia":[{"embeddable":true,"href":"https:\/\/ovelanalista.com\/index.php?rest_route=\/wp\/v2\/media\/120052"}],"wp:attachment":[{"href":"https:\/\/ovelanalista.com\/index.php?rest_route=%2Fwp%2Fv2%2Fmedia&parent=149668"}],"wp:term":[{"taxonomy":"category","embeddable":true,"href":"https:\/\/ovelanalista.com\/index.php?rest_route=%2Fwp%2Fv2%2Fcategories&post=149668"},{"taxonomy":"post_tag","embeddable":true,"href":"https:\/\/ovelanalista.com\/index.php?rest_route=%2Fwp%2Fv2%2Ftags&post=149668"}],"curies":[{"name":"wp","href":"https:\/\/api.w.org\/{rel}","templated":true}]}}