{"id":149690,"date":"2026-07-18T09:28:50","date_gmt":"2026-07-18T16:28:50","guid":{"rendered":"https:\/\/ovelanalista.com\/?p=149690"},"modified":"2026-07-18T09:28:50","modified_gmt":"2026-07-18T16:28:50","slug":"amlo-y-sheinbaum-en-el-menu-de-trump","status":"publish","type":"post","link":"https:\/\/ovelanalista.com\/?p=149690","title":{"rendered":"AMLO y Sheinbaum, en el men\u00fa de Trump"},"content":{"rendered":"<p><strong>\u00cdNDICE POL\u00cdTICO<\/strong><\/p>\n<p><strong>FRANCISCO RODR\u00cdGUEZ<\/strong><\/p>\n<p>&nbsp;<\/p>\n<p>El gobiernito del r\u00e9gimen de Cuarta\u2026 no estuvo sentado a la mesa de la reuni\u00f3n de este jueves a la que convocara\u00a0<strong>Marco Rubio<\/strong>, secretario de Estado de la Administraci\u00f3n de\u00a0<strong>Donald Trump<\/strong>, en Washington.<\/p>\n<p>Pese a que fueron invitados, el esp\u00edritu omnipresente de\u00a0<strong>L\u00f3pez Obrador<\/strong>\u00a0y su\u00a0<em>medium<\/em>\u00a0<strong>Claudia Sheinbaum\u00a0<\/strong>declinaron asistir porque \u2013aunque usted no lo crea\u2014 se consideran a s\u00ed mismos \u201cde izquierda\u201d. Y por ello, en ausencia, \u00a1estuvieron en el banquillo de los acusados!<\/p>\n<p>Parodiando el aforismo pol\u00edtico atribuido a\u00a0<strong>Voltaire<\/strong>\u00a0\u2013y citado por el premier canadiense\u00a0<strong>Mike Carney<\/strong>\u00a0hace unos meses en el Foro de Davos\u2013, al no estar sentados a la mesa, los morenistas de plano est\u00e1n en el men\u00fa de Trump.<\/p>\n<p>\u00a1Y los va a engullir!<\/p>\n<p>Porque, luego de haber designado ya a seis c\u00e1rteles de la droga mexicanos y a sus socios los narcopol\u00edticos de Morena como \u201cterroristas\u201d, la Reuni\u00f3n Ministerial sobre el Resurgimiento del Terrorismo Pol\u00edtico, en palabras de Rubio, fue para dar inicio al combate al \u201cterrorismo pol\u00edtico de extrema izquierda\u201d a nivel internacional.<\/p>\n<p>Ah\u00ed atribuy\u00f3 a Cuba un papel clave en la formaci\u00f3n de estas corrientes ideol\u00f3gicas. Y usted ya sabe, m\u00e1s all\u00e1 de la solidaridad que M\u00e9xico mostr\u00f3 y demostr\u00f3 al r\u00e9gimen castrista desde 1962 en aquella reuni\u00f3n de la OEA en Punta del Este, Uruguay, fue a partir de 2019, con el arribo de AMLO a Palacio Nacional, que \u201cpor afinidades ideol\u00f3gicas\u201d que m\u00e1s bien fueron sumisi\u00f3n, los apoyos de todo tipo del r\u00e9gimen de Cuarta\u2026 hacia la isla se incrementaron: contratos de m\u00e9dicos-esclavos, suministro de v\u00edveres, de combustibles\u2026 mucho m\u00e1s.<\/p>\n<p>As\u00ed, durante la reuni\u00f3n celebrada en Washington, representantes de 60 naciones acordaron ir con todo en contra del narcoterrorismo mediante el intercambio de inteligencia, el combate al financiamiento de grupos violentos, la cooperaci\u00f3n judicial, la protecci\u00f3n de infraestructura cr\u00edtica y la coordinaci\u00f3n internacional contra organizaciones consideradas extremistas.<\/p>\n<p>&nbsp;<\/p>\n<p><strong>En M\u00e9xico no act\u00faan. \u00a1Lo har\u00e1 EU!<\/strong><\/p>\n<p>Y todo porque los gobiernos mexicanos de todos los colores han fracasado en la erradicaci\u00f3n de los corruptos, en la persecuci\u00f3n de los delincuentes que han agraviado a la Naci\u00f3n, peor ahora que por \u00f3rdenes de AMLO los morenistas se han aliado a ellos para juntos poder ganar elecciones.<\/p>\n<p>Con ello, el gobiernito cuatrotero siempre pasa a ser un platillo optativo del men\u00fa. Y como forma parte de un \u201csegundo piso\u201d sin siquiera haber consolidado al primero, todo puede dejarse para despu\u00e9s, un t\u00e9rmino pol\u00edtico que entre nosotros significa nunca, porque el que viene atr\u00e1s siempre arrea.<\/p>\n<p>La salvaguarda de los intereses nacionales y del patrimonio colectivo no debe ni soslayarse. Forma parte del compromiso a espaldas de los electores y, en el mejor de los casos, de los acuerdos en lo oscurito sellados a sangre y fuego con los narcoterroristas.<\/p>\n<p>\u00bfDe ello se encargar\u00e1n Rubio y sus 60 asociados internacionales?<\/p>\n<p>Todo indica que as\u00ed ser\u00e1, que desgraciadamente desde\u00a0<strong>Oliverio Cromwell<\/strong>\u00a0y la creaci\u00f3n del concepto de la Commonwealth, nunca se hab\u00eda visto en \u00e9pocas de paz un sojuzgamiento tan real y efectivo como el impuesto por los golpes duros y blandos del gabacho en una regi\u00f3n tan feraz y extenso como el traspatio latinoamericano.<\/p>\n<p>Pero ni los gobiernos de AMLO, antes, ni el de Sheinbaum, ahora, han hecho nada para impedirlo.<\/p>\n<p>Antes, todo lo contrario: provocan, demandan, denuncian y hasta se burlan.<\/p>\n<p><strong>Desde 2018, M\u00e9xico se aisl\u00f3 del mundo<\/strong><\/p>\n<p>La actual pol\u00edtica exterior de M\u00e9xico est\u00e1 impulsada por un regreso a la creencia anticuada de que la mejor pol\u00edtica exterior es la pol\u00edtica interna. En otras palabras, un desmadre adentro y otro afuera. AMLO hizo tal afirmaci\u00f3n una y otra vez desde que fue candidato en 2012 y en 2018. Y eso no es m\u00e1s que lo que los pol\u00edticos del PRI de los a\u00f1os sesenta y setenta del siglo pasado afirmaban cuando M\u00e9xico segu\u00eda siendo una naci\u00f3n cerrada en s\u00ed misma y solo t\u00edmidamente intentaba proyectarse al mundo<\/p>\n<p>Las relaciones internacionales de M\u00e9xico han disminuido, principalmente por la irresponsabilidad del expresidente\u00a0<strong>L\u00f3pez Obrador<\/strong>. Su ausencia en diversos foros multilaterales dej\u00f3 a M\u00e9xico fuera de compromisos globales, y aunque se renovaron promesas, se evidenci\u00f3 el incumplimiento del gobierno, para no variar.<\/p>\n<p>A nivel internacional, se percib\u00eda a\u00a0<em>El Innombrable 2.0<\/em>\u00a0como a un pol\u00edtico que hac\u00eda promesas vac\u00edas, similar a figuras del PRI de los a\u00f1os sesenta.<\/p>\n<p>Durante su mandato, el candidato mexicano para el Banco Interamericano de Desarrollo,\u00a0<strong>Gerardo Esquivel<\/strong>, no fue elegido, siendo preferido el brasile\u00f1o\u00a0<strong>Ilan Goldfajn<\/strong>, en parte por la inclinaci\u00f3n de L\u00f3pez Obrador hacia reg\u00edmenes dictatoriales. M\u00e9xico tambi\u00e9n perdi\u00f3 la oportunidad de liderar la Organizaci\u00f3n Panamericana de la Salud, ya que se le ve\u00eda como un ap\u00e9ndice de Cuba. En resumen, M\u00e9xico ha dejado de ser un protagonista en los foros internacionales.<\/p>\n<p>Sucede exactamente lo mismo ahora que\u00a0<strong>Claudia Sheinbaum<\/strong>, al igual que su antecesor, ondea la bandera de la ya casi centenaria Doctrina Estrada \u2013principios de no intervenci\u00f3n y libre autodeterminaci\u00f3n de los pueblos\u2013 para no emitir opiniones y, por el contrario, retar al vecino del norte al no entregar a los narcopol\u00edticos Rub\u00e9n Rocha y Enrique Inzunza a la fiscal\u00eda estadounidense que se lo solicit\u00f3 urgentemente\u2026 hace ya m\u00e1s de dos meses y medio.<\/p>\n<p>\u00a1Trump los va a engullir! Sheinbaum y AMLO est\u00e1n en su men\u00fa.<\/p>\n<p>&nbsp;<\/p>\n<p><strong>Indicios<\/strong><\/p>\n<p>El gobiernito de Sheinbaum ya no est\u00e1 amenazado, ahora est\u00e1 atenazado. Por un lado, la Red de Control de Delitos Financieros (FinCEN) norteamericana informa una alerta a sus bancos: 1. La capacidad de los carteles para traficar huachicol est\u00e1 vinculada con funcionarios corruptos del gobierno mexicano. 2. El SAT y las Aduanas son se\u00f1alados como c\u00f3mplices. 3. Los carteles han generado tanto dinero que han fondeado campa\u00f1as pol\u00edticas y comprado medios de comunicaci\u00f3n. Washington ya est\u00e1 investigando no solo la parte de crimen financiero sino tambi\u00e9n el crimen fiscal. Y, por otra parte, la tenaza econ\u00f3mica est\u00e1 presente: Donald Trump, ha dado la instrucci\u00f3n de buscar incluir restricciones a las exportaciones de M\u00e9xico como parte de la actual revisi\u00f3n del tratado regional (T-MEC), revel\u00f3\u00a0<strong>Jamieson Greer<\/strong>, titular de la Oficina del Representante Comercial de Estados Unidos (USTR). Luego que el d\u00e9ficit comercial de Estados Unidos con M\u00e9xico alcanzara en 2025 un r\u00e9cord hist\u00f3rico superando los 196 mil millones de d\u00f3lares, Greer advirti\u00f3 que en cualquier acuerdo que se alcance con M\u00e9xico este deber\u00e1 incluir ya sea cuotas, aranceles o alg\u00fan otro mecanismo para restringir las exportaciones mexicanas a Estados Unidos. Se cierra la pinza. * * * Por hoy es todo. Reciba mi reconocimiento personal y profesional por haber le\u00eddo este\u00a0<strong>\u00cdndice Pol\u00edtico<\/strong>. Y como siempre, tambi\u00e9n mis deseos de que tenga \u00a1buenas gracias y muchos, muchos d\u00edas!<\/p>\n<p><a href=\"https:\/\/indicepolitico.com\/\"><strong>https:\/\/indicepolitico.com\u00a0<\/strong><\/a><br \/>\n<a href=\"mailto:indicepolitico@gmail.com%C2%A0\"><strong>indicepolitico@gmail.com\u00a0<\/strong><\/a><br \/>\n<a href=\"https:\/\/www.twitter.com\/IndicePolitico\"><strong>@IndicePolitico\u00a0<\/strong><\/a><br \/>\n<a href=\"https:\/\/www.twitter.com\/pacorodriguez\"><strong>@pacorodriguez<\/strong><\/a><\/p>\n","protected":false},"excerpt":{"rendered":"<p>\u00cdNDICE POL\u00cdTICO FRANCISCO RODR\u00cdGUEZ &nbsp; El gobiernito del r\u00e9gimen de Cuarta\u2026 no estuvo sentado a la mesa de la reuni\u00f3n de este jueves a la que convocara\u00a0Marco Rubio, secretario de Estado de la Administraci\u00f3n de\u00a0Donald Trump, en Washington. Pese a que fueron invitados, el esp\u00edritu omnipresente de\u00a0L\u00f3pez Obrador\u00a0y su\u00a0medium\u00a0Claudia Sheinbaum\u00a0declinaron asistir porque \u2013aunque usted no lo crea\u2014 se consideran a s\u00ed mismos \u201cde izquierda\u201d. Y por ello, en ausencia, \u00a1estuvieron en el banquillo de los acusados! Parodiando el aforismo pol\u00edtico atribuido a\u00a0Voltaire\u00a0\u2013y citado por el premier canadiense\u00a0Mike Carney\u00a0hace unos meses en el Foro de Davos\u2013, al no estar sentados a [&hellip;]<\/p>\n","protected":false},"author":3,"featured_media":123550,"comment_status":"open","ping_status":"open","sticky":false,"template":"","format":"standard","meta":{"_jetpack_newsletter_access":"","_jetpack_dont_email_post_to_subs":false,"_jetpack_newsletter_tier_id":0,"_jetpack_memberships_contains_paywalled_content":false,"_jetpack_feature_clip_id":0,"_jetpack_memberships_contains_paid_content":false,"footnotes":"","jetpack_publicize_message":"","jetpack_publicize_feature_enabled":true,"jetpack_social_post_already_shared":true,"jetpack_social_options":{"image_generator_settings":{"template":"highway","default_image_id":0,"font":"","enabled":false},"version":2},"jetpack_post_was_ever_published":false},"categories":[79],"tags":[],"class_list":["post-149690","post","type-post","status-publish","format-standard","has-post-thumbnail","hentry","category-columnistas-nacionales","post--single"],"jetpack_publicize_connections":[],"jetpack_featured_media_url":"https:\/\/ovelanalista.com\/wp-content\/uploads\/2025\/06\/francisco_rodriguez.jpg","jetpack_sharing_enabled":true,"_links":{"self":[{"href":"https:\/\/ovelanalista.com\/index.php?rest_route=\/wp\/v2\/posts\/149690","targetHints":{"allow":["GET"]}}],"collection":[{"href":"https:\/\/ovelanalista.com\/index.php?rest_route=\/wp\/v2\/posts"}],"about":[{"href":"https:\/\/ovelanalista.com\/index.php?rest_route=\/wp\/v2\/types\/post"}],"author":[{"embeddable":true,"href":"https:\/\/ovelanalista.com\/index.php?rest_route=\/wp\/v2\/users\/3"}],"replies":[{"embeddable":true,"href":"https:\/\/ovelanalista.com\/index.php?rest_route=%2Fwp%2Fv2%2Fcomments&post=149690"}],"version-history":[{"count":1,"href":"https:\/\/ovelanalista.com\/index.php?rest_route=\/wp\/v2\/posts\/149690\/revisions"}],"predecessor-version":[{"id":149693,"href":"https:\/\/ovelanalista.com\/index.php?rest_route=\/wp\/v2\/posts\/149690\/revisions\/149693"}],"wp:featuredmedia":[{"embeddable":true,"href":"https:\/\/ovelanalista.com\/index.php?rest_route=\/wp\/v2\/media\/123550"}],"wp:attachment":[{"href":"https:\/\/ovelanalista.com\/index.php?rest_route=%2Fwp%2Fv2%2Fmedia&parent=149690"}],"wp:term":[{"taxonomy":"category","embeddable":true,"href":"https:\/\/ovelanalista.com\/index.php?rest_route=%2Fwp%2Fv2%2Fcategories&post=149690"},{"taxonomy":"post_tag","embeddable":true,"href":"https:\/\/ovelanalista.com\/index.php?rest_route=%2Fwp%2Fv2%2Ftags&post=149690"}],"curies":[{"name":"wp","href":"https:\/\/api.w.org\/{rel}","templated":true}]}}