{"id":149698,"date":"2026-07-18T10:30:26","date_gmt":"2026-07-18T17:30:26","guid":{"rendered":"https:\/\/ovelanalista.com\/?p=149698"},"modified":"2026-07-18T09:43:24","modified_gmt":"2026-07-18T16:43:24","slug":"cierre-de-librerias-exhibe-rezago-en-politica-de-lectura-en-sinaloa-advierte-diputada","status":"publish","type":"post","link":"https:\/\/ovelanalista.com\/?p=149698","title":{"rendered":"Cierre de librer\u00edas exhibe rezago en pol\u00edtica de lectura en Sinaloa, advierte diputada"},"content":{"rendered":"<header class=\"post-header\">La presidenta de la Comisi\u00f3n de Cultura y Artes sostiene que el problema va m\u00e1s all\u00e1 de las ventas: falta inversi\u00f3n p\u00fablica, acceso comunitario y una estrategia estatal para fomentar la lectura.<\/p>\n<p>Scarlett Nordahl<\/p>\n<p>Culiac\u00e1n, Sinaloa.- El posible cierre de las sucursales de Librer\u00edas M\u00e9xico y Gandhi en Culiac\u00e1n volvi\u00f3 a poner sobre la mesa la falta de una pol\u00edtica p\u00fablica que impulse la lectura en Sinaloa.<\/p>\n<p>Aunque el<a href=\"https:\/\/www.inegi.org.mx\/programas\/molec\/2025\/\">\u00a0M\u00f3dulo sobre Lectura<\/a>\u00a0(MOLEC) del\u00a0<a href=\"https:\/\/www.inegi.org.mx\/\">Inegi<\/a>\u00a0no publica indicadores estatales debido a que su dise\u00f1o estad\u00edstico \u00fanicamente ofrece representatividad nacional, s\u00ed muestra una tendencia nacional a la baja. En 2025,\u00a0<strong>el 69.6 por ciento de la poblaci\u00f3n de 18 a\u00f1os y m\u00e1s declar\u00f3 haber le\u00eddo<\/strong>\u00a0al menos un libro, revista, peri\u00f3dico, historieta, sitio de internet o blog en los \u00faltimos doce meses,\u00a0<strong>una disminuci\u00f3n frente al 84.2 por ciento registrado en 2015<\/strong>.<\/p>\n<p>En contraste, informaci\u00f3n del\u00a0<a href=\"https:\/\/sic.gob.mx\/datos.php\">Instituto Sinaloense de Cultura<\/a>\u00a0(ISIC) indica que el estado cuenta con\u00a0<strong>181 bibliotecas p\u00fablicas<\/strong>\u00a0y\u00a0<strong>74 bibliotecas escolares<\/strong>,\u00a0<strong>universitarias<\/strong>,\u00a0<strong>especializadas<\/strong>\u00a0y\u00a0<strong>particulares<\/strong>, para un total de<strong>\u00a0255 espacios bibliotecarios<\/strong>\u00a0distribuidos en los municipios.<\/p>\n<p>Sin embargo, Sthefany Rea Re\u00e1tiga, presidenta de la Comisi\u00f3n de Cultura del Congreso de Sinaloa, considera que contar con infraestructura no ha sido suficiente para construir una comunidad lectora.<\/p>\n<blockquote><p>\u201c<em>S\u00ed bien hay un problema p\u00fablico que es que no leemos en Sinaloa. Los j\u00f3venes y las infancias no est\u00e1n interesados, y en gran parte porque no hay una estrategia certera y tampoco la suficiente inversi\u00f3n p\u00fablica para que el fomento de la lectura deje de ser de \u00e9lites y tenga un enfoque m\u00e1s comunitario<\/em>\u201d, afirm\u00f3.<\/p><\/blockquote>\n<p>La legisladora explic\u00f3 que desde principios de este a\u00f1o present\u00f3 una iniciativa para reformar la\u00a0<a href=\"https:\/\/gaceta.congresosinaloa.gob.mx:3001\/pdfs\/iniciativas\/65\/Iniciativa_1413.pdf\">Ley de Fomento a la Lectura y el Libro del Estado de Sinaloa<\/a>, la cual ya est\u00e1 lista para ser dictaminada. La propuesta busca actualizar una legislaci\u00f3n que permanece pr\u00e1cticamente sin cambios desde 2016, fortalecer el Consejo Estatal de Fomento a la Lectura, incorporar las ferias municipales del libro y promover la traducci\u00f3n y publicaci\u00f3n de materiales en lenguas ind\u00edgenas, adem\u00e1s de ampliar las acciones para impulsar la lectura en el estado.<\/p>\n<p>Tambi\u00e9n plantea fortalecer el respaldo institucional a escritores y escritoras sinaloenses mediante una mayor inversi\u00f3n p\u00fablica para la producci\u00f3n editorial.<\/p>\n<blockquote><p>\u201cLo que buscamos es que haya una mayor inversi\u00f3n, por ejemplo, para autores y autoras sinaloenses, para que se produzcan m\u00e1s libros, para que algunos sean gratuitos y otros a muy bajo costo con las editoriales con las que ya cuenta la Secretar\u00eda de Educaci\u00f3n P\u00fablica y Cultura, y que vayan acompa\u00f1ados de una pol\u00edtica p\u00fablica de fomento\u201d, explic\u00f3.<\/p><\/blockquote>\n<p>A decir de la diputada, el precio de los libros representa otra de las barreras para ampliar el n\u00famero de lectores.<\/p>\n<blockquote><p>\u201c<em>En un contexto de una crisis econ\u00f3mica en Culiac\u00e1n y una crisis tambi\u00e9n justamente de estas pol\u00edticas de fomento de la lectura, la gente no decide gastar en comprar libros de 400 o 500 pesos<\/em>\u201d, se\u00f1al\u00f3.<\/p><\/blockquote>\n<p>A\u00f1adi\u00f3 que existen alternativas de bajo costo, como algunas colecciones del\u00a0<a href=\"https:\/\/www.fondodeculturaeconomica.com\/\">Fondo de Cultura Econ\u00f3mica<\/a>, pero consider\u00f3 que carecen de suficiente difusi\u00f3n.<\/p>\n<p>La legisladora tambi\u00e9n se\u00f1al\u00f3 que la ubicaci\u00f3n de las librer\u00edas influye en su poca afluencia.<\/p>\n<blockquote><p>\u201c<em>\u00bfC\u00f3mo llegas? En un carro. El tema del transporte p\u00fablico a veces no pasa por ah\u00ed o, si vas por Obreg\u00f3n, no hay d\u00f3nde estacionarte; en las plazas, si vas en un auto, pagas estacionamiento. No tenemos espacios dedicados al fomento a la lectura o a la socializaci\u00f3n<\/em>\u201d, dijo.<\/p><\/blockquote>\n<p>Finalmente, hizo un llamado a respaldar a las librer\u00edas f\u00edsicas para evitar su desaparici\u00f3n.<\/p>\n<blockquote><p>\u201c<em>Invitar a quienes s\u00ed son lectores en Culiac\u00e1n que dejen de comprar, si tienen las posibilidades, en l\u00ednea, ya sea en Amazon o en formatos electr\u00f3nicos, y que puedan recuperar tambi\u00e9n esa parte de interacci\u00f3n con el libro, ir a una librer\u00eda, ojear los libros, preguntar, ver los materiales, tener toda esa experiencia que solo dan las librer\u00edas en f\u00edsico. Creo que tambi\u00e9n estas plataformas se est\u00e1n acabando con la m\u00edstica de la lectura<\/em>\u201d.<\/p><\/blockquote>\n<p>La iniciativa de reforma impulsada por Rea Re\u00e1tiga sostiene que fortalecer el marco legal permitir\u00eda ampliar las pol\u00edticas p\u00fablicas de fomento a la lectura y crear condiciones para asignar un presupuesto espec\u00edfico destinado a la formaci\u00f3n de lectores, el impulso a autores locales y el acceso comunitario a los libros.<\/p>\n<p>Cabe mencionar que esta iniciativa fue presentada en septiembre de 2025. Actualmente lleva segunda lectura y fue turnada a la Comisi\u00f3n de Cultura y Artes, la cual ten\u00eda como fecha de vencimiento para dictaminar el pasado 15 de julio de 2026.<\/p>\n<p>Con informaci\u00f3n de Esoejo<\/p>\n<\/header>\n","protected":false},"excerpt":{"rendered":"<p>La presidenta de la Comisi\u00f3n de Cultura y Artes sostiene que el problema va m\u00e1s all\u00e1 de las ventas: falta inversi\u00f3n p\u00fablica, acceso comunitario y una estrategia estatal para fomentar la lectura. Scarlett Nordahl Culiac\u00e1n, Sinaloa.- El posible cierre de las sucursales de Librer\u00edas M\u00e9xico y Gandhi en Culiac\u00e1n volvi\u00f3 a poner sobre la mesa la falta de una pol\u00edtica p\u00fablica que impulse la lectura en Sinaloa. Aunque el\u00a0M\u00f3dulo sobre Lectura\u00a0(MOLEC) del\u00a0Inegi\u00a0no publica indicadores estatales debido a que su dise\u00f1o estad\u00edstico \u00fanicamente ofrece representatividad nacional, s\u00ed muestra una tendencia nacional a la baja. En 2025,\u00a0el 69.6 por ciento de la [&hellip;]<\/p>\n","protected":false},"author":3,"featured_media":149702,"comment_status":"open","ping_status":"open","sticky":false,"template":"","format":"standard","meta":{"_jetpack_newsletter_access":"","_jetpack_dont_email_post_to_subs":false,"_jetpack_newsletter_tier_id":0,"_jetpack_memberships_contains_paywalled_content":false,"_jetpack_feature_clip_id":0,"_jetpack_memberships_contains_paid_content":false,"footnotes":"","jetpack_publicize_message":"","jetpack_publicize_feature_enabled":true,"jetpack_social_post_already_shared":true,"jetpack_social_options":{"image_generator_settings":{"template":"highway","default_image_id":0,"font":"","enabled":false},"version":2},"jetpack_post_was_ever_published":false},"categories":[90],"tags":[],"class_list":["post-149698","post","type-post","status-publish","format-standard","has-post-thumbnail","hentry","category-estatal","post--single"],"jetpack_publicize_connections":[],"jetpack_featured_media_url":"https:\/\/ovelanalista.com\/wp-content\/uploads\/2026\/07\/Captura-de-pantalla-2026-07-18-a-las-9.42.13-a.m.png","jetpack_sharing_enabled":true,"_links":{"self":[{"href":"https:\/\/ovelanalista.com\/index.php?rest_route=\/wp\/v2\/posts\/149698","targetHints":{"allow":["GET"]}}],"collection":[{"href":"https:\/\/ovelanalista.com\/index.php?rest_route=\/wp\/v2\/posts"}],"about":[{"href":"https:\/\/ovelanalista.com\/index.php?rest_route=\/wp\/v2\/types\/post"}],"author":[{"embeddable":true,"href":"https:\/\/ovelanalista.com\/index.php?rest_route=\/wp\/v2\/users\/3"}],"replies":[{"embeddable":true,"href":"https:\/\/ovelanalista.com\/index.php?rest_route=%2Fwp%2Fv2%2Fcomments&post=149698"}],"version-history":[{"count":1,"href":"https:\/\/ovelanalista.com\/index.php?rest_route=\/wp\/v2\/posts\/149698\/revisions"}],"predecessor-version":[{"id":149704,"href":"https:\/\/ovelanalista.com\/index.php?rest_route=\/wp\/v2\/posts\/149698\/revisions\/149704"}],"wp:featuredmedia":[{"embeddable":true,"href":"https:\/\/ovelanalista.com\/index.php?rest_route=\/wp\/v2\/media\/149702"}],"wp:attachment":[{"href":"https:\/\/ovelanalista.com\/index.php?rest_route=%2Fwp%2Fv2%2Fmedia&parent=149698"}],"wp:term":[{"taxonomy":"category","embeddable":true,"href":"https:\/\/ovelanalista.com\/index.php?rest_route=%2Fwp%2Fv2%2Fcategories&post=149698"},{"taxonomy":"post_tag","embeddable":true,"href":"https:\/\/ovelanalista.com\/index.php?rest_route=%2Fwp%2Fv2%2Ftags&post=149698"}],"curies":[{"name":"wp","href":"https:\/\/api.w.org\/{rel}","templated":true}]}}