{"id":149709,"date":"2026-07-18T12:30:27","date_gmt":"2026-07-18T19:30:27","guid":{"rendered":"https:\/\/ovelanalista.com\/?p=149709"},"modified":"2026-07-18T09:50:37","modified_gmt":"2026-07-18T16:50:37","slug":"en-alerta-pc-sinaloa-por-sistemas-atmosfericos-en-el-pacifico-en-verano","status":"publish","type":"post","link":"https:\/\/ovelanalista.com\/?p=149709","title":{"rendered":"En alerta PC Sinaloa por sistemas atmosf\u00e9ricos en el Pac\u00edfico en verano"},"content":{"rendered":"<div class=\"Summary_summary__gpJTn\">\n<p class=\"Typography_text-xl__yFuoP Typography_weight-normal__pqUbH\">El director general considera que las altas temperaturas favorecen al fortalecimiento de ciclones tropicales.<\/p>\n<p class=\"Typography_text-l__QLRR8 Typography_weight-bold__uT6mq\">Marimar Toledo Rodr\u00edguez<\/p>\n<p class=\"Typography_text-default__P3otY Typography_weight-normal__pqUbH Typography_text-default__P3otY Typography_weight-normal__pqUbH\">Mazatl\u00e1n, Sin._ La intensa\u00a0<b class=\"bold\">actividad meteorol\u00f3gica\u00a0<\/b>en las costas del\u00a0<b class=\"bold\">Pac\u00edfico mexicano<\/b>\u00a0ha encendido las<b class=\"bold\">\u00a0alertas de los sistemas de monitoreo y prevenci\u00f3n<\/b>, debido a la formaci\u00f3n de\u00a0<b class=\"bold\">sistemas con potencial de desarrollo cicl\u00f3nico.<\/b><\/p>\n<p class=\"Typography_text-default__P3otY Typography_weight-normal__pqUbH Typography_text-default__P3otY Typography_weight-normal__pqUbH\">Las autoridades estatales se mantienen\u00a0<b class=\"bold\">en vigilancia permanente ante la r\u00e1pida evoluci\u00f3n de estas condiciones atmosf\u00e9ricas<\/b>, con el firme prop\u00f3sito de anticipar cualquier cambio dr\u00e1stico en su trayectoria o intensidad.<\/p>\n<p class=\"Typography_text-default__P3otY Typography_weight-normal__pqUbH Typography_text-default__P3otY Typography_weight-normal__pqUbH\">El director general del<b class=\"bold\">\u00a0Instituto de Protecci\u00f3n Civil en Sinaloa,\u00a0<\/b><i class=\"italic\">Aurelio Roy Navarrete Cuevas,<\/i>\u00a0advirti\u00f3 sobre la<b class=\"bold\">\u00a0inminente evoluci\u00f3n de un sistema en la regi\u00f3n\u00a0<\/b>y la presencia de m\u00e1s actividad detr\u00e1s de \u00e9ste.<\/p>\n<p class=\"Typography_text-default__P3otY Typography_weight-normal__pqUbH Typography_text-default__P3otY Typography_weight-normal__pqUbH\">Agreg\u00f3 que han\u00a0<b class=\"bold\">reforzado la capacitaci\u00f3n de las brigadas comunitarias<\/b>\u00a0y mantener listos los refugios temporales para ser habilitados en caso de cualquier contingencia.<\/p>\n<p class=\"Typography_text-default__P3otY Typography_weight-normal__pqUbH Typography_text-default__P3otY Typography_weight-normal__pqUbH\"><i class=\"italic\">\u201cAhorita hay un fen\u00f3meno natural en el Pac\u00edfico mexicano<\/i>, puede alcanzar el d\u00eda de hoy la\u00a0<i class=\"italic\">categor\u00eda de hurac\u00e1n,<\/i>\u00a0afortunadamente\u00a0<i class=\"italic\">va hacia adentro del Pac\u00edfico<\/i>, atr\u00e1s viene otro, tambi\u00e9n que lo estamos analizando, es una\u00a0<i class=\"italic\">zona de inestabilidad<\/i>, y hay otros tambi\u00e9n<i class=\"italic\">\u00a0modelos de pron\u00f3stico que sugieren que est\u00e1 otro m\u00e1s atr\u00e1s de ello,\u00a0<\/i>es decir, el Pac\u00edfico est\u00e1 activo\u201d, dijo.<\/p>\n<p class=\"Typography_text-default__P3otY Typography_weight-normal__pqUbH Typography_text-default__P3otY Typography_weight-normal__pqUbH\">Detall\u00f3 que\u00a0<b class=\"bold\">ante este escenario de alerta preventivas,<\/b>\u00a0las elevadas temperaturas registradas en\u00a0<b class=\"bold\">la superficie marina reflejan una mayor vaporizaci\u00f3n,<\/b>\u00a0factor que act\u00faa como<b class=\"bold\">\u00a0combustible permitiendo que cualquier tipo de fen\u00f3meno natural tome m\u00e1s fuerza.<\/b><\/p>\n<p class=\"Typography_text-default__P3otY Typography_weight-normal__pqUbH Typography_text-default__P3otY Typography_weight-normal__pqUbH\"><i class=\"italic\">\u201cLas temperaturas en el mar est\u00e1n elevadas,\u00a0<\/i>eso refleja mayor vaporizaci\u00f3n y por su puesto cualquier fen\u00f3meno natural puede tomar mayor fuerza\u201d, explic\u00f3.<\/p>\n<p class=\"Typography_text-default__P3otY Typography_weight-normal__pqUbH Typography_text-default__P3otY Typography_weight-normal__pqUbH\">El funcionario estatal<b class=\"bold\">\u00a0reiter\u00f3 el llamado a la ciudadan\u00eda sinaloense y a los turistas a mantenerse informados\u00a0<\/b>mediante los reportes oficiales emitidos diariamente por los canales institucionales.<\/p>\n<p class=\"Typography_text-default__P3otY Typography_weight-normal__pqUbH Typography_text-default__P3otY Typography_weight-normal__pqUbH\">Se inst\u00f3 a la poblaci\u00f3n a\u00a0<b class=\"bold\">ubicar sus refugios temporales y atender con rigurosidad las recomendaciones y<\/b>\u00a0se\u00f1alizaciones de los cuerpos de auxilio en las playas.<\/p>\n<p>Con informaci\u00f3n de El Sol de Sinaloa<\/p>\n<\/div>\n","protected":false},"excerpt":{"rendered":"<p>El director general considera que las altas temperaturas favorecen al fortalecimiento de ciclones tropicales. Marimar Toledo Rodr\u00edguez Mazatl\u00e1n, Sin._ La intensa\u00a0actividad meteorol\u00f3gica\u00a0en las costas del\u00a0Pac\u00edfico mexicano\u00a0ha encendido las\u00a0alertas de los sistemas de monitoreo y prevenci\u00f3n, debido a la formaci\u00f3n de\u00a0sistemas con potencial de desarrollo cicl\u00f3nico. Las autoridades estatales se mantienen\u00a0en vigilancia permanente ante la r\u00e1pida evoluci\u00f3n de estas condiciones atmosf\u00e9ricas, con el firme prop\u00f3sito de anticipar cualquier cambio dr\u00e1stico en su trayectoria o intensidad. El director general del\u00a0Instituto de Protecci\u00f3n Civil en Sinaloa,\u00a0Aurelio Roy Navarrete Cuevas,\u00a0advirti\u00f3 sobre la\u00a0inminente evoluci\u00f3n de un sistema en la regi\u00f3n\u00a0y la presencia de m\u00e1s actividad [&hellip;]<\/p>\n","protected":false},"author":3,"featured_media":149713,"comment_status":"open","ping_status":"open","sticky":false,"template":"","format":"standard","meta":{"_jetpack_newsletter_access":"","_jetpack_dont_email_post_to_subs":false,"_jetpack_newsletter_tier_id":0,"_jetpack_memberships_contains_paywalled_content":false,"_jetpack_feature_clip_id":0,"_jetpack_memberships_contains_paid_content":false,"footnotes":"","jetpack_publicize_message":"","jetpack_publicize_feature_enabled":true,"jetpack_social_post_already_shared":true,"jetpack_social_options":{"image_generator_settings":{"template":"highway","default_image_id":0,"font":"","enabled":false},"version":2},"jetpack_post_was_ever_published":false},"categories":[90],"tags":[],"class_list":["post-149709","post","type-post","status-publish","format-standard","has-post-thumbnail","hentry","category-estatal","post--single"],"jetpack_publicize_connections":[],"jetpack_featured_media_url":"https:\/\/ovelanalista.com\/wp-content\/uploads\/2026\/07\/image-46.webp","jetpack_sharing_enabled":true,"_links":{"self":[{"href":"https:\/\/ovelanalista.com\/index.php?rest_route=\/wp\/v2\/posts\/149709","targetHints":{"allow":["GET"]}}],"collection":[{"href":"https:\/\/ovelanalista.com\/index.php?rest_route=\/wp\/v2\/posts"}],"about":[{"href":"https:\/\/ovelanalista.com\/index.php?rest_route=\/wp\/v2\/types\/post"}],"author":[{"embeddable":true,"href":"https:\/\/ovelanalista.com\/index.php?rest_route=\/wp\/v2\/users\/3"}],"replies":[{"embeddable":true,"href":"https:\/\/ovelanalista.com\/index.php?rest_route=%2Fwp%2Fv2%2Fcomments&post=149709"}],"version-history":[{"count":1,"href":"https:\/\/ovelanalista.com\/index.php?rest_route=\/wp\/v2\/posts\/149709\/revisions"}],"predecessor-version":[{"id":149714,"href":"https:\/\/ovelanalista.com\/index.php?rest_route=\/wp\/v2\/posts\/149709\/revisions\/149714"}],"wp:featuredmedia":[{"embeddable":true,"href":"https:\/\/ovelanalista.com\/index.php?rest_route=\/wp\/v2\/media\/149713"}],"wp:attachment":[{"href":"https:\/\/ovelanalista.com\/index.php?rest_route=%2Fwp%2Fv2%2Fmedia&parent=149709"}],"wp:term":[{"taxonomy":"category","embeddable":true,"href":"https:\/\/ovelanalista.com\/index.php?rest_route=%2Fwp%2Fv2%2Fcategories&post=149709"},{"taxonomy":"post_tag","embeddable":true,"href":"https:\/\/ovelanalista.com\/index.php?rest_route=%2Fwp%2Fv2%2Ftags&post=149709"}],"curies":[{"name":"wp","href":"https:\/\/api.w.org\/{rel}","templated":true}]}}