{"id":149724,"date":"2026-07-20T09:05:37","date_gmt":"2026-07-20T16:05:37","guid":{"rendered":"https:\/\/ovelanalista.com\/?p=149724"},"modified":"2026-07-20T08:09:05","modified_gmt":"2026-07-20T15:09:05","slug":"truena-los-dedos-trump-y-claudia-corre","status":"publish","type":"post","link":"https:\/\/ovelanalista.com\/?p=149724","title":{"rendered":"Truena los dedos Trump y Claudia corre"},"content":{"rendered":"<p><strong>La Espinita<\/strong><\/p>\n<p><strong>Andy S. K. Brown<\/strong><\/p>\n<ul>\n<li><strong>Truena los dedos Trump y Claudia corre<\/strong><\/li>\n<li><strong>Caso Ruffo: \u00a1Pruebas, pruebas, pruebas!<\/strong><\/li>\n<li><strong>Rotundo ment\u00eds a las cifras de Seguridad<\/strong><\/li>\n<\/ul>\n<p>&nbsp;<\/p>\n<p>\u00a1Qu\u00e9 mala onda de do\u00f1a Claudia! De verdad, \u00a1qu\u00e9 mala onda!<\/p>\n<p>Mostr\u00f3 un desprecio absoluto a la afici\u00f3n mexicana al anunciar con varios meses de anticipaci\u00f3n que no acudir\u00eda a la inauguraci\u00f3n del Mundial de Futbol 2026 y que su boleto lo regalar\u00eda a una ni\u00f1a de escasos recursos.<\/p>\n<p>Y no asisti\u00f3.<\/p>\n<p>A escondidas se fue a ver la ceremonia y el partido de la selecci\u00f3n mexicana contra la de Sud\u00e1frica a un deportivo popular.<\/p>\n<p>Otro lo vio, al lado de su actual esposo, por televisi\u00f3n y presumo que lo hizo recibiendo la se\u00f1al de TV Azteca \u2013que ella pidi\u00f3 no ver\u2013, porque es la televisora que tiene a los mejores comentaristas de deportes.<\/p>\n<p>Los dos restantes fueron en ambientes tambi\u00e9n cerrados, con asistentes previamente escogidos entre las filas de quienes reciben \u201cayudas\u201d de la Beneficiencia, perd\u00f3n, del Bienestar.<\/p>\n<p>Pero hete aqu\u00ed que el Orange Trump la invita el viernes pasado a presenciar la final mundialista en el estadio de Nueva Jersey frontero a Nueva York.<\/p>\n<p>Y piernas pa\u2019 que las quiero\u2026 \u00a1a volar hacia all\u00e1!<\/p>\n<p>Como sea. Si no en avi\u00f3n comercial, que sea en uno oficial.<\/p>\n<p>Truena los dedos Trump\u2026 y Sheinbaum acata.<\/p>\n<p>\u00a1Que feo est\u00e1 eso!<\/p>\n<p>* * *<\/p>\n<p>Inferir significa \u201cdeducir algo o sacarlo como conclusi\u00f3n de otra cosa\u201d.<\/p>\n<p>Y ha sido por \u201cinferencias\u201d que el gobiernito de la 4T se lanz\u00f3 en contra del exgobernador bajacaliforniano Ernesto Ruffo Appel, a quien la FGR detuvo violentamente a finales de la semana anterior.<\/p>\n<p>No se necesita ser un polit\u00f3logo avezado para saber que de lo que se trata es de tratar de cubrir el esc\u00e1ndalo en el que est\u00e1n envueltos la mandataria actual, Marina del Pilar \u00c1vila, personal de las agencias estadounidenses que la tienen en la mira desde que le cancelaron su visa, y hasta otro exgobernador cuatrotero, Jaime Bonilla.<\/p>\n<p>Esc\u00e1ndalo, por cierto, que alcanza a la se\u00f1ora Sheinbaum y a su \u201cBatman\u201d Regi\u00f3n 4, quienes han dado vistosas machincuepas intentando defender a la se\u00f1ora \u00c1vila \u00bftodav\u00eda de Torres?<\/p>\n<p>Dichas maromas no han sido \u00fanicamente oratorias. Han manejado el tinglado de tal forma que ordenaron cambiar a un juzgador de carrera que hab\u00eda negado la aprehensi\u00f3n, por otro surgido del acorde\u00f3n que les facilit\u00f3 ipso facto la maniobra, justo en el momento en el que la 4T m\u00e1s lo requer\u00eda. Fue entonces que incluyeron a Ruffo.<\/p>\n<p>Inferencias es la palabra clave de esta artima\u00f1a que cubre con un manto rosa mexicano de Somos M\u00e9xico al cada vez m\u00e1s deslucido guinda del Movimiento de Resentidos y Narcos (Morena) fundado por L\u00f3pez Obrador.<\/p>\n<p>\u201c\u00a1Pruebas! \u00a1Pruebas! \u00a1Pruebas!\u201d demanda do\u00f1a Claudia cada ocasi\u00f3n en la que alguno de su claque es se\u00f1alado por actividades delictivas.<\/p>\n<p>Lo mismo hay que exigirle ahora que no se trata de los suyos.<\/p>\n<p><a class=\"td-modal-image\" href=\"https:\/\/indicepolitico.com\/wp-content\/uploads\/2026\/07\/a-sus-ordenes-jefe.jpg\"><img loading=\"lazy\" decoding=\"async\" class=\"aligncenter size-full wp-image-544832 td-animation-stack-type0-2\" src=\"https:\/\/indicepolitico.com\/wp-content\/uploads\/2026\/07\/a-sus-ordenes-jefe.jpg\" sizes=\"auto, (max-width: 538px) 100vw, 538px\" srcset=\"https:\/\/indicepolitico.com\/wp-content\/uploads\/2026\/07\/a-sus-ordenes-jefe.jpg 538w, https:\/\/indicepolitico.com\/wp-content\/uploads\/2026\/07\/a-sus-ordenes-jefe-150x84.jpg 150w, https:\/\/indicepolitico.com\/wp-content\/uploads\/2026\/07\/a-sus-ordenes-jefe-300x167.jpg 300w\" alt=\"\" width=\"538\" height=\"300\" \/><\/a><\/p>\n<p>* * *<\/p>\n<p>Vamos a ver con qu\u00e9 nos sale el gabinete de \u00bfSeguridad? luego de que el fin de semana, en Zacatecas, una decena de personas halladas sin vida, luego de haber sido torturadas.<\/p>\n<p>Cinco de esos cuerpos fueron colgados en uno de los muros que cubren la rampa del puente de la carretera federal 54, justo en el municipio de P\u00e1nuco, como reto a los contrincantes, pero sobre todo a las que a s\u00ed mismas se llaman \u201cautoridades\u201d sin tener raz\u00f3n para hacerlo.<\/p>\n<p>A ver con qu\u00e9 nos salen, pues el discursito de la disminuci\u00f3n de la violencia criminal \u201cdesde que Claudia Sheinbaum tom\u00f3 posesi\u00f3n\u201d es una m\u00e1s de las mentiras que todos los d\u00edas se vierten en las reuniones propagand\u00edsticas que cada ma\u00f1ana de la semana laboral se vierten en Palacio Nacional.<\/p>\n<p>Si hasta el propio INEGI desmiente las enga\u00f1osas cifras del Ej\u00e9rcito, la Marina, Gobernaci\u00f3n, Guardia Nacional y Secretar\u00eda de (in)Seguridad Ciudadana, se\u00f1alando tras cada una de sus encuestas sobre el tema que cada vez m\u00e1s la poblaci\u00f3n percibe, siente y sufre por la escalada de violencia criminal.<\/p>\n<p>Tal pareciera que de lo que se trata en el \u201csegundo piso\u201d de la 4T es de dar abrazos con n\u00fameros descendientes, \u00bfno cree usted?<\/p>\n<p>@AndySKBrown1<\/p>\n<p><em>*Pseud\u00f3nimo bajo el que se redactan informaciones comprobadas que son enviadas por lectores y colaboradores del portal \u00cdndice Pol\u00edtico.<\/em><\/p>\n","protected":false},"excerpt":{"rendered":"<p>La Espinita Andy S. K. Brown Truena los dedos Trump y Claudia corre Caso Ruffo: \u00a1Pruebas, pruebas, pruebas! Rotundo ment\u00eds a las cifras de Seguridad &nbsp; \u00a1Qu\u00e9 mala onda de do\u00f1a Claudia! De verdad, \u00a1qu\u00e9 mala onda! Mostr\u00f3 un desprecio absoluto a la afici\u00f3n mexicana al anunciar con varios meses de anticipaci\u00f3n que no acudir\u00eda a la inauguraci\u00f3n del Mundial de Futbol 2026 y que su boleto lo regalar\u00eda a una ni\u00f1a de escasos recursos. Y no asisti\u00f3. A escondidas se fue a ver la ceremonia y el partido de la selecci\u00f3n mexicana contra la de Sud\u00e1frica a un deportivo [&hellip;]<\/p>\n","protected":false},"author":3,"featured_media":89493,"comment_status":"open","ping_status":"open","sticky":false,"template":"","format":"standard","meta":{"_jetpack_newsletter_access":"","_jetpack_dont_email_post_to_subs":false,"_jetpack_newsletter_tier_id":0,"_jetpack_memberships_contains_paywalled_content":false,"_jetpack_feature_clip_id":0,"_jetpack_memberships_contains_paid_content":false,"footnotes":"","jetpack_publicize_message":"","jetpack_publicize_feature_enabled":true,"jetpack_social_post_already_shared":true,"jetpack_social_options":{"image_generator_settings":{"template":"highway","default_image_id":0,"font":"","enabled":false},"version":2},"jetpack_post_was_ever_published":false},"categories":[79],"tags":[],"class_list":["post-149724","post","type-post","status-publish","format-standard","has-post-thumbnail","hentry","category-columnistas-nacionales","post--single"],"jetpack_publicize_connections":[],"jetpack_featured_media_url":"https:\/\/ovelanalista.com\/wp-content\/uploads\/2024\/01\/Andy-S.-K.-Brown.jpeg","jetpack_sharing_enabled":true,"_links":{"self":[{"href":"https:\/\/ovelanalista.com\/index.php?rest_route=\/wp\/v2\/posts\/149724","targetHints":{"allow":["GET"]}}],"collection":[{"href":"https:\/\/ovelanalista.com\/index.php?rest_route=\/wp\/v2\/posts"}],"about":[{"href":"https:\/\/ovelanalista.com\/index.php?rest_route=\/wp\/v2\/types\/post"}],"author":[{"embeddable":true,"href":"https:\/\/ovelanalista.com\/index.php?rest_route=\/wp\/v2\/users\/3"}],"replies":[{"embeddable":true,"href":"https:\/\/ovelanalista.com\/index.php?rest_route=%2Fwp%2Fv2%2Fcomments&post=149724"}],"version-history":[{"count":1,"href":"https:\/\/ovelanalista.com\/index.php?rest_route=\/wp\/v2\/posts\/149724\/revisions"}],"predecessor-version":[{"id":149727,"href":"https:\/\/ovelanalista.com\/index.php?rest_route=\/wp\/v2\/posts\/149724\/revisions\/149727"}],"wp:featuredmedia":[{"embeddable":true,"href":"https:\/\/ovelanalista.com\/index.php?rest_route=\/wp\/v2\/media\/89493"}],"wp:attachment":[{"href":"https:\/\/ovelanalista.com\/index.php?rest_route=%2Fwp%2Fv2%2Fmedia&parent=149724"}],"wp:term":[{"taxonomy":"category","embeddable":true,"href":"https:\/\/ovelanalista.com\/index.php?rest_route=%2Fwp%2Fv2%2Fcategories&post=149724"},{"taxonomy":"post_tag","embeddable":true,"href":"https:\/\/ovelanalista.com\/index.php?rest_route=%2Fwp%2Fv2%2Ftags&post=149724"}],"curies":[{"name":"wp","href":"https:\/\/api.w.org\/{rel}","templated":true}]}}