{"id":149725,"date":"2026-07-20T09:00:57","date_gmt":"2026-07-20T16:00:57","guid":{"rendered":"https:\/\/ovelanalista.com\/?p=149725"},"modified":"2026-07-20T08:07:51","modified_gmt":"2026-07-20T15:07:51","slug":"esta-senora-tampoco-respeta-la-ley","status":"publish","type":"post","link":"https:\/\/ovelanalista.com\/?p=149725","title":{"rendered":"Esta se\u00f1ora tampoco respeta la ley"},"content":{"rendered":"<p><strong>\u00cdNDICE POL\u00cdTICO<\/strong><\/p>\n<p><strong>FRANCISCO RODR\u00cdGUEZ<\/strong><\/p>\n<p>&nbsp;<\/p>\n<p>Luego de que L\u00f3pez Obrador dijera aquello de que no le \u201csalieran con el cuento de que la ley es la ley\u201d \u2013y que actuara en consecuencia\u2013, muchos cre\u00edmos haberlo escuchado ya todo.<\/p>\n<p>No fue as\u00ed, ahora la se\u00f1ora Claudia Sheinbaum tambi\u00e9n da muestras de que la ley le vale madres.<\/p>\n<p>Lea usted lo que reci\u00e9n dijo en Quintana Roo a un funcionario de menor rango burocr\u00e1tico que el ostentado por ella:<\/p>\n<p>\u201cHay que gobernar con sentido com\u00fan y para la gente. Cuando la norma se pone por encima de la gente y el sentido com\u00fan, entonces est\u00e1 mal. Entonces, no cumplas con la norma, eso es lo que te estoy diciendo\u201d<\/p>\n<p>\u201c\u00a1No cumplas con la norma!\u201d<\/p>\n<p>Ese es el santo y se\u00f1a, la consigna rompedora del reinecito de Cuarta\u2026 que desde 2018 est\u00e1 acabando con el Estado de Derecho.<\/p>\n<p>\u00bfPara que env\u00eda esta se\u00f1ora iniciativas al Congreso \u2013que no les cambia ni una coma\u2014si al final de cuenta no respetar\u00e1 ni acatar\u00e1 su esencia?<\/p>\n<p>\u201c\u00a1No cumplas con la norma!\u201d<\/p>\n<p>\u00bfPara qu\u00e9 requiere una Consejer\u00eda Jur\u00eddica del Poder Ejecutivo Federal si, a final de cuentas, har\u00e1 lo que le dicte su sentido com\u00fan\u2026 no muy confiable, por cierto?<\/p>\n<p>Lo peor es que ya lo sab\u00edamos. Que mediante el chantaje, las presiones, la compra de voluntades \u2013con recursos que aportan los delincuentes que son sus aliados\u2013, los cuatroteros pasan sobre las leyes, las pisotean y hasta se limpian salva sea la parte con ellas.<\/p>\n<p>\u201c\u00a1No cumplas con la norma!\u201d, Claudia.<\/p>\n<p>Iniciemos nuestro safari armados solo con la ley de la selva.<\/p>\n<p>Menospreciar o hasta despreciar la ley ignora, desaf\u00eda y vulnera conscientemente el orden jur\u00eddico establecido.<\/p>\n<p>Y esto erosiona a las cada vez menos instituciones que nos quedan, debilita el Estado de Derecho.<\/p>\n<p>La se\u00f1ora Sheinbaum ya ha dado muestras de desacato a la ley, al anteponer los intereses de su partido y de su protector durante la discusiones de la malhadada Reforma Judicial del Acorde\u00f3n.<\/p>\n<p>\u00bfNo acatar la norma da paso a la desobediencia civil?<\/p>\n<p><strong>Muchas leyes. Poco acatamiento<\/strong><\/p>\n<p>Porque imponer a como d\u00e9 lugar la ley de la selva es el sue\u00f1o guajiro de los ineptos. A pesar de que durante siglos no se encontr\u00f3 mayor justificaci\u00f3n para la existencia del Estado que brindar la seguridad elemental, los gobiernitos oscuros y ramplones se la pasan colg\u00e1ndose de mil pretextos para librarse de esa peque\u00f1a carga, \u00fanica raz\u00f3n de ser de su par\u00e1sita estructura.<\/p>\n<p>Haciendo a un lado todas las supuestas obligaciones, modalidades y la parafernalia que se ha escrito sobre el Estado que, de ser un Leviat\u00e1n s\u00faper poderoso se ha convertido en una pobre entidad cargada de pasivos patrimoniales para con sus gobernados, lo \u00fanico que le queda es su raz\u00f3n para existir: \u00a1Acatar la norma!<\/p>\n<p>Existen sobre la Tierra muchos pueblos civilizados, con sociedades estratificadas y ampliamente diversificadas que necesitan para su correcta convivencia unas cuantas leyes, pocos c\u00f3digos y la interpretaci\u00f3n judicial inteligente.<\/p>\n<p>Aqu\u00ed no. \u200eNosotros estamos en el lado opuesto de esa condici\u00f3n. Sobre regulados y congestionados de leyes aprobadas y votadas como si se tratara de una competencia entre formaciones pol\u00edticas, para ver cu\u00e1l de ellas es la m\u00e1s abocada para legislar al vapor.<\/p>\n<p>El resultado est\u00e1 a la vista: un cat\u00e1logo de derecho positivo, integrado por decenas de miles de leyes y c\u00f3digos de las que nadie se acuerda, hasta que tiene que ir a las bibliotecas jur\u00eddicas para respaldar nuevas iniciativas y argumentar \u00a1sobre lo ya legislado con antelaci\u00f3n!<\/p>\n<p>Y eso era antes de que la dupla AMLO \/ Sheinbaum se les ocurriera, a uno, y ejecutar, a la otra, la Reforma Judicial del Acorde\u00f3n.<\/p>\n<p>Porque hoy los juzgadores\u2026 ni siquiera merecen ser llamados as\u00ed.<\/p>\n<p>Es la locura.<\/p>\n<p>Y en esa estamos embarcados por los cuatroteros<\/p>\n<p>\u201cNo acaten la norma!\u201d, pues.<\/p>\n<p>\u00bfTambi\u00e9n vale para los (mal) llamados gobernados?<\/p>\n<p>Porque el sentido com\u00fan nos dice que no deber\u00edamos pagar alcabalas, impuestos, derechos, etc. a un dizque gobern\u00f3 que no cumple con su obligaci\u00f3n principal: brindar seguridad a la poblaci\u00f3n.<\/p>\n<p>Ya lo dem\u00e1s es lo de menos.<\/p>\n<p>\u00a1Con que solo cumplieran eso!<\/p>\n<p>&nbsp;<\/p>\n<p><strong>Indicios<\/strong><\/p>\n<p>La edici\u00f3n dominical del diario\u00a0<em>Reforma<\/em>\u00a0proporcion\u00f3 a sus lectores una detallada revisi\u00f3n del \u201cnuevo Poder Judicial\u201d \u2013el que es producto del acorde\u00f3n\u2013, en el que, entre muchas otras cosas se detectaron abogados de narcotraficantes que ahora son jueces, jueces que benefician al gobernador que los propuso, ministros que acuden a m\u00edtines presidenciales y juzgadores que tambi\u00e9n son funcionarios de partidos pol\u00edticos. \u00a1Un desastre, pero que el que se pretend\u00eda desechar! Estamos en el peor de los mundos. Sin que las (mal) llamadas \u201cautoridades\u201d obedezcan las leyes\u2026 y sin juzgadores imparciales. * * * Por hoy es todo. Le agradezco haya le\u00eddo este\u00a0<strong>\u00cdndice Pol\u00edtico.\u00a0<\/strong>Y como siempre le deseo \u00a1buenas gracias y muchos, muchos d\u00edas!<\/p>\n<p><a href=\"https:\/\/indicepolitico.com\/\"><strong>https:\/\/indicepolitico.com\u00a0<\/strong><\/a><br \/>\n<a href=\"mailto:indicepolitico@gmail.com%C2%A0\"><strong>indicepolitico@gmail.com\u00a0<\/strong><\/a><br \/>\n<a href=\"https:\/\/www.twitter.com\/IndicePolitico\"><strong>@IndicePolitico\u00a0<\/strong><\/a><br \/>\n<a href=\"https:\/\/www.twitter.com\/pacorodriguez\"><strong>@pacorodriguez<\/strong><\/a><\/p>\n","protected":false},"excerpt":{"rendered":"<p>\u00cdNDICE POL\u00cdTICO FRANCISCO RODR\u00cdGUEZ &nbsp; Luego de que L\u00f3pez Obrador dijera aquello de que no le \u201csalieran con el cuento de que la ley es la ley\u201d \u2013y que actuara en consecuencia\u2013, muchos cre\u00edmos haberlo escuchado ya todo. No fue as\u00ed, ahora la se\u00f1ora Claudia Sheinbaum tambi\u00e9n da muestras de que la ley le vale madres. Lea usted lo que reci\u00e9n dijo en Quintana Roo a un funcionario de menor rango burocr\u00e1tico que el ostentado por ella: \u201cHay que gobernar con sentido com\u00fan y para la gente. Cuando la norma se pone por encima de la gente y el sentido [&hellip;]<\/p>\n","protected":false},"author":3,"featured_media":123550,"comment_status":"open","ping_status":"open","sticky":false,"template":"","format":"standard","meta":{"_jetpack_newsletter_access":"","_jetpack_dont_email_post_to_subs":false,"_jetpack_newsletter_tier_id":0,"_jetpack_memberships_contains_paywalled_content":false,"_jetpack_feature_clip_id":0,"_jetpack_memberships_contains_paid_content":false,"footnotes":"","jetpack_publicize_message":"","jetpack_publicize_feature_enabled":true,"jetpack_social_post_already_shared":true,"jetpack_social_options":{"image_generator_settings":{"template":"highway","default_image_id":0,"font":"","enabled":false},"version":2},"jetpack_post_was_ever_published":false},"categories":[79],"tags":[],"class_list":["post-149725","post","type-post","status-publish","format-standard","has-post-thumbnail","hentry","category-columnistas-nacionales","post--single"],"jetpack_publicize_connections":[],"jetpack_featured_media_url":"https:\/\/ovelanalista.com\/wp-content\/uploads\/2025\/06\/francisco_rodriguez.jpg","jetpack_sharing_enabled":true,"_links":{"self":[{"href":"https:\/\/ovelanalista.com\/index.php?rest_route=\/wp\/v2\/posts\/149725","targetHints":{"allow":["GET"]}}],"collection":[{"href":"https:\/\/ovelanalista.com\/index.php?rest_route=\/wp\/v2\/posts"}],"about":[{"href":"https:\/\/ovelanalista.com\/index.php?rest_route=\/wp\/v2\/types\/post"}],"author":[{"embeddable":true,"href":"https:\/\/ovelanalista.com\/index.php?rest_route=\/wp\/v2\/users\/3"}],"replies":[{"embeddable":true,"href":"https:\/\/ovelanalista.com\/index.php?rest_route=%2Fwp%2Fv2%2Fcomments&post=149725"}],"version-history":[{"count":1,"href":"https:\/\/ovelanalista.com\/index.php?rest_route=\/wp\/v2\/posts\/149725\/revisions"}],"predecessor-version":[{"id":149726,"href":"https:\/\/ovelanalista.com\/index.php?rest_route=\/wp\/v2\/posts\/149725\/revisions\/149726"}],"wp:featuredmedia":[{"embeddable":true,"href":"https:\/\/ovelanalista.com\/index.php?rest_route=\/wp\/v2\/media\/123550"}],"wp:attachment":[{"href":"https:\/\/ovelanalista.com\/index.php?rest_route=%2Fwp%2Fv2%2Fmedia&parent=149725"}],"wp:term":[{"taxonomy":"category","embeddable":true,"href":"https:\/\/ovelanalista.com\/index.php?rest_route=%2Fwp%2Fv2%2Fcategories&post=149725"},{"taxonomy":"post_tag","embeddable":true,"href":"https:\/\/ovelanalista.com\/index.php?rest_route=%2Fwp%2Fv2%2Ftags&post=149725"}],"curies":[{"name":"wp","href":"https:\/\/api.w.org\/{rel}","templated":true}]}}