{"id":149732,"date":"2026-07-20T09:35:46","date_gmt":"2026-07-20T16:35:46","guid":{"rendered":"https:\/\/ovelanalista.com\/?p=149732"},"modified":"2026-07-20T08:31:55","modified_gmt":"2026-07-20T15:31:55","slug":"ernesto-n-detenido-y-expuesto","status":"publish","type":"post","link":"https:\/\/ovelanalista.com\/?p=149732","title":{"rendered":"Ernesto \u201cN\u201d, detenido y expuesto"},"content":{"rendered":"<p><strong>Joel Hern\u00e1ndez Santiago<\/strong><\/p>\n<p>&nbsp;<\/p>\n<p>Con la novedad en el frente de que la Fiscal\u00eda General de la Rep\u00fablica (FGR) detuvo el jueves 16 de julio al ex gobernador panista de Baja California, Ernesto \u201cN\u201d, por un mont\u00f3n de acusaciones que le atribuyen y que principalmente tienen que ver con Huachicol Fiscal\u2026<\/p>\n<p>La aprehensi\u00f3n fue ejecutada por elementos de la Secretar\u00eda de Seguridad y Protecci\u00f3n Ciudadana (SSPC), luego de que la FGR solicit\u00f3 a un juez federal y obtuvo la orden en contra del exmandatario. Inmediato un uso medi\u00e1tico explosivo de la medida.<\/p>\n<p>Un poco como cuando el gobierno de Estados Unidos dio a conocer que ped\u00eda la extradici\u00f3n de diez pol\u00edticos sinaloenses, de Morena, a los que se\u00f1ala con v\u00ednculos con el narcotr\u00e1fico y que siguen protegidos por el gobierno federal mexicano.<\/p>\n<p>Seg\u00fan la FGR, la orden de aprehensi\u00f3n deriva de una investigaci\u00f3n \u2018de alta complejidad sobre una presunta red de contrabando de combustibles operada mediante una empresa fundada por el exmandatario panista.\u2019<\/p>\n<p>Lo dice as\u00ed: \u201cComo resultado de una investigaci\u00f3n de alta complejidad relacionada con grandes operaciones de contrabando de combustible, realizadas por una empresa fundada por un exgobernador de Baja California, la FGR solicit\u00f3 y obtuvo una orden de aprehensi\u00f3n por la posible comisi\u00f3n de los delitos de delincuencia organizada y contrabando en contra de Ernesto \u2018N\u2019, la cual fue cumplimentada esta tarde en Ensenada, Baja California, por elementos de la SSPC\u201d.<\/p>\n<p>Casualmente se llev\u00f3 a cabo la detenci\u00f3n de Ernesto \u201cN\u201d para intentar ocultar una informaci\u00f3n estratosf\u00e9rica y da\u00f1ina para Morena-4-T. Es el mismo d\u00eda que se dieron a conocer otros audios en los que la gobernadora Marina del Pilar negocia con \u201calguienes que dicen ser del Departamento de Estado de EUA la entrega de informaci\u00f3n privilegiada a cambio de la renovaci\u00f3n de su visa para entrar a EUA y para no sufrir una extradici\u00f3n\u201d<\/p>\n<p>El mi\u00e9rcoles 15 de julio, el periodista H\u00e9ctor de Maule\u00f3n dio a conocer dos nuevas grabaciones en su columna de \u201cEl Universal\u201d, en las que se escuchar\u00eda a la gobernadora de Baja California, Marina del Pilar \u00c1vila Olmeda, negociar con presuntos intermediarios del gobierno de EUA las condiciones para un encuentro relacionado con informaci\u00f3n y su visa cancelada. Ella misma dijo que \u201cseguramente seguir\u00edan apareciendo m\u00e1s fragmentos\u201d de sus conversaciones. Dando por hecho que hay m\u00e1s evidencias de estas charlas y su contenido.<\/p>\n<p>En un audio dado a conocer d\u00edas antes por H\u00e9ctor de Maule\u00f3n, un presunto negociador dice a la gobernadora que la primera reuni\u00f3n qued\u00f3 autorizada para finales de agosto en Panam\u00e1, decisi\u00f3n que, seg\u00fan se escucha en la conversaci\u00f3n, habr\u00eda sido tomada de forma conjunta por el Departamento de Seguridad Nacional (DHS) y el Departamento de Estado de Estados Unidos.<\/p>\n<p>El hombre de la voz le explica a la gobernadora que se eligi\u00f3 ese pa\u00eds como \u201cterritorio neutral\u201d para evitar realizar el encuentro en Estados Unidos o en M\u00e9xico.<\/p>\n<p>Durante la conversaci\u00f3n, la gobernadora pregunta si sus abogados podr\u00edan acompa\u00f1arla. El intermediario responde que lo consultar\u00e1 con sus superiores en el Departamento de Seguridad Nacional. Ella, en la grabaci\u00f3n, reconoce cierta inquietud: \u201cson reglas, leyes que no conozco\u2026 s\u00ed me inquieta un poco\u201d, aunque tambi\u00e9n dice que se mantiene \u201ca tus \u00f3rdenes\u201d para dar seguimiento formal al tema con apoyo de un abogado.<\/p>\n<p>Un interlocutor, sedicente miembro del equipo de contacto con el FBI, le pregunta a la gobernadora, en ingl\u00e9s, si preferir\u00eda reunirse con sus contactos de esa agencia en Tijuana o en Miami, \u201cpor razones de log\u00edstica\u201d. Marina del Pilar responde: \u201cEn Tijuana\u201d. Ante esto, el intermediario en espa\u00f1ol confirma: \u201cla cosa va a ser directamente con el FBI y ellos est\u00e1n dispuestos aqu\u00ed a venir a Tijuana\u201d.<\/p>\n<p>Marina del Pilar reconoce como ciertas unas llamadas, pero tambi\u00e9n acusa al ex gobernador Jaime Bonilla de haberle \u201ctendido una trampa\u201d al referirla con los presuntos intermediarios, con el argumento de que la ayudar\u00edan a recuperar su visa (pues \u00bfno que se odiaban?).<\/p>\n<p>La mandataria dice que lo ocurrido es un \u201ccomplot\u201d y una \u201cvenganza pol\u00edtica\u201d por parte de su antecesor y ahora sostiene que los audios fueron \u201cmanipulados y sacados de contexto\u201d.<\/p>\n<p>As\u00ed que la suspicacia por la detenci\u00f3n de Ernesto \u201cN\u201d con toda la parafernalia y ruido medi\u00e1tico que se utiliz\u00f3 -modo que Morena-4T- repudia en casos en los que le afectan\u2013, tiene el sentido de distraer a los mexicanos del problema en el que est\u00e1 metido el actual r\u00e9gimen, siempre dispuesto, seg\u00fan la presidente de M\u00e9xico, a defender la soberan\u00eda nacional.<\/p>\n<p>Ruido medi\u00e1tico que, asimismo, utilizaron para acusar de traici\u00f3n a la patria a la gobernadora de Chihuahua a quien se se\u00f1ala de permitir que agentes de Estados Unidos participaran en la localizaci\u00f3n y destrucci\u00f3n de un laboratorio de fentanilo en la entidad.<\/p>\n<p>Lo de Ernesto \u201cN\u201d est\u00e1 por revisarse y conocer al detalle la hondura y el grado de delito en el que pudo haber incurrido. Se acusa a una empresa de la que \u00e9l es socio importante, de ser la que a trav\u00e9s de sus contenedores se hizo el trasiego del combustible ilegal. Y m\u00e1s.<\/p>\n<p>Pero lo cierto es que todav\u00eda falta conocer qu\u00e9 argumenta la defensa del ex gobernador de Baja California, un personaje emblem\u00e1tico y muy querido en la entidad, toda vez que fue el primer gobernador de oposici\u00f3n que llega al puesto por un partido distinto al PRI, entonces. Se le reconoce un buen gobierno durante su gesti\u00f3n de 1989 a 1995.<\/p>\n<p>El gobierno mexicano actual dice que act\u00faa con base en la justicia y que \u00e9sta no se politiza: veremos en este caso si es as\u00ed\u2026 y si como en este caso, se actuar\u00e1 en contra de quienes atenten en contra de la soberan\u00eda nacional, la seguridad, o quienes est\u00e9n vinculados con el crimen organizado desde sus esferas de poder ya Morena-4-T, o cualquier otro partido. \u00bfSer\u00e1?<\/p>\n","protected":false},"excerpt":{"rendered":"<p>Joel Hern\u00e1ndez Santiago &nbsp; Con la novedad en el frente de que la Fiscal\u00eda General de la Rep\u00fablica (FGR) detuvo el jueves 16 de julio al ex gobernador panista de Baja California, Ernesto \u201cN\u201d, por un mont\u00f3n de acusaciones que le atribuyen y que principalmente tienen que ver con Huachicol Fiscal\u2026 La aprehensi\u00f3n fue ejecutada por elementos de la Secretar\u00eda de Seguridad y Protecci\u00f3n Ciudadana (SSPC), luego de que la FGR solicit\u00f3 a un juez federal y obtuvo la orden en contra del exmandatario. Inmediato un uso medi\u00e1tico explosivo de la medida. Un poco como cuando el gobierno de Estados [&hellip;]<\/p>\n","protected":false},"author":3,"featured_media":93593,"comment_status":"open","ping_status":"open","sticky":false,"template":"","format":"standard","meta":{"_jetpack_newsletter_access":"","_jetpack_dont_email_post_to_subs":false,"_jetpack_newsletter_tier_id":0,"_jetpack_memberships_contains_paywalled_content":false,"_jetpack_feature_clip_id":0,"_jetpack_memberships_contains_paid_content":false,"footnotes":"","jetpack_publicize_message":"","jetpack_publicize_feature_enabled":true,"jetpack_social_post_already_shared":true,"jetpack_social_options":{"image_generator_settings":{"template":"highway","default_image_id":0,"font":"","enabled":false},"version":2},"jetpack_post_was_ever_published":false},"categories":[79],"tags":[],"class_list":["post-149732","post","type-post","status-publish","format-standard","has-post-thumbnail","hentry","category-columnistas-nacionales","post--single"],"jetpack_publicize_connections":[],"jetpack_featured_media_url":"https:\/\/ovelanalista.com\/wp-content\/uploads\/2024\/04\/joel-hernandez-santiago.jpeg","jetpack_sharing_enabled":true,"_links":{"self":[{"href":"https:\/\/ovelanalista.com\/index.php?rest_route=\/wp\/v2\/posts\/149732","targetHints":{"allow":["GET"]}}],"collection":[{"href":"https:\/\/ovelanalista.com\/index.php?rest_route=\/wp\/v2\/posts"}],"about":[{"href":"https:\/\/ovelanalista.com\/index.php?rest_route=\/wp\/v2\/types\/post"}],"author":[{"embeddable":true,"href":"https:\/\/ovelanalista.com\/index.php?rest_route=\/wp\/v2\/users\/3"}],"replies":[{"embeddable":true,"href":"https:\/\/ovelanalista.com\/index.php?rest_route=%2Fwp%2Fv2%2Fcomments&post=149732"}],"version-history":[{"count":1,"href":"https:\/\/ovelanalista.com\/index.php?rest_route=\/wp\/v2\/posts\/149732\/revisions"}],"predecessor-version":[{"id":149742,"href":"https:\/\/ovelanalista.com\/index.php?rest_route=\/wp\/v2\/posts\/149732\/revisions\/149742"}],"wp:featuredmedia":[{"embeddable":true,"href":"https:\/\/ovelanalista.com\/index.php?rest_route=\/wp\/v2\/media\/93593"}],"wp:attachment":[{"href":"https:\/\/ovelanalista.com\/index.php?rest_route=%2Fwp%2Fv2%2Fmedia&parent=149732"}],"wp:term":[{"taxonomy":"category","embeddable":true,"href":"https:\/\/ovelanalista.com\/index.php?rest_route=%2Fwp%2Fv2%2Fcategories&post=149732"},{"taxonomy":"post_tag","embeddable":true,"href":"https:\/\/ovelanalista.com\/index.php?rest_route=%2Fwp%2Fv2%2Ftags&post=149732"}],"curies":[{"name":"wp","href":"https:\/\/api.w.org\/{rel}","templated":true}]}}