{"id":149744,"date":"2026-07-20T09:45:22","date_gmt":"2026-07-20T16:45:22","guid":{"rendered":"https:\/\/ovelanalista.com\/?p=149744"},"modified":"2026-07-20T08:37:08","modified_gmt":"2026-07-20T15:37:08","slug":"la-doble-vara-de-sheinbaum-para-los-more-narcos-y-enemigos","status":"publish","type":"post","link":"https:\/\/ovelanalista.com\/?p=149744","title":{"rendered":"La DOBLE VARA de SHEINBAUM; Para los MORE-NARCOS y ENEMIGOS"},"content":{"rendered":"<p><strong>C O N T R A P O D E R<\/strong><\/p>\n<p><strong>JUAN ANTONIO TORRES<\/strong><\/p>\n<p>&nbsp;<\/p>\n<p>La DETENCION del panista, ERNESTO RUFFO APPEL, por sus presuntos NEGOCIOS que tienen que ver con el HUACHICOL FINANCIERO, para una buena parte del TEJIDO SOCIAL en MEXICO, fue vista dicha CAPTURA, como una CORTINA de HUMO, para tratar de OCULTAR el BATIDERO en el que est\u00e1n inmersos, dos PROMINENTES personeros de MORENA, como lo son MARINA del PILAR AVILA y su antecesor, JAIME BONILLA.<\/p>\n<p>Que se traen un PLEITO EPISTOLAR desde que estaba en palacio nacional, el oriundo de MACUSPANA, AMLO, que NUNCA lo pudo PARAR, porque estaba SUSTENTADO en todo lo que tenia que ver con el CRIMEN ORGANIZADO.<\/p>\n<p>Lo que NO ten\u00eda PRESUPUESTADO el actual r\u00e9gimen es que el RECONOCIDO columnista, HECTOR de MAULEON, diera a conocer en EL UNIVERSAL, varias llamadas telef\u00f3nicas de la GOBERNADORA a agentes del FBI, en las que les OFRECE INFORMACION privilegiada a CAMBIO de RECUPERAR su VISA, que le SUSPENDIO la administraci\u00f3n de DONALD TRUMP.<\/p>\n<p>Pero, pero tambi\u00e9n que NO la VAYAN a poner en CALIDAD de EXTRADITABLE, como le pasa desde finales de abril al gobernador con licencia de SINALOA, RUBEN ROCHA MOYA y 9 m\u00e1s de sus SECUACES que fueron COMPLICES de Los CHAPITOS, desde el 2021, cuando lo llevaron a la GUBERNATURA de SINALOA, mediante el USO de la FUEFRZA, el SECUESTRO y el ROBO de CASILLAS el d\u00eda de los COMICIOS.<\/p>\n<p>El PLEITO entre MARINA del PILAR y su predecesor, JAIME BONILLA, ya hab\u00eda ESCALADO en el ESPECTRO NACIONAL, por las FLAMIGERAS acusaciones de BONILLA por sus TURBIOS v\u00ednculos con la DELINCUENCIA ORGANIZADA.<\/p>\n<p>La GOTA que DERRAMO el VASO, fueron las CONVERSACIONES de la jefa del EJECUTIVO de BAJA CALIFORNIA que PUBLICO de MAULEON que fueron RECONOCIDAS por ella misma.<\/p>\n<p>En este CONTEXTO de CRISPACION POLITICA, hab\u00eda que OPERAR desde el gobierno federal, para MINIMIZAR el RECUENTO de los DA\u00d1OS que le estaba PROVOCANDO la CONFRONTACION.<\/p>\n<p>Fue entonces cuando se OPERO la OPERACI\u00d3N de DETENER a una FIGURA de la OPOSICION, que tiene una IMAGEN de una figura SOLVENTE que tuvo la SUERTE de convertirse en el PRIMER gobernador de OPOSICION, en este caso del PAN, en 1989.<\/p>\n<p>Desde luego que fue una SORPRESA MAYUSCULA, la CAPTURA de RUFFO APPEL, acusado de tener VINCULOS con empresarios HUACHICOLEROS, desde tiempo atr\u00e1s.<\/p>\n<p>El r\u00e9gimen OPERO para CALMAR las AGUAS en una LATiTUD CONCULCADA como BAJA CALIFORNIA, en lo que tiene que ver con las DISPUTAS entre el CRIMEN ORGANIZADO y desde luego, el ELEVADO n\u00famero de CRIMENES DOLOSOS.<\/p>\n<p>Las GRABACIONES de MARINA del PILAR, con autoridades NORTEAMERICANAS, ante las cuales se ha OFRECIDO dispuesta a COLABORAR como INFORMANTE del FBI y el DEPARTAMENTO de JUSTICIA, adem\u00e1s de la CONTRATACION del abogado, MICHAEL NADLER, especialista en DELITOS FINANCIEROS y LAVADO de DINERO, han exhibido de CUERPO COMPLETOM a la mandataria estatal, quien como luego se dice, \u201cya no quiere queso, sino salir de esta RATONERA\u201d.<\/p>\n<p>Ciertamente, la CAPTURA de RUFFO le quito por un RATO toda la ATENCION de los MEDIOS en por lo menos las dos semanas pasadas.<br \/>\nPor lo pronto, RUFFO APPEL, ya esta en la CARCEL, como lo quer\u00edan sus ADVERSARIOS de MORENA.<\/p>\n<p>Los DELITOS por los que se le acusa, son variopintos, desde luego, GRAVES, si se le COMPRUEBAN DEFRAUDACION y LAVADO de DINERO, en COMPLICIDAD con empresarios de DUDOSA reputaci\u00f3n.<\/p>\n<p>Es importante destacar que cuando fueron dadas a CONOCER las LLAMADAS y publicadas por DE MAULEON, DEL PILAR OLMEDO, ACUSO a BONILLA, de ser el AUTOR de dichas FILTRACIONES para DESESTABILIZAR su gobierno.<\/p>\n<p>Lo que ocurre hoy en las FILAS del OFICIALISMO, es PREOCUPANTE.<\/p>\n<p>Las FISURAS son m\u00e1s que EVIDENTES, justamente cuando estamos a menos de un a\u00f1o de los COMICIOS estatales. NO son pocos los que dicen que RUFFO APPEL, fue un CHIVO EXPIATORIO para DESVIAR la ATENCION de los DESENCUENTROS entre la CUPULA estatal de MORENA que podr\u00eda hacerle CRISIS a la nueva MANDAMAS, como lo es ARIADNA MONTIEL REYES, que apenas esta tomando los BARTULOS de un partido que vive HORAS OSCURAS a 8 a\u00f1os de ARRIBAR a palacio nacional\u2026<\/p>\n<p>Lo que es una REALIDAD, a la luz de los HECHOS, es que CLAUDIA SHEINBAUM, NO VACILA, para ENCARCELAR a sus ADVERSARIOS y en forma PARALELA, tender un MANTO de IMPUNIDAD a su CLICKA, entre los cuales se destaca, el NARCO- GOBERNADOR- RUBEN ROCHA MOYA y los 9 m\u00e1s de SINALOA, requeridos desde hace m\u00e1s de 2 meses por sus EVDENTES NEXOS con Los CHAPITOS, por el DEPARTAMENTO de ESTADO, donde despacha MARCO RUBIO.<\/p>\n<p>Para ellos, la MAXIMA JUARISTA; \u201cJUSTICIA y GRACIA\u201d para sus ADVERSARIOS, la \u201cJUSTICIA a SECAS\u201d.<\/p>\n<p>Y lo que le SIGUE\u2026<\/p>\n<p>RUFFO APPEL la esta viviendo en CARNE PROPIA\u2026.<\/p>\n<p>Sino es CULPABLE, la CALUMNIA OFICIOSA, YA lo MANCHO para SIEMPRE\u2026<\/p>\n","protected":false},"excerpt":{"rendered":"<p>C O N T R A P O D E R JUAN ANTONIO TORRES &nbsp; La DETENCION del panista, ERNESTO RUFFO APPEL, por sus presuntos NEGOCIOS que tienen que ver con el HUACHICOL FINANCIERO, para una buena parte del TEJIDO SOCIAL en MEXICO, fue vista dicha CAPTURA, como una CORTINA de HUMO, para tratar de OCULTAR el BATIDERO en el que est\u00e1n inmersos, dos PROMINENTES personeros de MORENA, como lo son MARINA del PILAR AVILA y su antecesor, JAIME BONILLA. Que se traen un PLEITO EPISTOLAR desde que estaba en palacio nacional, el oriundo de MACUSPANA, AMLO, que NUNCA lo [&hellip;]<\/p>\n","protected":false},"author":3,"featured_media":98455,"comment_status":"open","ping_status":"open","sticky":false,"template":"","format":"standard","meta":{"_jetpack_newsletter_access":"","_jetpack_dont_email_post_to_subs":false,"_jetpack_newsletter_tier_id":0,"_jetpack_memberships_contains_paywalled_content":false,"_jetpack_feature_clip_id":0,"_jetpack_memberships_contains_paid_content":false,"footnotes":"","jetpack_publicize_message":"","jetpack_publicize_feature_enabled":true,"jetpack_social_post_already_shared":true,"jetpack_social_options":{"image_generator_settings":{"template":"highway","default_image_id":0,"font":"","enabled":false},"version":2},"jetpack_post_was_ever_published":false},"categories":[79],"tags":[],"class_list":["post-149744","post","type-post","status-publish","format-standard","has-post-thumbnail","hentry","category-columnistas-nacionales","post--single"],"jetpack_publicize_connections":[],"jetpack_featured_media_url":"https:\/\/ovelanalista.com\/wp-content\/uploads\/2024\/07\/juan_antonio_torres.jpg","jetpack_sharing_enabled":true,"_links":{"self":[{"href":"https:\/\/ovelanalista.com\/index.php?rest_route=\/wp\/v2\/posts\/149744","targetHints":{"allow":["GET"]}}],"collection":[{"href":"https:\/\/ovelanalista.com\/index.php?rest_route=\/wp\/v2\/posts"}],"about":[{"href":"https:\/\/ovelanalista.com\/index.php?rest_route=\/wp\/v2\/types\/post"}],"author":[{"embeddable":true,"href":"https:\/\/ovelanalista.com\/index.php?rest_route=\/wp\/v2\/users\/3"}],"replies":[{"embeddable":true,"href":"https:\/\/ovelanalista.com\/index.php?rest_route=%2Fwp%2Fv2%2Fcomments&post=149744"}],"version-history":[{"count":1,"href":"https:\/\/ovelanalista.com\/index.php?rest_route=\/wp\/v2\/posts\/149744\/revisions"}],"predecessor-version":[{"id":149748,"href":"https:\/\/ovelanalista.com\/index.php?rest_route=\/wp\/v2\/posts\/149744\/revisions\/149748"}],"wp:featuredmedia":[{"embeddable":true,"href":"https:\/\/ovelanalista.com\/index.php?rest_route=\/wp\/v2\/media\/98455"}],"wp:attachment":[{"href":"https:\/\/ovelanalista.com\/index.php?rest_route=%2Fwp%2Fv2%2Fmedia&parent=149744"}],"wp:term":[{"taxonomy":"category","embeddable":true,"href":"https:\/\/ovelanalista.com\/index.php?rest_route=%2Fwp%2Fv2%2Fcategories&post=149744"},{"taxonomy":"post_tag","embeddable":true,"href":"https:\/\/ovelanalista.com\/index.php?rest_route=%2Fwp%2Fv2%2Ftags&post=149744"}],"curies":[{"name":"wp","href":"https:\/\/api.w.org\/{rel}","templated":true}]}}