{"id":149745,"date":"2026-07-20T10:00:45","date_gmt":"2026-07-20T17:00:45","guid":{"rendered":"https:\/\/ovelanalista.com\/?p=149745"},"modified":"2026-07-20T08:45:32","modified_gmt":"2026-07-20T15:45:32","slug":"el-mayo-zambada-la-columna-vertebral-del-cartel-de-sinaloa-los-hechos-que-marcaron-cinco-decadas-de-narcotrafico","status":"publish","type":"post","link":"https:\/\/ovelanalista.com\/?p=149745","title":{"rendered":"\u201cEl Mayo\u201d Zambada, la columna vertebral del C\u00e1rtel de Sinaloa: los hechos que marcaron cinco d\u00e9cadas de narcotr\u00e1fico"},"content":{"rendered":"<p class=\"article-subheadline text-align-left\"><strong>Su sentencia cerrar\u00e1 una historia de cinco d\u00e9cadas marcada por sobornos, guerras entre c\u00e1rteles y cr\u00edmenes documentados.<\/strong><\/p>\n<p><strong>Por <a class=\"author-name\" href=\"https:\/\/www.infobae.com\/autor\/luis-fernando-ortiz-delgado\/\" aria-label=\"Luis Fernando Ortiz Delgado\">Luis Fernando Ortiz Delgado<\/a><\/strong><\/p>\n<p>El\u00a0<b>Mayo Zambada<\/b>, el cofundador del\u00a0<b>C\u00e1rtel de Sinaloa<\/b>\u00a0que eludi\u00f3 durante m\u00e1s de tres d\u00e9cadas a todas las autoridades del mundo, acumul\u00f3 a lo largo de su carrera criminal un rastro de masacres, corrupci\u00f3n institucional y ejecuciones ordenadas a sangre fr\u00eda que los tribunales estadounidenses documentaron con precisi\u00f3n. Hoy enfrenta cadena perpetua en\u00a0<b>Nueva York<\/b>\u00a0<a href=\"https:\/\/www.infobae.com\/mexico\/2026\/07\/13\/el-mayo-zambada-fue-llevado-a-un-hospital-horas-despues-de-su-detencion-en-eeuu-segun-nueva-revelacion\" rel=\"noopener noreferrer\" data-mrf-link=\"https:\/\/www.infobae.com\/mexico\/2026\/07\/13\/el-mayo-zambada-fue-llevado-a-un-hospital-horas-despues-de-su-detencion-en-eeuu-segun-nueva-revelacion\">tras ser enga\u00f1ado y entregado por su propio ahijado<\/a>.<\/p>\n<p>Su historia abarca cinco d\u00e9cadas de narcotr\u00e1fico, dos entrevistas clandestinas con periodistas mexicanos y una guerra interna que, tras su ca\u00edda, dej\u00f3 m\u00e1s de\u00a0<b>mil 600 muertos en Sinaloa<\/b>\u00a0en menos de un a\u00f1o.<\/p>\n<h2 id=\"los-inicios:-del-cartel-de-guadalajara-al-imperio-sinaloense\" class=\"text-align-left vertical-align-top line-height-100 header headline-class-h2 headline\">Los inicios: del C\u00e1rtel de Guadalajara al imperio sinaloense<\/h2>\n<p class=\"paragraph\" data-mrf-recirculation=\"Links inline\">Ismael Zambada Garc\u00eda naci\u00f3 en El \u00c1lamo, Culiac\u00e1n, Sinaloa. Seg\u00fan su propia declaraci\u00f3n ante un tribunal federal en agosto de 2025, entr\u00f3 al mundo del narcotr\u00e1fico a los\u00a0<b>19 a\u00f1os<\/b>, en 1969, cuando un amigo lo llev\u00f3 a las monta\u00f1as de Sinaloa para sembrar marihuana oculta entre cultivos de ma\u00edz. Aquella primera cosecha produjo aproximadamente 60 libras, que vendi\u00f3 a unos 15 d\u00f3lares el kilogramo.<\/p>\n<p data-mrf-recirculation=\"Links inline\">Su primera estructura criminal fue el\u00a0<b>C\u00e1rtel de Guadalajara<\/b>, la organizaci\u00f3n pionera del tr\u00e1fico de drogas en M\u00e9xico, liderada por\u00a0<b>Rafael Caro Quintero<\/b>\u00a0y\u00a0<b>Miguel \u00c1ngel F\u00e9lix Gallardo<\/b>. Fue en ese entorno donde Zambada aprendi\u00f3 las reglas del negocio: la log\u00edstica, la corrupci\u00f3n y el silencio.<\/p>\n<div style=\"width: 902px\" class=\"wp-caption alignnone\"><img loading=\"lazy\" decoding=\"async\" src=\"https:\/\/www.infobae.com\/resizer\/v2\/PZ55NHUNRRCOTA7MAV2VTRCOKE.JPG?auth=d12c5544494f67e2659f30d53a7de2f9540f2813552293df1bd3dc1c24046eb6&amp;smart=true&amp;width=350&amp;height=233&amp;quality=85\" alt=\"Se exhibe una fotograf\u00eda del exl\u00edder del C\u00e1rtel de Sinaloa, Ismael &quot;El Mayo&quot; Zambada, siendo detenido por agentes federales, junto a una aeronave Beechcraft King Air \u2014utilizada en julio de 2024 para trasladar a Estados Unidos a Zambada y a Joaqu\u00edn Guzm\u00e1n L\u00f3pez, hijo del notorio narcotraficante &quot;El Chapo&quot; Guzm\u00e1n\u2014 en el War Eagles Air Museum de Santa Teresa, Nuevo M\u00e9xico (EE. UU.), el 9 de julio de 2026; el avi\u00f3n se encuentra all\u00ed en calidad de pr\u00e9stamo del FBI. REUTERS\/Paul Ratje\" width=\"892\" height=\"594\" \/><p class=\"wp-caption-text\">Se exhibe una fotograf\u00eda del exl\u00edder del C\u00e1rtel de Sinaloa, Ismael &#8220;El Mayo&#8221; Zambada, siendo detenido por agentes federales, junto a una aeronave Beechcraft King Air \u2014utilizada en julio de 2024 para trasladar a Estados Unidos a Zambada y a Joaqu\u00edn Guzm\u00e1n L\u00f3pez, hijo del notorio narcotraficante &#8220;El Chapo&#8221; Guzm\u00e1n\u2014 en el War Eagles Air Museum de Santa Teresa, Nuevo M\u00e9xico (EE. UU.), el 9 de julio de 2026; el avi\u00f3n se encuentra all\u00ed en calidad de pr\u00e9stamo del FBI. REUTERS\/Paul Ratje<\/p><\/div>\n<p data-mrf-recirculation=\"Links inline\">\n<p class=\"paragraph\" data-mrf-recirculation=\"Links inline\">Cuando esa organizaci\u00f3n se desintegr\u00f3 tras el asesinato del agente de la DEA Enrique \u201cKiki\u201d Camarena en 1985, Zambada no cay\u00f3 con ella. Emergi\u00f3 fortalecido. A finales de los a\u00f1os 80, junto a\u00a0<b>Joaqu\u00edn \u201cEl Chapo\u201d Guzm\u00e1n<\/b>\u00a0y\u00a0<b>Juan Jos\u00e9 \u201cEl Azul\u201d Esparragoza<\/b>, cofund\u00f3 el\u00a0<b>C\u00e1rtel de Sinaloa<\/b>. Seg\u00fan la fiscal\u00eda federal de Estados Unidos, desde sus primeros a\u00f1os la organizaci\u00f3n estableci\u00f3 v\u00ednculos directos con el\u00a0<b>C\u00e1rtel de Medell\u00edn<\/b>\u00a0de Colombia para abastecer el mercado estadounidense.<\/p>\n<div class=\"marfeel-recommender marfeel-recommender-5\">\n<div class=\"recommended-card__image-container\">\n<p class=\"paragraph\" data-mrf-recirculation=\"Links inline\">Los env\u00edos crecieron hasta el punto en que el c\u00e1rtel recib\u00eda, de manera rutinaria, entre 15 y 20 vuelos nocturnos, cada uno cargado con entre mil y mil 500 kilogramos de coca\u00edna. Zambada nunca quiso el protagonismo de El Chapo. Oper\u00f3 siempre en las sombras, delegando las operaciones visibles mientras controlaba la log\u00edstica, las finanzas y la red de corrupci\u00f3n. Esa estrategia le permiti\u00f3 sobrevivir durante m\u00e1s de 35 a\u00f1os sin ser detenido por ninguna autoridad, ni mexicana ni estadounidense.<\/p>\n<\/div>\n<div class=\"ad_1 ad-wrapper dfpAd ad-1-al-6 ad-text ad-component-container\" data-ad-wrapper=\"arcad\" data-ad-type=\"ad_1\" data-ad-slot=\"infobae\/mexico\/nota\/ad_1\" data-ad-container=\"dfp\" data-ad-slot-name=\"infobae\/mexico\/nota\/ad_1\">\n<h2 id=\"el-caso-kiki-camarena:-el-crimen-que-sacudio-dos-paises\" class=\"text-align-left vertical-align-top line-height-100 header headline-class-h2 headline\">El caso Kiki Camarena: el crimen que sacudi\u00f3 dos pa\u00edses<\/h2>\n<p class=\"paragraph\" data-mrf-recirculation=\"Links inline\">El 7 de febrero de 1985, mientras Zambada era miembro activo del C\u00e1rtel de Guadalajara, ocurri\u00f3 uno de los hechos m\u00e1s graves en la historia del narcotr\u00e1fico mexicano.\u00a0<b>Enrique \u201cKiki\u201d Camarena<\/b>, agente encubierto de la DEA infiltrado en esa organizaci\u00f3n, fue secuestrado en plena luz del d\u00eda frente al consulado de Estados Unidos en Guadalajara por polic\u00edas corruptos al servicio del c\u00e1rtel.<\/p>\n<div class=\"visual__image\"><picture><source srcset=\"https:\/\/www.infobae.com\/resizer\/v2\/YPRUXCXAKVH45CSP6GQTM5OBZE.jpg?auth=968ae60e25e5e71a85790fe05cac454eeeab45b40e148207601731561efae3cb&amp;smart=true&amp;width=992&amp;height=558&amp;quality=85\" media=\"(min-width: 1000px)\" \/><source srcset=\"https:\/\/www.infobae.com\/resizer\/v2\/YPRUXCXAKVH45CSP6GQTM5OBZE.jpg?auth=968ae60e25e5e71a85790fe05cac454eeeab45b40e148207601731561efae3cb&amp;smart=true&amp;width=768&amp;height=432&amp;quality=85\" media=\"(min-width: 768px)\" \/><source srcset=\"https:\/\/www.infobae.com\/resizer\/v2\/YPRUXCXAKVH45CSP6GQTM5OBZE.jpg?auth=968ae60e25e5e71a85790fe05cac454eeeab45b40e148207601731561efae3cb&amp;smart=true&amp;width=577&amp;height=325&amp;quality=85\" media=\"(min-width: 580px)\" \/><source srcset=\"https:\/\/www.infobae.com\/resizer\/v2\/YPRUXCXAKVH45CSP6GQTM5OBZE.jpg?auth=968ae60e25e5e71a85790fe05cac454eeeab45b40e148207601731561efae3cb&amp;smart=true&amp;width=420&amp;height=236&amp;quality=85\" media=\"(min-width: 350px)\" \/><source srcset=\"https:\/\/www.infobae.com\/resizer\/v2\/YPRUXCXAKVH45CSP6GQTM5OBZE.jpg?auth=968ae60e25e5e71a85790fe05cac454eeeab45b40e148207601731561efae3cb&amp;smart=true&amp;width=350&amp;height=197&amp;quality=85\" media=\"(min-width: 80px)\" \/><\/picture>\n<div style=\"width: 1930px\" class=\"wp-caption alignnone\"><img loading=\"lazy\" decoding=\"async\" class=\"global-image\" src=\"https:\/\/www.infobae.com\/resizer\/v2\/YPRUXCXAKVH45CSP6GQTM5OBZE.jpg?auth=968ae60e25e5e71a85790fe05cac454eeeab45b40e148207601731561efae3cb&amp;smart=true&amp;width=350&amp;height=197&amp;quality=85\" alt=\"Enrique &quot;Kiki&quot; Camarena, DEA, Rafael Caro Quintero, &quot;Narco de Narcos&quot;, asesinato, Estados Unidos\" width=\"1920\" height=\"1080\" \/><p class=\"wp-caption-text\">El paso de Zambada por el Cartel de Guadalajara fue el trampol\u00edn desde el que construy\u00f3 su propio reino en Sinaloa. (DEA)<\/p><\/div>\n<\/div>\n<p class=\"paragraph\" data-mrf-recirculation=\"Links inline\">Durante m\u00e1s de 30 horas, Camarena fue sometido a torturas sistem\u00e1ticas en una casa ubicada en el n\u00famero 881 de la calle Lope de Vega, en el barrio Jardines del Bosque, propiedad de Rafael Caro Quintero. Muri\u00f3 el 9 de febrero de ese a\u00f1o. Su cuerpo, junto al del piloto y agente del programa de erradicaci\u00f3n de drogas\u00a0<b>Alfredo Zavala Avelar<\/b>, fue hallado el 5 de marzo de 1985, envuelto en pl\u00e1stico en una zona rural de La Angostura, Michoac\u00e1n.<\/p>\n<p class=\"paragraph\" data-mrf-recirculation=\"Links inline\">El crimen desat\u00f3 un terremoto diplom\u00e1tico entre M\u00e9xico y Estados Unidos, el primero de esa magnitud en la historia del narcotr\u00e1fico binacional. La DEA lanz\u00f3 la llamada\u00a0<b>Operaci\u00f3n Leyenda<\/b>, una investigaci\u00f3n masiva que deriv\u00f3 en detenciones, extradiciones y se\u00f1alamientos que llegaron hasta funcionarios del gobierno mexicano de la \u00e9poca.<\/p>\n<p class=\"paragraph\" data-mrf-recirculation=\"Links inline\">La desintegraci\u00f3n del C\u00e1rtel de Guadalajara que sigui\u00f3 al esc\u00e1ndalo no fren\u00f3 a Zambada. Seg\u00fan documentos judiciales, su paso por esa estructura fue el trampol\u00edn desde el que construy\u00f3 su propio reino en Sinaloa.<\/p>\n<h2 id=\"la-guerra-de-ciudad-juarez:-miles-de-muertos-en-una-sola-ciudad\" class=\"text-align-left vertical-align-top line-height-100 header headline-class-h2 headline\">La guerra de Ciudad Ju\u00e1rez: miles de muertos en una sola ciudad<\/h2>\n<p class=\"paragraph\" data-mrf-recirculation=\"Links inline\">El episodio m\u00e1s sangriento atribuido directamente a Zambada por la fiscal\u00eda estadounidense fue la\u00a0<b>guerra por la plaza de Ciudad Ju\u00e1rez<\/b>, desatada en 2008. Ese a\u00f1o, Zambada y El Chapo enviaron un ej\u00e9rcito de sicarios para exterminar a La L\u00ednea, el brazo armado del\u00a0<b>C\u00e1rtel de Ju\u00e1rez<\/b>\u00a0de\u00a0<b>Vicente Carrillo Fuentes<\/b>, hermano del legendario \u201cSe\u00f1or de los Cielos\u201d.<\/p>\n<p class=\"paragraph\" data-mrf-recirculation=\"Links inline\">Las tropas de Zambada operaron a trav\u00e9s de tres grupos:\u00a0<b>Gente Nueva<\/b>, los\u00a0<b>Artistas Asesinos<\/b>\u00a0y la pandilla de los\u00a0<b>Mexicles<\/b>. La facci\u00f3n de Zambada los financi\u00f3 con dinero y armamento de grado militar. Los fiscales describen los m\u00e9todos empleados durante ese periodo como actos de \u201cviolencia extrema\u201d, que inclu\u00edan \u201cla mutilaci\u00f3n o desmembramiento del cuerpo en un acto ritual\u201d y su exhibici\u00f3n p\u00fablica como advertencia.<\/p>\n<p class=\"paragraph\" data-mrf-recirculation=\"Links inline\">Las cifras de esa guerra son escalofriantes. En 2007, antes del estallido pleno del conflicto, Ju\u00e1rez registr\u00f3 alrededor de\u00a0<b>301 ejecuciones<\/b>\u00a0en todo el a\u00f1o. Con la guerra en curso, 2008 cerr\u00f3 con cerca de\u00a0<b>mil 600 homicidios<\/b>. En 2009 la cifra super\u00f3 los\u00a0<b>2 mil 700 asesinatos<\/b>. El a\u00f1o m\u00e1s letal fue 2010, cuando se documentaron aproximadamente\u00a0<b>3 mil 111 homicidios<\/b>\u00a0en una ciudad de 1,3 millones de personas.<\/p>\n<p class=\"paragraph\" data-mrf-recirculation=\"Links inline\">Ese a\u00f1o, Ciudad Ju\u00e1rez fue considerada la ciudad m\u00e1s violenta del mundo. Al otro lado del r\u00edo Bravo, El Paso era simult\u00e1neamente uno de los lugares m\u00e1s seguros de Estados Unidos. Al final de la guerra, el C\u00e1rtel de Sinaloa se convirti\u00f3 en el grupo hegem\u00f3nico de esa plaza.<\/p>\n<h2 id=\"ejecuciones-ordenadas:-los-casos-documentados-por-la-fiscalia\" class=\"text-align-left vertical-align-top line-height-100 header headline-class-h2 headline\">Ejecuciones ordenadas: los casos documentados por la fiscal\u00eda<\/h2>\n<p class=\"paragraph\" data-mrf-recirculation=\"Links inline\">La acusaci\u00f3n federal presentada en Texas vincula a Zambada con al menos tres \u00f3rdenes de ejecuci\u00f3n directas, con nombres, fechas y m\u00e9todos documentados.<\/p>\n<p class=\"paragraph\" data-mrf-recirculation=\"Links inline\">El primero ocurri\u00f3 en\u00a0<b>septiembre de 2009<\/b>. Un integrante del c\u00e1rtel perdi\u00f3 300 kilogramos de marihuana en un decomiso realizado por autoridades en Sierra Blanca, Texas. Zambada orden\u00f3 su ejecuci\u00f3n. El hombre fue secuestrado en Horizon City, trasladado a M\u00e9xico y asesinado. \u201cEl cuerpo mutilado fue encontrado en Ju\u00e1rez, donde hab\u00eda sido golpeado y estrangulado y sus manos hab\u00edan sido cortadas y colocadas sobre el pecho como mensaje para aquellos que pensaran en robar al c\u00e1rtel\u201d, cita textualmente la acusaci\u00f3n.<\/p>\n<p class=\"paragraph\" data-mrf-recirculation=\"Links inline\">El segundo caso data de\u00a0<b>mayo de 2010<\/b>. Zambada orden\u00f3 el secuestro de un residente de Columbus, Nuevo M\u00e9xico, como represalia contra rivales del C\u00e1rtel de Ju\u00e1rez. Sus sicarios irrumpieron en una boda celebrada en Ciudad Ju\u00e1rez y se llevaron a tres hombres. Los cuerpos aparecieron d\u00edas despu\u00e9s en una camioneta, con se\u00f1ales de tortura.<\/p>\n<p class=\"paragraph\" data-mrf-recirculation=\"Links inline\">El tercer episodio ocurri\u00f3 en\u00a0<b>noviembre de 2023<\/b>, en\u00a0<b>Tijuana<\/b>. Tras el robo de un cargamento de fentanilo, metanfetamina y coca\u00edna, Zambada orden\u00f3 represalias. Al menos tres personas fueron asesinadas, seg\u00fan la fiscal\u00eda.<\/p>\n<h2 id=\"el-asesinato-de-su-propio-sobrino-&quot;cheyo-antrax&quot;\" class=\"text-align-left vertical-align-top line-height-100 header headline-class-h2 headline\">El asesinato de su propio sobrino \u201cCheyo \u00c1ntrax\u201d<\/h2>\n<p class=\"paragraph\" data-mrf-recirculation=\"Links inline\">Apenas meses antes de su captura, en\u00a0<b>mayo de 2024<\/b>, Zambada orden\u00f3 el asesinato de su sobrino\u00a0<b>Eliseo Imperial Castro<\/b>, alias\u00a0<b>\u201cCheyo \u00c1ntrax\u201d<\/b>. La raz\u00f3n: el sobrino cobraba deudas en nombre del c\u00e1rtel para beneficio propio y sin autorizaci\u00f3n.<\/p>\n<div class=\"visual__image\"><picture><source srcset=\"https:\/\/www.infobae.com\/resizer\/v2\/J35XYMWN7VD5HGPERPBIUBIOW4.jpg?auth=35666b87550cdf42577de0aa404e804739b82a934d3f0575b34e9a5630fc8238&amp;smart=true&amp;width=992&amp;height=558&amp;quality=85\" media=\"(min-width: 1000px)\" \/><source srcset=\"https:\/\/www.infobae.com\/resizer\/v2\/J35XYMWN7VD5HGPERPBIUBIOW4.jpg?auth=35666b87550cdf42577de0aa404e804739b82a934d3f0575b34e9a5630fc8238&amp;smart=true&amp;width=768&amp;height=432&amp;quality=85\" media=\"(min-width: 768px)\" \/><source srcset=\"https:\/\/www.infobae.com\/resizer\/v2\/J35XYMWN7VD5HGPERPBIUBIOW4.jpg?auth=35666b87550cdf42577de0aa404e804739b82a934d3f0575b34e9a5630fc8238&amp;smart=true&amp;width=577&amp;height=325&amp;quality=85\" media=\"(min-width: 580px)\" \/><source srcset=\"https:\/\/www.infobae.com\/resizer\/v2\/J35XYMWN7VD5HGPERPBIUBIOW4.jpg?auth=35666b87550cdf42577de0aa404e804739b82a934d3f0575b34e9a5630fc8238&amp;smart=true&amp;width=420&amp;height=236&amp;quality=85\" media=\"(min-width: 350px)\" \/><source srcset=\"https:\/\/www.infobae.com\/resizer\/v2\/J35XYMWN7VD5HGPERPBIUBIOW4.jpg?auth=35666b87550cdf42577de0aa404e804739b82a934d3f0575b34e9a5630fc8238&amp;smart=true&amp;width=350&amp;height=197&amp;quality=85\" media=\"(min-width: 80px)\" \/><\/picture>\n<div style=\"width: 1930px\" class=\"wp-caption alignnone\"><img loading=\"lazy\" decoding=\"async\" class=\"global-image\" src=\"https:\/\/www.infobae.com\/resizer\/v2\/J35XYMWN7VD5HGPERPBIUBIOW4.jpg?auth=35666b87550cdf42577de0aa404e804739b82a934d3f0575b34e9a5630fc8238&amp;smart=true&amp;width=350&amp;height=197&amp;quality=85\" alt=\"Formaba p\u00e1rte de Los \u00c1ntrax\" width=\"1920\" height=\"1080\" \/><p class=\"wp-caption-text\">Apenas meses antes de su captura, en mayo de 2024, Zambada orden\u00f3 el asesinato de su sobrino Eliseo Imperial Castro, alias \u201cCheyo \u00c1ntrax\u201d. Cr\u00e9dito: X\/@diaz_plon<\/p><\/div>\n<\/div>\n<p class=\"paragraph\" data-mrf-recirculation=\"Links inline\">El cuerpo fue hallado en un autom\u00f3vil a la orilla de una carretera en Culiac\u00e1n, Sinaloa. El caso figura en el escrito de sentencia presentado por la fiscal\u00eda estadounidense al juez\u00a0<b>Brian M. Cogan<\/b>\u00a0como prueba de la disciplina interna con la que Zambada gobernaba su organizaci\u00f3n. Ni los lazos de sangre garantizaban protecci\u00f3n.<\/p>\n<p class=\"paragraph\" data-mrf-recirculation=\"Links inline\">\u201cEl acusado particip\u00f3 en asesinatos sistem\u00e1ticos de miembros del propio c\u00e1rtel, miembros de c\u00e1rteles rivales, y personal de las fuerzas del orden y militares que traicionaron o actuaron en contra de los objetivos del C\u00e1rtel\u201d, se lee en el documento judicial.<\/p>\n<h2 id=\"la-corrupcion-como-columna-vertebral-del-cartel\" class=\"text-align-left vertical-align-top line-height-100 header headline-class-h2 headline\">La corrupci\u00f3n como columna vertebral del c\u00e1rtel<\/h2>\n<p class=\"paragraph\" data-mrf-recirculation=\"Links inline\">Bajo el liderazgo de Zambada, el C\u00e1rtel de Sinaloa destin\u00f3\u00a0<b>millones de d\u00f3lares al a\u00f1o<\/b>\u00a0para sobornar a polic\u00edas, comandantes militares y funcionarios pol\u00edticos de todos los niveles del Estado mexicano. El juicio contra El Chapo en Nueva York ya hab\u00eda revelado el rol de Zambada como \u201cel gran corruptor\u201d.<\/p>\n<p class=\"paragraph\" data-mrf-recirculation=\"Links inline\">El propio Zambada reconoci\u00f3 ante el periodista\u00a0<b>Diego Enrique Osorno<\/b>\u00a0en 2021 que el negocio del narcotr\u00e1fico estaba sostenido por la complicidad institucional. Neg\u00f3, en esa misma conversaci\u00f3n, haber entregado dinero personalmente al entonces secretario de Seguridad P\u00fablica\u00a0<b>Genaro Garc\u00eda Luna<\/b>, quien fue condenado en Estados Unidos por v\u00ednculos con el c\u00e1rtel, aunque admiti\u00f3 que Garc\u00eda Luna ten\u00eda acuerdos con otras facciones.<\/p>\n<h2 id=\"su-hermano-de-&quot;el-mayo&quot;:-el-rey-zambada\" class=\"text-align-left vertical-align-top line-height-100 header headline-class-h2 headline\">Su hermano de \u201cEl Mayo\u201d: El Rey Zambada<\/h2>\n<p class=\"paragraph\" data-mrf-recirculation=\"Links inline\">Jes\u00fas Reynaldo Zambada Garc\u00eda, \u201cEl Rey\u201d, hermano de El Mayo y jefe de la plaza del C\u00e1rtel de Sinaloa en la Ciudad de M\u00e9xico, donde controlaba las operaciones del aeropuerto capitalino. Fue \u00e9l quien subi\u00f3 al estrado en el juicio de Nueva York y describi\u00f3 con precisi\u00f3n c\u00f3mo el c\u00e1rtel compr\u00f3 al hombre que dirig\u00eda la seguridad p\u00fablica de M\u00e9xico.<\/p>\n<p class=\"paragraph\" data-mrf-recirculation=\"Links inline\">Seg\u00fan su testimonio, en 2006 el abogado del c\u00e1rtel \u00d3scar Paredes Echegaray coordin\u00f3 dos reuniones en el restaurante Champs Elys\u00e9es, sobre Paseo de la Reforma, a metros de la embajada de Estados Unidos en la Ciudad de M\u00e9xico. En la primera, Paredes subi\u00f3 al sal\u00f3n privado del segundo piso con una maleta deportiva y un portafolio que sumaban 3 millones de d\u00f3lares.<\/p>\n<div class=\"visual__image\"><picture><source srcset=\"https:\/\/www.infobae.com\/resizer\/v2\/YMOKTEHBJRCRNH2V2QHBRSGJRI.png?auth=b3304890a660e19cc9d24b0c351c9b46b8ae0cd7bed42a314832a0a4ee9b498a&amp;smart=true&amp;width=992&amp;height=558&amp;quality=85\" media=\"(min-width: 1000px)\" \/><source srcset=\"https:\/\/www.infobae.com\/resizer\/v2\/YMOKTEHBJRCRNH2V2QHBRSGJRI.png?auth=b3304890a660e19cc9d24b0c351c9b46b8ae0cd7bed42a314832a0a4ee9b498a&amp;smart=true&amp;width=768&amp;height=432&amp;quality=85\" media=\"(min-width: 768px)\" \/><source srcset=\"https:\/\/www.infobae.com\/resizer\/v2\/YMOKTEHBJRCRNH2V2QHBRSGJRI.png?auth=b3304890a660e19cc9d24b0c351c9b46b8ae0cd7bed42a314832a0a4ee9b498a&amp;smart=true&amp;width=577&amp;height=325&amp;quality=85\" media=\"(min-width: 580px)\" \/><source srcset=\"https:\/\/www.infobae.com\/resizer\/v2\/YMOKTEHBJRCRNH2V2QHBRSGJRI.png?auth=b3304890a660e19cc9d24b0c351c9b46b8ae0cd7bed42a314832a0a4ee9b498a&amp;smart=true&amp;width=420&amp;height=236&amp;quality=85\" media=\"(min-width: 350px)\" \/><source srcset=\"https:\/\/www.infobae.com\/resizer\/v2\/YMOKTEHBJRCRNH2V2QHBRSGJRI.png?auth=b3304890a660e19cc9d24b0c351c9b46b8ae0cd7bed42a314832a0a4ee9b498a&amp;smart=true&amp;width=350&amp;height=197&amp;quality=85\" media=\"(min-width: 80px)\" \/><\/picture>\n<div style=\"width: 1930px\" class=\"wp-caption alignnone\"><img loading=\"lazy\" decoding=\"async\" class=\"global-image\" src=\"https:\/\/www.infobae.com\/resizer\/v2\/YMOKTEHBJRCRNH2V2QHBRSGJRI.png?auth=b3304890a660e19cc9d24b0c351c9b46b8ae0cd7bed42a314832a0a4ee9b498a&amp;smart=true&amp;width=350&amp;height=197&amp;quality=85\" alt=\"La razones por las que 'El Rey' Zambada ingres\u00f3 al C\u00e1rtel de Sinaloa\" width=\"1920\" height=\"1080\" \/><p class=\"wp-caption-text\">Jes\u00fas Reynaldo Zambada Garc\u00eda, \u201cEl Rey\u201d, hermano de El Mayo y jefe de la plaza del C\u00e1rtel de Sinaloa en la Ciudad de M\u00e9xico. (Infobae)<\/p><\/div>\n<\/div>\n<p class=\"paragraph\" data-mrf-recirculation=\"Links inline\">El Rey esper\u00f3 en el bar del piso de abajo. Quince minutos despu\u00e9s vio salir a Garc\u00eda Luna con sus escoltas cargando el equipaje. Tres semanas m\u00e1s tarde, en el mismo lugar, se entregaron 2 millones de d\u00f3lares m\u00e1s, todo por la protecci\u00f3n del c\u00e1rtel durante el gobierno de Felipe Calder\u00f3n.<\/p>\n<p class=\"paragraph\" data-mrf-recirculation=\"Links inline\">\u201cDijo que no iba a haber problemas con mi hermano\u201d, declar\u00f3 El Rey ante el jurado. El c\u00e1rtel obtuvo adem\u00e1s el compromiso de colocar mandos policiales de confianza en las plazas bajo su control y recibir informaci\u00f3n anticipada sobre operativos. El Rey tambi\u00e9n pag\u00f3 350 mil d\u00f3lares al sobrino de Garc\u00eda Luna para infiltrar a un agente del c\u00e1rtel, Edgar Bayardo, dentro de la SIEDO. Bayardo muri\u00f3 acribillado en un caf\u00e9 de la Ciudad de M\u00e9xico en 2009.<\/p>\n<p class=\"paragraph\" data-mrf-recirculation=\"Links inline\">El Rey fue detenido en octubre de 2008 en la colonia Lindavista, extraditado a Estados Unidos en 2012 y sentenciado a 12 a\u00f1os de prisi\u00f3n. Testific\u00f3 primero en el juicio de El Chapo en 2018 y luego en el de Garc\u00eda Luna en 2023. Fue liberado en marzo de 2020 por su cooperaci\u00f3n. El jurado de Brooklyn valid\u00f3 su testimonio como pieza central de la condena de Garc\u00eda Luna, dictada el 16 de octubre de 2024: 38 a\u00f1os y 6 meses de prisi\u00f3n.<\/p>\n<h2 id=\"la-entrevista-con-julio-scherer:-&quot;si-me-atrapan-o-me-matan-nada-cambia&quot;\" class=\"text-align-left vertical-align-top line-height-100 header headline-class-h2 headline\">La entrevista con Julio Scherer: \u201csi me atrapan o me matan, nada cambia\u201d<\/h2>\n<p class=\"paragraph\" data-mrf-recirculation=\"Links inline\">En febrero de 2010,\u00a0<b>Julio Scherer Garc\u00eda<\/b>, fundador de la revista Proceso, recibi\u00f3 en la redacci\u00f3n un mensaje an\u00f3nimo. El texto era escueto: indicaba un d\u00eda, un lugar y una hora. Anunciaba que Ismael Zambada deseaba conversar con \u00e9l. No agregaba una palabra m\u00e1s.<\/p>\n<p class=\"paragraph\" data-mrf-recirculation=\"Links inline\">Scherer, que por entonces ten\u00eda 83 a\u00f1os y rechazaba cualquier tipo de escolta personal, acept\u00f3. Lo que sigui\u00f3 fue un traslado en distintos veh\u00edculos por caminos rurales del noroeste de M\u00e9xico, presumiblemente en la regi\u00f3n conocida como el\u00a0<b>Tri\u00e1ngulo Dorado<\/b>, la zona monta\u00f1osa que se extiende entre Sinaloa, Chihuahua y Durango. Cada cambio de autom\u00f3vil era una medida para evitar rastreos.<\/p>\n<div class=\"visual__image\"><picture><source srcset=\"https:\/\/www.infobae.com\/resizer\/v2\/CRZ4C7EGZVDP3IAAP3OBZERPXY.jpg?auth=d6ee99e0ec73cb0e59b883456cc4132866b5535ca6cbb3f2d8812721564ac080&amp;smart=true&amp;width=992&amp;height=634&amp;quality=85\" media=\"(min-width: 1000px)\" \/><source srcset=\"https:\/\/www.infobae.com\/resizer\/v2\/CRZ4C7EGZVDP3IAAP3OBZERPXY.jpg?auth=d6ee99e0ec73cb0e59b883456cc4132866b5535ca6cbb3f2d8812721564ac080&amp;smart=true&amp;width=768&amp;height=491&amp;quality=85\" media=\"(min-width: 768px)\" \/><source srcset=\"https:\/\/www.infobae.com\/resizer\/v2\/CRZ4C7EGZVDP3IAAP3OBZERPXY.jpg?auth=d6ee99e0ec73cb0e59b883456cc4132866b5535ca6cbb3f2d8812721564ac080&amp;smart=true&amp;width=577&amp;height=369&amp;quality=85\" media=\"(min-width: 580px)\" \/><source srcset=\"https:\/\/www.infobae.com\/resizer\/v2\/CRZ4C7EGZVDP3IAAP3OBZERPXY.jpg?auth=d6ee99e0ec73cb0e59b883456cc4132866b5535ca6cbb3f2d8812721564ac080&amp;smart=true&amp;width=420&amp;height=269&amp;quality=85\" media=\"(min-width: 350px)\" \/><source srcset=\"https:\/\/www.infobae.com\/resizer\/v2\/CRZ4C7EGZVDP3IAAP3OBZERPXY.jpg?auth=d6ee99e0ec73cb0e59b883456cc4132866b5535ca6cbb3f2d8812721564ac080&amp;smart=true&amp;width=350&amp;height=224&amp;quality=85\" media=\"(min-width: 80px)\" \/><\/picture>\n<div style=\"width: 1930px\" class=\"wp-caption alignnone\"><img loading=\"lazy\" decoding=\"async\" class=\"global-image\" src=\"https:\/\/www.infobae.com\/resizer\/v2\/CRZ4C7EGZVDP3IAAP3OBZERPXY.jpg?auth=d6ee99e0ec73cb0e59b883456cc4132866b5535ca6cbb3f2d8812721564ac080&amp;smart=true&amp;width=350&amp;height=224&amp;quality=85\" alt=\"July 26, 2024: ISMAEL 'EL MAYO' ZAMBADA, 76, the alleged leader of the Sinaloa cartel, was arrested in El Paso, Texas, Thursday, according to US authorities. ISMAEL 'EL MAYO' ZAMBADA in an image of a wanted poster shared by the Department of State. (Credit Image: \ufffd Department of State\/Tv Azteca\/La Nacion via ZUMA Press)\" width=\"1920\" height=\"1228\" \/><p class=\"wp-caption-text\">July 26, 2024: ISMAEL &#8216;EL MAYO&#8217; ZAMBADA, 76, the alleged leader of the Sinaloa cartel, was arrested in El Paso, Texas, Thursday, according to US authorities. ISMAEL &#8216;EL MAYO&#8217; ZAMBADA in an image of a wanted poster shared by the Department of State. (Credit Image: \ufffd Department of State\/Tv Azteca\/La Nacion via ZUMA Press)<\/p><\/div>\n<\/div>\n<p class=\"paragraph\" data-mrf-recirculation=\"Links inline\">Al llegar a una casa r\u00fastica, vigilada por guardaespaldas armados, Zambada le tendi\u00f3 la mano y le dijo:\u00a0<b>\u201cTen\u00eda mucho inter\u00e9s en conocerlo. Lo esperaba para que almorz\u00e1ramos juntos\u201d<\/b>. Sobre la mesa hab\u00eda leche, carne, frijoles, tostadas, queso y caf\u00e9 endulzado. Zambada no permiti\u00f3 el uso de grabadora.<\/p>\n<p class=\"paragraph\" data-mrf-recirculation=\"Links inline\">La conversaci\u00f3n que Scherer reconstruy\u00f3 de memoria para la edici\u00f3n 1744 de Proceso, publicada en abril de 2010, se convirti\u00f3 en uno de los documentos period\u00edsticos m\u00e1s citados de la llamada \u201cguerra contra el narcotr\u00e1fico\u201d del gobierno de\u00a0<b>Felipe Calder\u00f3n<\/b>. Durante el encuentro, el capo confes\u00f3 vivir en un\u00a0<b>estado permanente de p\u00e1nico<\/b>\u00a0ante la posibilidad de ser encarcelado.<\/p>\n<p class=\"paragraph\" data-mrf-recirculation=\"Links inline\">Cuando Scherer le pregunt\u00f3 si considerar\u00eda quitarse la vida antes de pisar una celda, Zambada respondi\u00f3:\u00a0<b>\u201cQuiero pensar que s\u00ed, que me matar\u00eda\u201d<\/b>. A\u00f1os despu\u00e9s, cuando lleg\u00f3 el momento, no lo hizo. Zambada habl\u00f3 con orgullo de su familia, una esposa, cinco mujeres, 15 nietos y un bisnieto, todos viviendo en las monta\u00f1as y describi\u00f3 las cuatro ocasiones en que hab\u00eda sentido al ej\u00e9rcito sobre su cabeza: \u201cHui por el monte, del que conozco los ramajes, los arroyos, las piedras, todo. A m\u00ed me agarran si me estoy quieto o me descuido, como al Chapo\u201d.<\/p>\n<p class=\"paragraph\" data-mrf-recirculation=\"Links inline\">La frase m\u00e1s recordada de esa entrevista fue su respuesta ante un escenario hipot\u00e9tico: si \u00e9l fuera capturado o muerto, \u00bfqu\u00e9 cambiar\u00eda?\u00a0<b>\u201cEncerrados, muertos o extraditados, sus relevos ya andan por ah\u00ed\u201d<\/b>, respondi\u00f3. Y a\u00f1adi\u00f3: \u201cSi me atrapan o me matan&#8230; nada cambia\u201d.<\/p>\n<p class=\"paragraph\" data-mrf-recirculation=\"Links inline\">La edici\u00f3n de Proceso con esa entrevista fue comprada en su totalidad en el estado de Sinaloa antes de que pudiera circular. La \u00fanica prueba gr\u00e1fica del encuentro fue una fotograf\u00eda en la que Zambada aparece junto a Scherer, con el brazo sobre el hombro del periodista.<\/p>\n<h2 id=\"la-segunda-entrevista:-diego-enrique-osorno-en-la-sierra-de-sinaloa-(2021)\" class=\"text-align-left vertical-align-top line-height-100 header headline-class-h2 headline\">La segunda entrevista: Diego Enrique Osorno en la sierra de Sinaloa (2021)<\/h2>\n<p class=\"paragraph\" data-mrf-recirculation=\"Links inline\">Once a\u00f1os despu\u00e9s del encuentro con Scherer, Zambada volvi\u00f3 a buscar a un periodista. Esta vez, el elegido fue\u00a0<b>Diego Enrique Osorno<\/b>, reportero, documentalista y cronista mexicano, autor de libros como El C\u00e1rtel de Sinaloa.<\/p>\n<p class=\"paragraph\" data-mrf-recirculation=\"Links inline\">El contacto lleg\u00f3 en 2021, en plena pandemia de covid-19. Osorno relat\u00f3 que, al comenzar la conversaci\u00f3n, Zambada se mostr\u00f3 impaciente: le hab\u00edan asignado 30 minutos para la entrevista y el periodista estaba present\u00e1ndose. Fue hasta que Osorno mencion\u00f3 el nombre de Julio Scherer cuando el capo se incorpor\u00f3 en su silla y cambi\u00f3 de actitud. \u201cL\u00e1stima que no lo podemos revivir\u201d, dijo Zambada. Luego hablaron durante\u00a0<b>tres horas<\/b>.<\/p>\n<div class=\"visual__image\"><picture><source srcset=\"https:\/\/www.infobae.com\/resizer\/v2\/ILMNHVV3IVHJVKZUFOZOWMHVDE.jpg?auth=338f5e354d5ac714f839e36de4dfc9391973fbfd0d83813105f784438e7df4ce&amp;smart=true&amp;width=992&amp;height=558&amp;quality=85\" media=\"(min-width: 1000px)\" \/><source srcset=\"https:\/\/www.infobae.com\/resizer\/v2\/ILMNHVV3IVHJVKZUFOZOWMHVDE.jpg?auth=338f5e354d5ac714f839e36de4dfc9391973fbfd0d83813105f784438e7df4ce&amp;smart=true&amp;width=768&amp;height=432&amp;quality=85\" media=\"(min-width: 768px)\" \/><source srcset=\"https:\/\/www.infobae.com\/resizer\/v2\/ILMNHVV3IVHJVKZUFOZOWMHVDE.jpg?auth=338f5e354d5ac714f839e36de4dfc9391973fbfd0d83813105f784438e7df4ce&amp;smart=true&amp;width=577&amp;height=325&amp;quality=85\" media=\"(min-width: 580px)\" \/><source srcset=\"https:\/\/www.infobae.com\/resizer\/v2\/ILMNHVV3IVHJVKZUFOZOWMHVDE.jpg?auth=338f5e354d5ac714f839e36de4dfc9391973fbfd0d83813105f784438e7df4ce&amp;smart=true&amp;width=420&amp;height=236&amp;quality=85\" media=\"(min-width: 350px)\" \/><source srcset=\"https:\/\/www.infobae.com\/resizer\/v2\/ILMNHVV3IVHJVKZUFOZOWMHVDE.jpg?auth=338f5e354d5ac714f839e36de4dfc9391973fbfd0d83813105f784438e7df4ce&amp;smart=true&amp;width=350&amp;height=197&amp;quality=85\" media=\"(min-width: 80px)\" \/><\/picture>\n<div style=\"width: 1930px\" class=\"wp-caption alignnone\"><img loading=\"lazy\" decoding=\"async\" class=\"global-image\" src=\"https:\/\/www.infobae.com\/resizer\/v2\/ILMNHVV3IVHJVKZUFOZOWMHVDE.jpg?auth=338f5e354d5ac714f839e36de4dfc9391973fbfd0d83813105f784438e7df4ce&amp;smart=true&amp;width=350&amp;height=197&amp;quality=85\" alt=\"Mayo Zambada- EEUU- 18 de agosto\" width=\"1920\" height=\"1080\" \/><p class=\"wp-caption-text\">(Jes\u00fas A. Aviles\/ Infobae M\u00e9xico)<\/p><\/div>\n<\/div>\n<p class=\"paragraph\" data-mrf-recirculation=\"Links inline\">El encuentro se produjo en las monta\u00f1as del norte de Sinaloa, en una casa que Osorno describi\u00f3 como parecida a la que Scherer hab\u00eda visitado a\u00f1os atr\u00e1s. Sobre la mesa, carne asada, verduras, frijoles y tortillas. El capo, sentado en una mecedora, habl\u00f3 con un tono que Osorno describi\u00f3 como asc\u00e9tico.<\/p>\n<p class=\"paragraph\" data-mrf-recirculation=\"Links inline\">Las revelaciones de esa conversaci\u00f3n, publicadas en el libro En la Monta\u00f1a por editorial Anagrama, fueron m\u00faltiples. Zambada afirm\u00f3 que el negocio del narcotr\u00e1fico exist\u00eda porque Estados Unidos lo demandaba:\u00a0<b>\u201cNos dedicamos a un negocio que necesita Estados Unidos. Eso hacemos\u201d<\/b>. Luego a\u00f1adi\u00f3: \u201cNo crean que nuestra vida es buena. Luchamos, como todos. Hay que trabajar duro para mantener el negocio y la familia\u201d.<\/p>\n<p class=\"paragraph\" data-mrf-recirculation=\"Links inline\">Sobre el fentanilo, el cargo que hoy podr\u00eda costarle la pena de muerte, Zambada fue categ\u00f3rico:\u00a0<b>\u201cNada m\u00e1s lo he visto por la televisi\u00f3n\u201d<\/b>, afirm\u00f3, desmarcando a su facci\u00f3n del opioide. Tambi\u00e9n neg\u00f3 haber entregado dinero personalmente a Garc\u00eda Luna y anticip\u00f3, con precisi\u00f3n, que el gobierno de Estados Unidos terminar\u00eda designando a los c\u00e1rteles mexicanos como organizaciones terroristas. Esa designaci\u00f3n ocurri\u00f3 en febrero de 2025.<\/p>\n<p class=\"paragraph\" data-mrf-recirculation=\"Links inline\">Osorno es el tercero de los periodistas que se sabe tuvieron contacto directo con Zambada antes de su detenci\u00f3n. Los otros dos fueron Julio Scherer y su hija,\u00a0<b>Mar\u00eda Scherer Ibarra<\/b>.<\/p>\n<h2 id=\"el-vicentillo:-cuando-el-hijo-negocio-con-la-dea\" class=\"text-align-left vertical-align-top line-height-100 header headline-class-h2 headline\">El Vicentillo: cuando el hijo negoci\u00f3 con la DEA<\/h2>\n<p class=\"paragraph\" data-mrf-recirculation=\"Links inline\">Uno de los golpes m\u00e1s dolorosos para Zambada no vino de un rival, sino de su propio linaje. El\u00a0<b>19 de marzo de 2009<\/b>, el Ej\u00e9rcito Mexicano detuvo en una residencia de Lomas del Pedregal, en la Ciudad de M\u00e9xico, a\u00a0<b>Vicente Zambada Niebla<\/b>, alias\u00a0<b>\u201cEl Vicentillo\u201d<\/b>, hijo mayor del capo. Fue hallado junto a cinco escoltas en posesi\u00f3n de armas de uso exclusivo de las fuerzas armadas.<\/p>\n<div class=\"visual__image\"><picture><source srcset=\"https:\/\/www.infobae.com\/resizer\/v2\/FJDULCZ3NFAXVFSB47A4D33K6I.png?auth=1446b63c6f8d8cfab8def44710c2b88e34cafc14c342689b41c668d686675b6e&amp;smart=true&amp;width=992&amp;height=558&amp;quality=85\" media=\"(min-width: 1000px)\" \/><source srcset=\"https:\/\/www.infobae.com\/resizer\/v2\/FJDULCZ3NFAXVFSB47A4D33K6I.png?auth=1446b63c6f8d8cfab8def44710c2b88e34cafc14c342689b41c668d686675b6e&amp;smart=true&amp;width=768&amp;height=432&amp;quality=85\" media=\"(min-width: 768px)\" \/><source srcset=\"https:\/\/www.infobae.com\/resizer\/v2\/FJDULCZ3NFAXVFSB47A4D33K6I.png?auth=1446b63c6f8d8cfab8def44710c2b88e34cafc14c342689b41c668d686675b6e&amp;smart=true&amp;width=577&amp;height=325&amp;quality=85\" media=\"(min-width: 580px)\" \/><source srcset=\"https:\/\/www.infobae.com\/resizer\/v2\/FJDULCZ3NFAXVFSB47A4D33K6I.png?auth=1446b63c6f8d8cfab8def44710c2b88e34cafc14c342689b41c668d686675b6e&amp;smart=true&amp;width=420&amp;height=236&amp;quality=85\" media=\"(min-width: 350px)\" \/><source srcset=\"https:\/\/www.infobae.com\/resizer\/v2\/FJDULCZ3NFAXVFSB47A4D33K6I.png?auth=1446b63c6f8d8cfab8def44710c2b88e34cafc14c342689b41c668d686675b6e&amp;smart=true&amp;width=350&amp;height=197&amp;quality=85\" media=\"(min-width: 80px)\" \/><\/picture>\n<div style=\"width: 1930px\" class=\"wp-caption alignnone\"><img loading=\"lazy\" decoding=\"async\" class=\"global-image\" src=\"https:\/\/www.infobae.com\/resizer\/v2\/FJDULCZ3NFAXVFSB47A4D33K6I.png?auth=1446b63c6f8d8cfab8def44710c2b88e34cafc14c342689b41c668d686675b6e&amp;smart=true&amp;width=350&amp;height=197&amp;quality=85\" alt=\"Las palabras de 'El Mayo' Zambada a 'Vicentillo' tras entregarse\" width=\"1920\" height=\"1080\" \/><p class=\"wp-caption-text\">El Vicentillo fue extraditado a Estados Unidos en febrero de 2010, con destino al Distrito Norte de Illinois, en Chicago. (Infobae)<\/p><\/div>\n<\/div>\n<p class=\"paragraph\" data-mrf-recirculation=\"Links inline\">El Vicentillo fue extraditado a Estados Unidos en\u00a0<b>febrero de 2010<\/b>, con destino al Distrito Norte de Illinois, en Chicago. Lo que ocurri\u00f3 despu\u00e9s sacudi\u00f3 al C\u00e1rtel de Sinaloa desde adentro: el hijo de El Mayo se convirti\u00f3 en\u00a0<b>testigo colaborador de la DEA<\/b>.<\/p>\n<p class=\"paragraph\" data-mrf-recirculation=\"Links inline\">El Vicentillo proporcion\u00f3 datos sobre operaciones del c\u00e1rtel, sobre organizaciones rivales, sobre familiares y sobre su propio padre. Fue sentenciado a 15 a\u00f1os de prisi\u00f3n en mayo de 2019, pero liberado antes de cumplirlos por su cooperaci\u00f3n. En abril de 2021 su nombre desapareci\u00f3 del registro de la Oficina de Prisiones de Estados Unidos.<\/p>\n<p class=\"paragraph\" data-mrf-recirculation=\"Links inline\">La fiscal\u00eda estadounidense prev\u00e9 que El Vicentillo figure en la lista de testigos potenciales contra su padre en la Corte Federal del Distrito Este de Nueva York. De concretarse, padre e hijo se ver\u00edan frente a frente en un tribunal.<\/p>\n<h2 id=\"el-traidor\" class=\"text-align-left vertical-align-top line-height-100 header headline-class-h2 headline\">El Traidor<\/h2>\n<p class=\"paragraph\" data-mrf-recirculation=\"Links inline\">En 2011, mientras El Vicentillo purgaba su condena en el Metropolitan Correctional Center de Chicago, escuch\u00f3 por radio una entrevista con la periodista Anabel Hern\u00e1ndez a prop\u00f3sito de su libro Los se\u00f1ores del narco. Decidi\u00f3 que era el momento de hablar. A trav\u00e9s de su abogado Fernando Gaxiola, le hizo llegar hojas escritas a mano desde su celda: su diario personal, en el que describ\u00eda operaciones, rutas, sobornos y nombres de funcionarios en la n\u00f3mina de su padre.<\/p>\n<div class=\"visual__image\"><picture><source srcset=\"https:\/\/www.infobae.com\/resizer\/v2\/3K4ZFRXVAVDT7K5AULIYOHBPMY.png?auth=7ed815c42f49d452297d19e4fbd95feea042a0e43ffe9403d0ba1a1426c70369&amp;smart=true&amp;width=992&amp;height=558&amp;quality=85\" media=\"(min-width: 1000px)\" \/><source srcset=\"https:\/\/www.infobae.com\/resizer\/v2\/3K4ZFRXVAVDT7K5AULIYOHBPMY.png?auth=7ed815c42f49d452297d19e4fbd95feea042a0e43ffe9403d0ba1a1426c70369&amp;smart=true&amp;width=768&amp;height=432&amp;quality=85\" media=\"(min-width: 768px)\" \/><source srcset=\"https:\/\/www.infobae.com\/resizer\/v2\/3K4ZFRXVAVDT7K5AULIYOHBPMY.png?auth=7ed815c42f49d452297d19e4fbd95feea042a0e43ffe9403d0ba1a1426c70369&amp;smart=true&amp;width=577&amp;height=325&amp;quality=85\" media=\"(min-width: 580px)\" \/><source srcset=\"https:\/\/www.infobae.com\/resizer\/v2\/3K4ZFRXVAVDT7K5AULIYOHBPMY.png?auth=7ed815c42f49d452297d19e4fbd95feea042a0e43ffe9403d0ba1a1426c70369&amp;smart=true&amp;width=420&amp;height=236&amp;quality=85\" media=\"(min-width: 350px)\" \/><source srcset=\"https:\/\/www.infobae.com\/resizer\/v2\/3K4ZFRXVAVDT7K5AULIYOHBPMY.png?auth=7ed815c42f49d452297d19e4fbd95feea042a0e43ffe9403d0ba1a1426c70369&amp;smart=true&amp;width=350&amp;height=197&amp;quality=85\" media=\"(min-width: 80px)\" \/><\/picture>\n<div style=\"width: 1930px\" class=\"wp-caption alignnone\"><img loading=\"lazy\" decoding=\"async\" class=\"global-image\" src=\"https:\/\/www.infobae.com\/resizer\/v2\/3K4ZFRXVAVDT7K5AULIYOHBPMY.png?auth=7ed815c42f49d452297d19e4fbd95feea042a0e43ffe9403d0ba1a1426c70369&amp;smart=true&amp;width=350&amp;height=197&amp;quality=85\" alt=\"El talento art\u00edstico de 'El Vicentillo' que pocos conoc\u00edan\" width=\"1920\" height=\"1080\" \/><p class=\"wp-caption-text\">El talento art\u00edstico de &#8216;El Vicentillo&#8217; que pocos conoc\u00edan (Infobae)<\/p><\/div>\n<\/div>\n<p class=\"paragraph\" data-mrf-recirculation=\"Links inline\">El material que Gaxiola entreg\u00f3 a Hern\u00e1ndez a lo largo de a\u00f1os fue la base del libro El Traidor. El diario secreto del hijo del Mayo (Grijalbo, 2019). En sus p\u00e1ginas, El Vicentillo afirma que El Mayo era el verdadero jefe del C\u00e1rtel de Sinaloa, por encima del Chapo, y que los sobornos mensuales a comandantes y funcionarios en los estados donde operaba el c\u00e1rtel superaban el mill\u00f3n de d\u00f3lares. Tambi\u00e9n describio acuerdos con militares de alto rango y se\u00f1ala presuntos v\u00ednculos con tres expresidentes: Vicente Fox, Felipe Calder\u00f3n y Enrique Pe\u00f1a Nieto.<\/p>\n<p class=\"paragraph\" data-mrf-recirculation=\"Links inline\">Son alegaciones del propio Vicentillo, no hechos probados en juicio. Una frase del diario resume la filosof\u00eda de El Mayo: \u201cMi pap\u00e1 dec\u00eda que los sobornos han sido tan costosos, incluido al Presidente, que a fin de cuentas trabajamos para el Gobierno\u201d.<\/p>\n<h2 id=\"la-voz-que-nadie-grabo\" class=\"text-align-left vertical-align-top line-height-100 header headline-class-h2 headline\">La voz que nadie grab\u00f3<\/h2>\n<p class=\"paragraph\" data-mrf-recirculation=\"Links inline\">Uno de los rasgos m\u00e1s documentados de Zambada es que no existe una sola grabaci\u00f3n conocida de su voz. Ni la DEA, ni la FGR, ni ning\u00fan otro organismo de inteligencia logr\u00f3 interceptar una llamada suya en m\u00e1s de cinco d\u00e9cadas de operaciones. El dato fue confirmado por el periodista especializado Jes\u00fas Esquivel en la serie documental \u201cLos m\u00e1s buscados del mundo\u201d, estrenada por Netflix en el a\u00f1o 2020.<\/p>\n<p class=\"paragraph\" data-mrf-recirculation=\"Links inline\">Zambada prohibi\u00f3 que sus subordinados pronunciaran su nombre. En las reuniones de m\u00e1s alto nivel del c\u00e1rtel no dec\u00eda una sola palabra: cuando necesitaba dar una orden, llamaba a un colaborador fuera del recinto y se la dictaba en privado. Us\u00f3 durante a\u00f1os al Chapo como intermediario p\u00fablico: todas las llamadas interceptadas, todas las negociaciones grabadas, todos los registros de voz que sirvieron de evidencia en el juicio de Nueva York fueron de Guzm\u00e1n Loera, nunca de Zambada. \u201cEntendi\u00f3 desde joven la importancia de pasar desapercibido\u201d, se\u00f1al\u00f3 Esquivel.<\/p>\n<p class=\"paragraph\" data-mrf-recirculation=\"Links inline\">Esa disciplina, m\u00e1s que cualquier operativo de seguridad, fue el verdadero escudo que lo mantuvo libre durante 35 a\u00f1os.<\/p>\n<h2 id=\"la-guerra-por-tijuana\" class=\"text-align-left vertical-align-top line-height-100 header headline-class-h2 headline\">La guerra por Tijuana<\/h2>\n<p class=\"paragraph\" data-mrf-recirculation=\"Links inline\">El C\u00e1rtel de Sinaloa libr\u00f3 simult\u00e1neamente otra disputa territorial igualmente sangrienta: la conquista de Tijuana, entonces controlada por el C\u00e1rtel de los Arellano F\u00e9lix. El conflicto entre ambas organizaciones arranc\u00f3 a principios de los a\u00f1os 90, cuando los hermanos Arellano F\u00e9lix intentaron asesinar a Zambada en al menos dos ocasiones, incluida una oferta de 3 millones de pesos por su cabeza.<\/p>\n<div class=\"visual__image\"><picture><source srcset=\"https:\/\/www.infobae.com\/resizer\/v2\/MYT5LQZHCVDSRMG4GK7ZZRWQYY.png?auth=551ab4096d0f7bbb606b30408079cafe38fa2a8263603b40b4d84fa6b7e12480&amp;smart=true&amp;width=992&amp;height=558&amp;quality=85\" media=\"(min-width: 1000px)\" \/><source srcset=\"https:\/\/www.infobae.com\/resizer\/v2\/MYT5LQZHCVDSRMG4GK7ZZRWQYY.png?auth=551ab4096d0f7bbb606b30408079cafe38fa2a8263603b40b4d84fa6b7e12480&amp;smart=true&amp;width=768&amp;height=432&amp;quality=85\" media=\"(min-width: 768px)\" \/><source srcset=\"https:\/\/www.infobae.com\/resizer\/v2\/MYT5LQZHCVDSRMG4GK7ZZRWQYY.png?auth=551ab4096d0f7bbb606b30408079cafe38fa2a8263603b40b4d84fa6b7e12480&amp;smart=true&amp;width=577&amp;height=325&amp;quality=85\" media=\"(min-width: 580px)\" \/><source srcset=\"https:\/\/www.infobae.com\/resizer\/v2\/MYT5LQZHCVDSRMG4GK7ZZRWQYY.png?auth=551ab4096d0f7bbb606b30408079cafe38fa2a8263603b40b4d84fa6b7e12480&amp;smart=true&amp;width=420&amp;height=236&amp;quality=85\" media=\"(min-width: 350px)\" \/><source srcset=\"https:\/\/www.infobae.com\/resizer\/v2\/MYT5LQZHCVDSRMG4GK7ZZRWQYY.png?auth=551ab4096d0f7bbb606b30408079cafe38fa2a8263603b40b4d84fa6b7e12480&amp;smart=true&amp;width=350&amp;height=197&amp;quality=85\" media=\"(min-width: 80px)\" \/><\/picture>\n<div style=\"width: 1930px\" class=\"wp-caption alignnone\"><img loading=\"lazy\" decoding=\"async\" class=\"global-image\" src=\"https:\/\/www.infobae.com\/resizer\/v2\/MYT5LQZHCVDSRMG4GK7ZZRWQYY.png?auth=551ab4096d0f7bbb606b30408079cafe38fa2a8263603b40b4d84fa6b7e12480&amp;smart=true&amp;width=350&amp;height=197&amp;quality=85\" alt=\"La vez que 'El Mayo' Zambada casi muere a manos de los Arellano F\u00e9lix\" width=\"1920\" height=\"1080\" \/><p class=\"wp-caption-text\">La vez que &#8216;El Mayo&#8217; Zambada casi muere a manos de los Arellano F\u00e9lix (Infobae)<\/p><\/div>\n<\/div>\n<p class=\"paragraph\" data-mrf-recirculation=\"Links inline\">El episodio que marc\u00f3 el punto de quiebre ocurri\u00f3 el 10 de febrero de 2002, durante el Carnaval de Mazatl\u00e1n. Ram\u00f3n Arellano F\u00e9lix, el brazo operativo del c\u00e1rtel, lleg\u00f3 a la ciudad con la intenci\u00f3n de asesinar a Zambada. Muri\u00f3 en un tiroteo con un polic\u00eda ministerial en la zona hotelera.<\/p>\n<p class=\"paragraph\" data-mrf-recirculation=\"Links inline\">Seg\u00fan documentos judiciales, fue El Chapo quien orden\u00f3 la parada de tr\u00e1fico que deriv\u00f3 en la muerte de Ram\u00f3n, aunque la versi\u00f3n oficial la atribuye a una revisi\u00f3n rutinaria. La disputa se extendi\u00f3 por casi dos d\u00e9cadas m\u00e1s.<\/p>\n<p class=\"paragraph\" data-mrf-recirculation=\"Links inline\">El quiebre definitivo lleg\u00f3 desde adentro. En 2008, cuando Eduardo Arellano F\u00e9lix fue detenido, Teodoro Garc\u00eda Simental, \u201cEl Teo\u201d, uno de los principales operadores del c\u00e1rtel tijuanense, rompi\u00f3 con la facci\u00f3n de Luis Fernando S\u00e1nchez Arellano y se ali\u00f3 con el C\u00e1rtel de Sinaloa.<\/p>\n<p class=\"paragraph\" data-mrf-recirculation=\"Links inline\">Desde Tijuana, donde sigui\u00f3 operando, desat\u00f3 una guerra interna que dispar\u00f3 los homicidios en la ciudad. Fue capturado en enero de 2010 en La Paz, Baja California Sur. Para entonces, el C\u00e1rtel de Sinaloa ya controlaba la plaza. Los hermanos Arzate Garc\u00eda, alineados con la facci\u00f3n de El Mayo, quedaron como jefes de plaza en la ciudad.<\/p>\n<h2 id=\"la-designacion-terrorista\" class=\"text-align-left vertical-align-top line-height-100 header headline-class-h2 headline\">La designaci\u00f3n terrorista<\/h2>\n<p class=\"paragraph\" data-mrf-recirculation=\"Links inline\">El 20 de febrero de 2025, el Departamento de Estado de Estados Unidos design\u00f3 formalmente al C\u00e1rtel de Sinaloa como organizaci\u00f3n terrorista extranjera (FTO) y como terrorista global especialmente designado (SDGT). La medida, impulsada por el gobierno de Donald Trump, tambi\u00e9n alcanz\u00f3 al C\u00e1rtel Jalisco Nueva Generaci\u00f3n, al C\u00e1rtel del Golfo, al C\u00e1rtel del Noreste, a los C\u00e1rteles Unidos y a la Nueva Familia Michoacana.<\/p>\n<p class=\"paragraph\" data-mrf-recirculation=\"Links inline\">Las consecuencias jur\u00eddicas son directas: cualquier persona o empresa bajo jurisdicci\u00f3n estadounidense que proporcione apoyo material a estas organizaciones, es decir, dinero, servicios, asesor\u00eda, transporte, comete un delito federal. Los activos de los integrantes designados quedan bloqueados en el sistema financiero de Estados Unidos.<\/p>\n<p class=\"paragraph\" data-mrf-recirculation=\"Links inline\">Sus miembros son inadmisibles en territorio norteamericano y pueden ser deportados si ya se encuentran en \u00e9l. Lo que hace el dato a\u00fan m\u00e1s llamativo es que El Mayo lo anticip\u00f3 con cuatro a\u00f1os de antelaci\u00f3n: en su conversaci\u00f3n con Diego Enrique Osorno .<\/p>\n<h2 id=\"la-captura:-la-traicion-del-ahijado-y-una-guerra-sin-fin\" class=\"text-align-left vertical-align-top line-height-100 header headline-class-h2 headline\">La captura: la traici\u00f3n del ahijado y una guerra sin fin<\/h2>\n<p class=\"paragraph\" data-mrf-recirculation=\"Links inline\">El 25 de julio de 2024,\u00a0<b>Ismael Zambada<\/b>\u00a0aterriz\u00f3 en un aer\u00f3dromo privado de\u00a0<b>Santa Teresa, Nuevo M\u00e9xico<\/b>, a bordo de un avi\u00f3n Beechcraft King Air. Lo acompa\u00f1aba\u00a0<b>Joaqu\u00edn Guzm\u00e1n L\u00f3pez<\/b>, hijo de El Chapo y ahijado del propio Zambada. Al bajar del avi\u00f3n, fue detenido por agentes del FBI.<\/p>\n<div class=\"visual__image\"><picture><source srcset=\"https:\/\/www.infobae.com\/resizer\/v2\/XOG4EWP5J5E2BC3HYTXT6DQW74.JPG?auth=3c888271d66f741f452b5c59f078c986fcb67f5adc563b79109b87bb447c87a7&amp;smart=true&amp;width=992&amp;height=661&amp;quality=85\" media=\"(min-width: 1000px)\" \/><source srcset=\"https:\/\/www.infobae.com\/resizer\/v2\/XOG4EWP5J5E2BC3HYTXT6DQW74.JPG?auth=3c888271d66f741f452b5c59f078c986fcb67f5adc563b79109b87bb447c87a7&amp;smart=true&amp;width=768&amp;height=512&amp;quality=85\" media=\"(min-width: 768px)\" \/><source srcset=\"https:\/\/www.infobae.com\/resizer\/v2\/XOG4EWP5J5E2BC3HYTXT6DQW74.JPG?auth=3c888271d66f741f452b5c59f078c986fcb67f5adc563b79109b87bb447c87a7&amp;smart=true&amp;width=577&amp;height=385&amp;quality=85\" media=\"(min-width: 580px)\" \/><source srcset=\"https:\/\/www.infobae.com\/resizer\/v2\/XOG4EWP5J5E2BC3HYTXT6DQW74.JPG?auth=3c888271d66f741f452b5c59f078c986fcb67f5adc563b79109b87bb447c87a7&amp;smart=true&amp;width=420&amp;height=280&amp;quality=85\" media=\"(min-width: 350px)\" \/><source srcset=\"https:\/\/www.infobae.com\/resizer\/v2\/XOG4EWP5J5E2BC3HYTXT6DQW74.JPG?auth=3c888271d66f741f452b5c59f078c986fcb67f5adc563b79109b87bb447c87a7&amp;smart=true&amp;width=350&amp;height=233&amp;quality=85\" media=\"(min-width: 80px)\" \/><\/picture>\n<div style=\"width: 4010px\" class=\"wp-caption alignnone\"><img loading=\"lazy\" decoding=\"async\" class=\"global-image\" src=\"https:\/\/www.infobae.com\/resizer\/v2\/XOG4EWP5J5E2BC3HYTXT6DQW74.JPG?auth=3c888271d66f741f452b5c59f078c986fcb67f5adc563b79109b87bb447c87a7&amp;smart=true&amp;width=350&amp;height=233&amp;quality=85\" alt=\"A photo of former Sinaloa Cartel leader Joaquin Guzman Lopez, the son of notorious narco leader &quot;El Chapo&quot; Guzman, being detained by federal agents is displayed next to a Beechcraft King Air aircraft, used in July 2024 to transport to the U.S. Ismael &quot;El Mayo&quot; Zambada and Guzman Lopez, at the War Eagles Air Museum, where the plane is on loan from the FBI, in Santa Teresa, New Mexico, U.S. July 9, 2026.  REUTERS\/Paul Ratje\" width=\"4000\" height=\"2667\" \/><p class=\"wp-caption-text\">A photo of former Sinaloa Cartel leader Joaquin Guzman Lopez, the son of notorious narco leader &#8220;El Chapo&#8221; Guzman, being detained by federal agents is displayed next to a Beechcraft King Air aircraft, used in July 2024 to transport to the U.S. Ismael &#8220;El Mayo&#8221; Zambada and Guzman Lopez, at the War Eagles Air Museum, where the plane is on loan from the FBI, in Santa Teresa, New Mexico, U.S. July 9, 2026. REUTERS\/Paul Ratje<\/p><\/div>\n<\/div>\n<p class=\"paragraph\" data-mrf-recirculation=\"Links inline\">Seg\u00fan la carta que el capo envi\u00f3 desde prisi\u00f3n, fue v\u00edctima de una trampa. Guzm\u00e1n L\u00f3pez le hizo creer que viajaban al norte de M\u00e9xico para inspeccionar posibles pistas de aterrizaje clandestinas. En cambio, lo subi\u00f3 a un avi\u00f3n rumbo a Estados Unidos. La\u00a0<b>Fiscal\u00eda General de la Rep\u00fablica (FGR)<\/b>\u00a0emiti\u00f3 una orden de aprehensi\u00f3n contra Guzm\u00e1n L\u00f3pez por el presunto secuestro y lo acus\u00f3 de traici\u00f3n a la patria.<\/p>\n<p class=\"paragraph\" data-mrf-recirculation=\"Links inline\">Durante la operaci\u00f3n, el pol\u00edtico sinaloense\u00a0<b>H\u00e9ctor Melesio Cu\u00e9n<\/b>, exrector de la Universidad Aut\u00f3noma de Sinaloa, fue asesinado. Dos escoltas de Zambada,\u00a0<b>Jos\u00e9 Rosario Heras L\u00f3pez<\/b>\u00a0y\u00a0<b>Rodolfo Cha\u00eddez<\/b>, desaparecieron y no han sido localizados. La FGR mantiene abiertas\u00a0<b>siete investigaciones<\/b>\u00a0y\u00a0<b>32 \u00f3rdenes de aprehensi\u00f3n<\/b>\u00a0vinculadas al caso.<\/p>\n<p class=\"paragraph\" data-mrf-recirculation=\"Links inline\">La ca\u00edda de Zambada desat\u00f3 de inmediato una guerra interna entre\u00a0<b>Los Chapitos<\/b>\u00a0y\u00a0<b>La Mayiza<\/b>, las dos facciones del C\u00e1rtel de Sinaloa. En sus primeros diez meses, ese conflicto dej\u00f3 m\u00e1s de\u00a0<b>mil 600 asesinados<\/b>,\u00a0<b>mil 800 desaparecidos<\/b>, m\u00e1s de 100 bloqueos carreteros, el incendio de m\u00e1s de 50 viviendas y el desplazamiento forzado de al menos\u00a0<b>3 mil familias<\/b>\u00a0en zonas rurales de Sinaloa.<\/p>\n<h2 id=\"la-carta-de-aceptacion\" class=\"text-align-left vertical-align-top line-height-100 header headline-class-h2 headline\">La carta de aceptaci\u00f3n<\/h2>\n<p class=\"paragraph\" data-mrf-recirculation=\"Links inline\">El pasado 6 de julio de 2026, el abogado Frank A. P\u00e9rez entreg\u00f3 al juez Brian M. Cogan un memorando de sentencia en nombre de Zambada. El texto central es directo: \u201cEl acusado Ismael Zambada Garc\u00eda se ha declarado culpable, plenamente consciente de que la consecuencia ser\u00e1 una sentencia obligatoria de cadena perpetua. \u00c9l acepta este resultado y no solicita al Tribunal que lo sentencie fuera de la ley\u201d.<\/p>\n<div class=\"visual__image\"><picture><source srcset=\"https:\/\/www.infobae.com\/resizer\/v2\/FLPIQWTXPVCBRGT64JHCR7CNB4.png?auth=7a956d1f794087f07cee2b35d05a473c42a9b52bcc95e6c85800a385b5a2ed28&amp;smart=true&amp;width=992&amp;height=554&amp;quality=85\" media=\"(min-width: 1000px)\" \/><source srcset=\"https:\/\/www.infobae.com\/resizer\/v2\/FLPIQWTXPVCBRGT64JHCR7CNB4.png?auth=7a956d1f794087f07cee2b35d05a473c42a9b52bcc95e6c85800a385b5a2ed28&amp;smart=true&amp;width=768&amp;height=429&amp;quality=85\" media=\"(min-width: 768px)\" \/><source srcset=\"https:\/\/www.infobae.com\/resizer\/v2\/FLPIQWTXPVCBRGT64JHCR7CNB4.png?auth=7a956d1f794087f07cee2b35d05a473c42a9b52bcc95e6c85800a385b5a2ed28&amp;smart=true&amp;width=577&amp;height=322&amp;quality=85\" media=\"(min-width: 580px)\" \/><source srcset=\"https:\/\/www.infobae.com\/resizer\/v2\/FLPIQWTXPVCBRGT64JHCR7CNB4.png?auth=7a956d1f794087f07cee2b35d05a473c42a9b52bcc95e6c85800a385b5a2ed28&amp;smart=true&amp;width=420&amp;height=234&amp;quality=85\" media=\"(min-width: 350px)\" \/><source srcset=\"https:\/\/www.infobae.com\/resizer\/v2\/FLPIQWTXPVCBRGT64JHCR7CNB4.png?auth=7a956d1f794087f07cee2b35d05a473c42a9b52bcc95e6c85800a385b5a2ed28&amp;smart=true&amp;width=350&amp;height=195&amp;quality=85\" media=\"(min-width: 80px)\" \/><\/picture>\n<div style=\"width: 2762px\" class=\"wp-caption alignnone\"><img loading=\"lazy\" decoding=\"async\" class=\"global-image\" src=\"https:\/\/www.infobae.com\/resizer\/v2\/FLPIQWTXPVCBRGT64JHCR7CNB4.png?auth=7a956d1f794087f07cee2b35d05a473c42a9b52bcc95e6c85800a385b5a2ed28&amp;smart=true&amp;width=350&amp;height=195&amp;quality=85\" alt=\"Retrato de Ismael 'El Mayo' Zambada, documento de 'Operation Air Kings', fotograf\u00eda de un avi\u00f3n en hangar y otra de personas descendiendo de un avi\u00f3n.\" width=\"2752\" height=\"1536\" \/><p class=\"wp-caption-text\">Un collage de im\u00e1genes muestra a Ismael &#8216;El Mayo&#8217; Zambada, el documento de la operaci\u00f3n Air Kings y aviones relacionados con su arresto en Nuevo M\u00e9xico. (Imagen Ilustrativa Infobae)<\/p><\/div>\n<\/div>\n<p class=\"paragraph\" data-mrf-recirculation=\"Links inline\">La defensa aclar\u00f3 adem\u00e1s que el capo no buscar\u00e1, ni en el futuro, ninguna reducci\u00f3n de condena, y que instruy\u00f3 a sus abogados desde el primer d\u00eda para no interponer mociones ni alargar el proceso. El \u00fanico pedido concreto es el penal: Zambada, de 76 a\u00f1os, padece diabetes, hipertensi\u00f3n y problemas en las rodillas, y solicita cumplir prisi\u00f3n de por vida en una instalaci\u00f3n m\u00e9dica federal.<\/p>\n<p class=\"paragraph\" data-mrf-recirculation=\"Links inline\">Este lunes 20 de julio, ante el mismo juez que conden\u00f3 al Chapo y a Garc\u00eda Luna, se dicta la sentencia formal.<\/p>\n<\/div>\n<\/div>\n<div class=\"display_flex align_items_center flex_row byline has-author follow-button-ctn\">\n<p class=\"display_flex authors-name-txt-ctn\">Con informaci\u00f3n de Infobae<\/p>\n<\/div>\n","protected":false},"excerpt":{"rendered":"<p>Su sentencia cerrar\u00e1 una historia de cinco d\u00e9cadas marcada por sobornos, guerras entre c\u00e1rteles y cr\u00edmenes documentados. Por Luis Fernando Ortiz Delgado El\u00a0Mayo Zambada, el cofundador del\u00a0C\u00e1rtel de Sinaloa\u00a0que eludi\u00f3 durante m\u00e1s de tres d\u00e9cadas a todas las autoridades del mundo, acumul\u00f3 a lo largo de su carrera criminal un rastro de masacres, corrupci\u00f3n institucional y ejecuciones ordenadas a sangre fr\u00eda que los tribunales estadounidenses documentaron con precisi\u00f3n. Hoy enfrenta cadena perpetua en\u00a0Nueva York\u00a0tras ser enga\u00f1ado y entregado por su propio ahijado. Su historia abarca cinco d\u00e9cadas de narcotr\u00e1fico, dos entrevistas clandestinas con periodistas mexicanos y una guerra interna que, [&hellip;]<\/p>\n","protected":false},"author":3,"featured_media":149750,"comment_status":"open","ping_status":"open","sticky":false,"template":"","format":"standard","meta":{"_jetpack_newsletter_access":"","_jetpack_dont_email_post_to_subs":false,"_jetpack_newsletter_tier_id":0,"_jetpack_memberships_contains_paywalled_content":false,"_jetpack_feature_clip_id":0,"_jetpack_memberships_contains_paid_content":false,"footnotes":"","jetpack_publicize_message":"","jetpack_publicize_feature_enabled":true,"jetpack_social_post_already_shared":true,"jetpack_social_options":{"image_generator_settings":{"template":"highway","default_image_id":0,"font":"","enabled":false},"version":2},"jetpack_post_was_ever_published":false},"categories":[90],"tags":[],"class_list":["post-149745","post","type-post","status-publish","format-standard","has-post-thumbnail","hentry","category-estatal","post--single"],"jetpack_publicize_connections":[],"jetpack_featured_media_url":"https:\/\/ovelanalista.com\/wp-content\/uploads\/2026\/07\/Captura-de-pantalla-2026-07-20-a-las-8.44.02-a.m.png","jetpack_sharing_enabled":true,"_links":{"self":[{"href":"https:\/\/ovelanalista.com\/index.php?rest_route=\/wp\/v2\/posts\/149745","targetHints":{"allow":["GET"]}}],"collection":[{"href":"https:\/\/ovelanalista.com\/index.php?rest_route=\/wp\/v2\/posts"}],"about":[{"href":"https:\/\/ovelanalista.com\/index.php?rest_route=\/wp\/v2\/types\/post"}],"author":[{"embeddable":true,"href":"https:\/\/ovelanalista.com\/index.php?rest_route=\/wp\/v2\/users\/3"}],"replies":[{"embeddable":true,"href":"https:\/\/ovelanalista.com\/index.php?rest_route=%2Fwp%2Fv2%2Fcomments&post=149745"}],"version-history":[{"count":1,"href":"https:\/\/ovelanalista.com\/index.php?rest_route=\/wp\/v2\/posts\/149745\/revisions"}],"predecessor-version":[{"id":149751,"href":"https:\/\/ovelanalista.com\/index.php?rest_route=\/wp\/v2\/posts\/149745\/revisions\/149751"}],"wp:featuredmedia":[{"embeddable":true,"href":"https:\/\/ovelanalista.com\/index.php?rest_route=\/wp\/v2\/media\/149750"}],"wp:attachment":[{"href":"https:\/\/ovelanalista.com\/index.php?rest_route=%2Fwp%2Fv2%2Fmedia&parent=149745"}],"wp:term":[{"taxonomy":"category","embeddable":true,"href":"https:\/\/ovelanalista.com\/index.php?rest_route=%2Fwp%2Fv2%2Fcategories&post=149745"},{"taxonomy":"post_tag","embeddable":true,"href":"https:\/\/ovelanalista.com\/index.php?rest_route=%2Fwp%2Fv2%2Ftags&post=149745"}],"curies":[{"name":"wp","href":"https:\/\/api.w.org\/{rel}","templated":true}]}}