{"id":149746,"date":"2026-07-20T10:30:06","date_gmt":"2026-07-20T17:30:06","guid":{"rendered":"https:\/\/ovelanalista.com\/?p=149746"},"modified":"2026-07-20T08:49:21","modified_gmt":"2026-07-20T15:49:21","slug":"el-capo-ismael-el-mayo-zambada-lider-del-cartel-de-sinaloa-sera-condenado-en-corte-de-ny","status":"publish","type":"post","link":"https:\/\/ovelanalista.com\/?p=149746","title":{"rendered":"El capo Ismael &#8216;El Mayo&#8217; Zambada, l\u00edder del C\u00e1rtel de Sinaloa, ser\u00e1 condenado en corte de NY"},"content":{"rendered":"<p>El capo mexicano Ismael \u201cEl Mayo\u201d Zambada ser\u00e1 sentenciado este lunes a cadena perpetua en un tribunal de Brooklyn, un castigo garantizado tras declararse culpable el a\u00f1o pasado de cargos de narcotr\u00e1fico.<\/p>\n<blockquote><p>La sentencia de Zambada en el tribunal federal de Brooklyn culmina la lucha de a\u00f1os del gobierno estadounidense por llevar ante la justicia al cofundador del c\u00e1rtel de Sinaloa, que durante mucho tiempo logr\u00f3 eludir la detenci\u00f3n.<\/p><\/blockquote>\n<p><span class=\"pullquote\"><span dir=\"auto\">La sentencia de Zambada en el tribunal federal de Brooklyn culmina la lucha de a\u00f1os del gobierno estadounidense por llevar ante la justicia al cofundador del c\u00e1rtel de Sinaloa, que durante mucho tiempo logr\u00f3 eludir la detenci\u00f3n.<\/span><\/span><\/p>\n<p><span dir=\"auto\">Fue arrestado en 2024 despu\u00e9s de decir que lo secuestraron en M\u00e9xico y lo trasladaron en avi\u00f3n a Texas.<\/span><\/p>\n<p><span dir=\"auto\">Zambada, de 76 a\u00f1os, orden\u00f3 torturas y plane\u00f3 asesinatos mientras \u00e9l y el cofundador del c\u00e1rtel, Joaqu\u00edn \u201cEl Chapo\u201d Guzm\u00e1n, se convirti\u00f3 en la mayor organizaci\u00f3n de tr\u00e1fico de drogas del mundo e inund\u00f3 Estados Unidos con toneladas de coca\u00edna, fentanilo, metanfetamina y otras drogas, dijeron los fiscales.<\/span><\/p>\n<p><span dir=\"auto\">\u201cEl Mayo\u201d era considerado el estratega y negociador del c\u00e1rtel y estaba m\u00e1s involucrado en sus operaciones cotidianas que Guzm\u00e1n, quien fue declarado culpable en 2019 y cumple cadena perpetua en la prisi\u00f3n federal Supermax en Florence, Colorado.<\/span><\/p>\n<blockquote><p>Zambada se declar\u00f3 culpable en agosto de 2025 despu\u00e9s de que los fiscales dijeron que no intentar\u00edan obtener la imposici\u00f3n de la pena de muerte.<\/p><\/blockquote>\n<p><span class=\"pullquote\"><span dir=\"auto\">Zambada se declar\u00f3 culpable en agosto de 2025 despu\u00e9s de que los fiscales dijeron que no intentar\u00edan obtener la imposici\u00f3n de la pena de muerte.<\/span><\/span><\/p>\n<p><span dir=\"auto\">En declaraciones a un int\u00e9rprete, se disculp\u00f3 con todos los que han sufrido o se han visto afectados por sus acciones.<\/span><\/p>\n<p><span dir=\"auto\">Ha pedido cumplir su condena en un hospital penitenciario. \u00c9l alega que \u201clidia con una serie de complejos problemas de salud relacionados con la edad\u201d y \u201cnecesitar\u00e1 acceso continuo a atenci\u00f3n m\u00e9dica\u201d, expres\u00f3 su abogado Frank Perez en un informe sobre la sentencia.<\/span><\/p>\n<p><span dir=\"auto\">Los fiscales federales le pidieron al juez Brian M. Cogan que tome en cuenta \u201clos graves riesgos de seguridad continuos\u201d que representa \u201cEl Mayo\u201d, alegando que algunas instalaciones \u201cpodr\u00edan no ser apropiadas para las preocupaciones de seguridad que se presentan\u201d.<\/span><\/p>\n<p><span dir=\"auto\">Los jueces suelen hacer recomendaciones sobre d\u00f3nde deben cumplir su condena los reclusos, pero la decisi\u00f3n final le corresponde a la Oficina Federal de Prisiones.<\/span><\/p>\n<blockquote><p>Zambada \u201cfue uno de los narcotraficantes m\u00e1s prol\u00edficos y poderosos del mundo, si no el que m\u00e1s\u201d, afirmaron los fiscales en un escrito de sentencia.<\/p><\/blockquote>\n<p><span class=\"pullquote\"><span dir=\"auto\">Zambada \u201cfue uno de los narcotraficantes m\u00e1s prol\u00edficos y poderosos del mundo, si no el que m\u00e1s\u201d, afirmaron los fiscales en un escrito de sentencia.<\/span><\/span><\/p>\n<p><span dir=\"auto\">\u201cSer\u00eda dif\u00edcil exagerar la magnitud\u201d de sus delitos y la escalada de la \u201ccorrupci\u00f3n, la violencia y otros da\u00f1os que propagaron por M\u00e9xico, Estados Unidos y el mundo\u201d.<\/span><\/p>\n<p><span dir=\"auto\">Adem\u00e1s de la cadena perpetua, tambi\u00e9n enfrenta sanciones financieras por 15.000 millones de d\u00f3lares, que, seg\u00fan los fiscales, reflejan las ganancias derivadas de los delitos del c\u00e1rtel bajo su liderazgo.<\/span><\/p>\n<div class=\"article-byline-information\"><span dir=\"auto\">POR\u00a0<\/span><span class=\"article-byline-reporter-list\"><span dir=\"auto\">Spectrum Noticias\u00a0<\/span><\/span><span class=\"article-location\"><span dir=\"auto\">Nueva York<\/span><\/span><\/div>\n","protected":false},"excerpt":{"rendered":"<p>El capo mexicano Ismael \u201cEl Mayo\u201d Zambada ser\u00e1 sentenciado este lunes a cadena perpetua en un tribunal de Brooklyn, un castigo garantizado tras declararse culpable el a\u00f1o pasado de cargos de narcotr\u00e1fico. La sentencia de Zambada en el tribunal federal de Brooklyn culmina la lucha de a\u00f1os del gobierno estadounidense por llevar ante la justicia al cofundador del c\u00e1rtel de Sinaloa, que durante mucho tiempo logr\u00f3 eludir la detenci\u00f3n. La sentencia de Zambada en el tribunal federal de Brooklyn culmina la lucha de a\u00f1os del gobierno estadounidense por llevar ante la justicia al cofundador del c\u00e1rtel de Sinaloa, que durante [&hellip;]<\/p>\n","protected":false},"author":3,"featured_media":114963,"comment_status":"open","ping_status":"open","sticky":false,"template":"","format":"standard","meta":{"_jetpack_newsletter_access":"","_jetpack_dont_email_post_to_subs":false,"_jetpack_newsletter_tier_id":0,"_jetpack_memberships_contains_paywalled_content":false,"_jetpack_feature_clip_id":0,"_jetpack_memberships_contains_paid_content":false,"footnotes":"","jetpack_publicize_message":"","jetpack_publicize_feature_enabled":true,"jetpack_social_post_already_shared":true,"jetpack_social_options":{"image_generator_settings":{"template":"highway","default_image_id":0,"font":"","enabled":false},"version":2},"jetpack_post_was_ever_published":false},"categories":[90,75],"tags":[],"class_list":["post-149746","post","type-post","status-publish","format-standard","has-post-thumbnail","hentry","category-estatal","category-nacional","post--single"],"jetpack_publicize_connections":[],"jetpack_featured_media_url":"https:\/\/ovelanalista.com\/wp-content\/uploads\/2025\/02\/ismael-mayo-zambada-eeuu.webp","jetpack_sharing_enabled":true,"_links":{"self":[{"href":"https:\/\/ovelanalista.com\/index.php?rest_route=\/wp\/v2\/posts\/149746","targetHints":{"allow":["GET"]}}],"collection":[{"href":"https:\/\/ovelanalista.com\/index.php?rest_route=\/wp\/v2\/posts"}],"about":[{"href":"https:\/\/ovelanalista.com\/index.php?rest_route=\/wp\/v2\/types\/post"}],"author":[{"embeddable":true,"href":"https:\/\/ovelanalista.com\/index.php?rest_route=\/wp\/v2\/users\/3"}],"replies":[{"embeddable":true,"href":"https:\/\/ovelanalista.com\/index.php?rest_route=%2Fwp%2Fv2%2Fcomments&post=149746"}],"version-history":[{"count":1,"href":"https:\/\/ovelanalista.com\/index.php?rest_route=\/wp\/v2\/posts\/149746\/revisions"}],"predecessor-version":[{"id":149752,"href":"https:\/\/ovelanalista.com\/index.php?rest_route=\/wp\/v2\/posts\/149746\/revisions\/149752"}],"wp:featuredmedia":[{"embeddable":true,"href":"https:\/\/ovelanalista.com\/index.php?rest_route=\/wp\/v2\/media\/114963"}],"wp:attachment":[{"href":"https:\/\/ovelanalista.com\/index.php?rest_route=%2Fwp%2Fv2%2Fmedia&parent=149746"}],"wp:term":[{"taxonomy":"category","embeddable":true,"href":"https:\/\/ovelanalista.com\/index.php?rest_route=%2Fwp%2Fv2%2Fcategories&post=149746"},{"taxonomy":"post_tag","embeddable":true,"href":"https:\/\/ovelanalista.com\/index.php?rest_route=%2Fwp%2Fv2%2Ftags&post=149746"}],"curies":[{"name":"wp","href":"https:\/\/api.w.org\/{rel}","templated":true}]}}