{"id":149747,"date":"2026-07-20T11:00:29","date_gmt":"2026-07-20T18:00:29","guid":{"rendered":"https:\/\/ovelanalista.com\/?p=149747"},"modified":"2026-07-20T08:52:18","modified_gmt":"2026-07-20T15:52:18","slug":"que-paso-con-el-mayo-zambada-claves-para-entender-su-sentencia-de-prision-de-por-vida-en-eu-una-traicion-lo-llevo-a-la-carcel-hoy-acepta-que-no-merece-compasion","status":"publish","type":"post","link":"https:\/\/ovelanalista.com\/?p=149747","title":{"rendered":"\u00bfQu\u00e9 pas\u00f3 con &#8216;El Mayo&#8217; Zambada? Claves para entender su sentencia de prisi\u00f3n de por vida en EU: una traici\u00f3n lo llev\u00f3 a la c\u00e1rcel, hoy acepta que no merece compasi\u00f3n"},"content":{"rendered":"<div class=\"nd-title-headline-title-headline-base\" data-cdn=\"https:\/\/www.milenio.com\/dist\/images\/placeholder\/300x352.jpg\">\n<p class=\"nd-title-headline-title-headline-base__abstract\"><strong>El otrora l\u00edder del C\u00e1rtel de Sinaloa recibi\u00f3 su sentencia dos a\u00f1os despu\u00e9s de ser capturado por autoridades estadunidenses.<\/strong><\/p>\n<p><span class=\"author\" data-mrf-recirculation=\"Nota Autor\"><a href=\"https:\/\/www.milenio.com\/autores\/rubi-martinez\" rel=\"author\" data-mrf-link=\"https:\/\/www.milenio.com\/autores\/rubi-martinez\">Rubi Martinez<\/a><\/span><\/p>\n<div>Ismael &#8216;El Mayo&#8217; Zambada, cofundador y exl\u00edder del C\u00e1rtel de Sinaloa, fue condenado este 20 de julio de 2026 a cadena perpetua tras declararse culpable en Estados Unidos de dos cargos por crimen organizado.<\/div>\n<div><\/div>\n<div>La sentencia en contra de uno de los narcotraficantes mexicanos m\u00e1s buscados durante d\u00e9cadas se revel\u00f3 este 20 de julio de 2026 en la Corte Federal del Distrito Este de Nueva York.<\/div>\n<\/div>\n<div><\/div>\n<div>\n<div>Los hechos ocurren casi dos a\u00f1os despu\u00e9s de su detenci\u00f3n en El Paso, Texas, y a m\u00e1s de nueve a\u00f1os de que el mismo juez, Brian M. Cogan, conden\u00f3 a cadena perpetua a su antiguo socio, Joaqu\u00edn &#8216;El Chapo&#8217; Guzm\u00e1n.<\/div>\n<div><\/div>\n<div>La ca\u00edda de &#8216;El Mayo&#8217; Zambada<\/div>\n<div>El 25 de julio de 2024, agentes del Bur\u00f3 Federal de Investigaciones (FBI, por sus siglas en ingl\u00e9s) detuvieron a Zambada Garc\u00eda en una pista a\u00e9rea de Santa Teresa, Nuevo M\u00e9xico.<\/div>\n<div><\/div>\n<div>Junto a \u00e9l fue detenido Joaqu\u00edn Guzm\u00e1n L\u00f3pez, hijo de &#8216;El Chapo&#8217; Guzm\u00e1n y uno de los miembros clave de Los Chapitos, facci\u00f3n del C\u00e1rtel de Sinaloa, a quien el propio Zambada Garc\u00eda acus\u00f3 de haberlo privado de la libertad y trasladado contra su voluntad.<\/div>\n<div><\/div>\n<div>Ambos narcotraficantes arribaron a territorio estadunidense a bordo de una Beechcraft King Air 200 piloteada por Alejandro Ojeda \u00c1vila, mejor conocido como Mauro Alberto N\u00fa\u00f1ez Ojeda o El Jando, seg\u00fan confirm\u00f3 la Fiscal\u00eda General de la Rep\u00fablica (FGR) el pasado 15 de julio de 2026.<\/div>\n<div><\/div>\n<div>Un a\u00f1o despu\u00e9s, &#8216;El Mayo&#8217; se declar\u00f3 culpable<\/div>\n<div>En octubre de 2024, tres meses despu\u00e9s de su detenci\u00f3n, &#8216;El Mayo&#8217; Zambada fue trasladado a Brooklyn, Nueva York, y presentado ante el juez Brian M. Cogan.<\/div>\n<div><\/div>\n<div>Tras varios meses de negociaci\u00f3n con la justicia estadunidense, el otrora narcotraficante se declar\u00f3 culpable de dos cargos por crimen organizado el 25 de agosto de 2025.<\/div>\n<div><\/div>\n<div>A pesar de que enfrentaba 17 cargos relacionados con narcotr\u00e1fico, lavado de dinero y uso de armas de fuego, Zambada Garc\u00eda \u00fanicamente acept\u00f3 la responsabilidad de dos cargos ante el juez Cogan.<\/div>\n<div><\/div>\n<div>&#8220;Pido perd\u00f3n a todos los que han sufrido o se han visto afectados por mis acciones&#8221;, declar\u00f3.<\/div>\n<\/div>\n<div><\/div>\n<div>\n<div>76 a\u00f1os y m\u00faltiples enfermedades: la salud de &#8216;El Mayo&#8217; Zambada en la sentencia<\/div>\n<div>El 6 de julio de 2026, el abogado de Zambada Garc\u00eda, Frank A. P\u00e9rez, present\u00f3 un memor\u00e1ndum ante la Corte Federal de Brooklyn en la que indic\u00f3 que su cliente era consciente de que ser\u00eda condenado a cadena perpetua, por lo que ped\u00eda una sola petici\u00f3n.<\/div>\n<div><\/div>\n<div>De acuerdo con el documento de 12 p\u00e1ginas, &#8216;El Mayo&#8217; Zambada solicit\u00f3 al juez Cogan cumplir su condena en un centro penitenciario especializado en atenci\u00f3n m\u00e9dica a ra\u00edz de las m\u00faltiples enfermedades que padece.<\/div>\n<div><\/div>\n<div>Aunque las afecciones m\u00e9dicas que padece el exl\u00edder del C\u00e1rtel de Sinaloa no fueron reveladas, su defensa legal se\u00f1al\u00f3 que la mayor\u00eda son progresivas y probablemente se agraven con el paso del tiempo.<\/div>\n<div><\/div>\n<div><\/div>\n<div>\u00bfQu\u00e9 se dijo en la audiencia de sentencia en contra de &#8216;El Mayo&#8217; Zambada?<\/div>\n<div>La audiencia de sentencia en contra de Zambada Garc\u00eda se llev\u00f3 a cabo en la sala 10-A Sur de la corte de Brooklyn, Nueva York, en punto de las 10:30 horas de este lunes.<\/div>\n<div><\/div>\n<div>De acuerdo con el periodista \u00c1ngel Hern\u00e1ndez, ley\u00f3 una carta donde asegur\u00f3 aceptar su responsabilidad e hizo un llamado a que se detenga la violencia por el crimen organizado.<\/div>\n<div><\/div>\n<div>\u201cAcepto mi castigo, no estoy aqu\u00ed para pedir compasi\u00f3n. Estoy aqu\u00ed para aceptar mi responsabilidad y pedir perd\u00f3n\u201d.<\/div>\n<div>Tal como se dictamin\u00f3 en la audiencia del 25 de agosto de 2025, se reiter\u00f3 que &#8216;El Mayo&#8217; deber\u00e1 pagar 15 mil millones de d\u00f3lares como parte de su acuerdo de culpabilidad con la justicia estadunidense.<\/div>\n<div><\/div>\n<div>Al respecto de la petici\u00f3n del exnarcotraficante, el juez Cogan inform\u00f3 que el tribunal recomendar\u00e1 que el Bur\u00f3 Federal de Prisiones (BOP) tenga en cuenta el deterioro de su salud, pues tanto la defensa como el gobierno est\u00e1n al tanto de sus enfermedades, se\u00f1al\u00f3 el periodista Keegan Hamilton.<\/div>\n<div><\/div>\n<div><\/div>\n<div>Con informaci\u00f3n de Milenio<\/div>\n<\/div>\n<div class=\"nd-title-headline-title-headline-base\" data-cdn=\"https:\/\/www.milenio.com\/dist\/images\/placeholder\/300x352.jpg\">\n<div><\/div>\n<\/div>\n<section class=\"nd-media-detail-base\">\n<div class=\"nd-media-detail-base__slide\"><picture class=\"nd-media-detail-base__picture img-container\"><source srcset=\"https:\/\/images.milenio.com\/TMP7ZkC0wrQ_jVNIVULQ_dyjsAs=\/942x532\/uploads\/media\/2026\/07\/20\/defensa-legal-mayo-zambada-revelo.jpg\" media=\"(min-width: 968px)\" \/><\/picture>\n<div id=\"st-9c3871f5-56ca-40a0-b7a0-667d1e85da00\">\n<div id=\"standard_1\" class=\"st-placement inImageRestricted standard_1\">\n<div class=\"st-adunit st-adunit-tagged st-adunit-inimagerestricted st-reset st-show goku\" data-testid=\"adunit\"><\/div>\n<\/div>\n<\/div>\n<\/div>\n<\/section>\n","protected":false},"excerpt":{"rendered":"<p>El otrora l\u00edder del C\u00e1rtel de Sinaloa recibi\u00f3 su sentencia dos a\u00f1os despu\u00e9s de ser capturado por autoridades estadunidenses. Rubi Martinez Ismael &#8216;El Mayo&#8217; Zambada, cofundador y exl\u00edder del C\u00e1rtel de Sinaloa, fue condenado este 20 de julio de 2026 a cadena perpetua tras declararse culpable en Estados Unidos de dos cargos por crimen organizado. La sentencia en contra de uno de los narcotraficantes mexicanos m\u00e1s buscados durante d\u00e9cadas se revel\u00f3 este 20 de julio de 2026 en la Corte Federal del Distrito Este de Nueva York. Los hechos ocurren casi dos a\u00f1os despu\u00e9s de su detenci\u00f3n en El Paso, [&hellip;]<\/p>\n","protected":false},"author":3,"featured_media":149753,"comment_status":"open","ping_status":"open","sticky":false,"template":"","format":"standard","meta":{"_jetpack_newsletter_access":"","_jetpack_dont_email_post_to_subs":false,"_jetpack_newsletter_tier_id":0,"_jetpack_memberships_contains_paywalled_content":false,"_jetpack_feature_clip_id":0,"_jetpack_memberships_contains_paid_content":false,"footnotes":"","jetpack_publicize_message":"","jetpack_publicize_feature_enabled":true,"jetpack_social_post_already_shared":true,"jetpack_social_options":{"image_generator_settings":{"template":"highway","default_image_id":0,"font":"","enabled":false},"version":2},"jetpack_post_was_ever_published":false},"categories":[90,89,75],"tags":[],"class_list":["post-149747","post","type-post","status-publish","format-standard","has-post-thumbnail","hentry","category-estatal","category-internacional","category-nacional","post--single"],"jetpack_publicize_connections":[],"jetpack_featured_media_url":"https:\/\/ovelanalista.com\/wp-content\/uploads\/2026\/07\/defensa-legal-mayo-zambada-revelo.webp","jetpack_sharing_enabled":true,"_links":{"self":[{"href":"https:\/\/ovelanalista.com\/index.php?rest_route=\/wp\/v2\/posts\/149747","targetHints":{"allow":["GET"]}}],"collection":[{"href":"https:\/\/ovelanalista.com\/index.php?rest_route=\/wp\/v2\/posts"}],"about":[{"href":"https:\/\/ovelanalista.com\/index.php?rest_route=\/wp\/v2\/types\/post"}],"author":[{"embeddable":true,"href":"https:\/\/ovelanalista.com\/index.php?rest_route=\/wp\/v2\/users\/3"}],"replies":[{"embeddable":true,"href":"https:\/\/ovelanalista.com\/index.php?rest_route=%2Fwp%2Fv2%2Fcomments&post=149747"}],"version-history":[{"count":1,"href":"https:\/\/ovelanalista.com\/index.php?rest_route=\/wp\/v2\/posts\/149747\/revisions"}],"predecessor-version":[{"id":149754,"href":"https:\/\/ovelanalista.com\/index.php?rest_route=\/wp\/v2\/posts\/149747\/revisions\/149754"}],"wp:featuredmedia":[{"embeddable":true,"href":"https:\/\/ovelanalista.com\/index.php?rest_route=\/wp\/v2\/media\/149753"}],"wp:attachment":[{"href":"https:\/\/ovelanalista.com\/index.php?rest_route=%2Fwp%2Fv2%2Fmedia&parent=149747"}],"wp:term":[{"taxonomy":"category","embeddable":true,"href":"https:\/\/ovelanalista.com\/index.php?rest_route=%2Fwp%2Fv2%2Fcategories&post=149747"},{"taxonomy":"post_tag","embeddable":true,"href":"https:\/\/ovelanalista.com\/index.php?rest_route=%2Fwp%2Fv2%2Ftags&post=149747"}],"curies":[{"name":"wp","href":"https:\/\/api.w.org\/{rel}","templated":true}]}}